{"id":2269,"date":"2025-04-03T23:57:02","date_gmt":"2025-04-03T23:57:02","guid":{"rendered":"https:\/\/www.rengoenlanoticia.cl\/prensa\/?p=2269"},"modified":"2025-04-04T00:02:37","modified_gmt":"2025-04-04T00:02:37","slug":"seremi-de-gobierno-realiza-capacitaciones-del-fondo-de-medios-2025-en-las-tres-provincias-de-la-region","status":"publish","type":"post","link":"https:\/\/www.rengoenlanoticia.cl\/prensa\/2025\/04\/03\/seremi-de-gobierno-realiza-capacitaciones-del-fondo-de-medios-2025-en-las-tres-provincias-de-la-region\/","title":{"rendered":"Seremi de Gobierno realiza capacitaciones del Fondo de Medios 2025 en las tres provincias de la regi\u00f3n"},"content":{"rendered":"\n<p><\/p>\n\n\n\n<p>Con el objetivo de informar y orientar sobre el proceso de postulaci\u00f3n al Fondo de Fomento de Medios de Comunicaci\u00f3n Social 2025, el equipo de la Seremi de Gobierno recorri\u00f3 las tres provincias de la regi\u00f3n, llevando a cabo capacitaciones dirigidas a periodistas, reporteros y representantes de medios de comunicaci\u00f3n.<\/p>\n\n\n\n<p>Las jornadas se realizaron en Pichilemu, Santa Cruz, San Fernando, Rengo y Rancagua, donde los asistentes pudieron conocer en detalle los requisitos y procedimientos para postular sus proyectos, adem\u00e1s de resolver dudas directamente con el equipo de la Seremi.<\/p>\n\n\n\n<p>\u201cConcluimos este recorrido en San Fernando, donde sostuvimos un fruct\u00edfero di\u00e1logo con los medios locales y entregamos informaci\u00f3n clave para que la postulaci\u00f3n al Fondo de Medios 2025 sea lo m\u00e1s amplia y participativa posible. Esperamos que esta iniciativa haya sido un aporte significativo para los medios de comunicaci\u00f3n de O&#8217;Higgins\u201d, destac\u00f3 el Seremi de Gobierno, Carlos Carrasco.<\/p>\n\n\n\n<h3 id=\"fondo-de-medios-2025-apoyo-a-la-prensa-regional\" class=\"wp-block-heading\"><strong>Fondo de Medios 2025: apoyo a la prensa regional<\/strong><\/h3>\n\n\n\n<p>Este programa tiene como finalidad fortalecer el papel de los medios de comunicaci\u00f3n en las regiones, promoviendo la identidad local y abordando temas de inter\u00e9s comunitario. Para este a\u00f1o, el fondo cuenta con un presupuesto nacional de $2.443 millones, de los cuales $132.848.163 estar\u00e1n destinados a la Regi\u00f3n de O&#8217;Higgins.<\/p>\n\n\n\n<p>Bajo el lema&nbsp;<em>\u00abLa fuerza de las ideas mueve\u00bb<\/em>&nbsp;, la convocatoria financiar\u00e1 proyectos de medios regionales, provinciales y comunales que contribuyan al desarrollo social y cultural de sus comunidades.<\/p>\n\n\n\n<figure class=\"wp-block-image size-full\"><img loading=\"lazy\" decoding=\"async\" width=\"1024\" height=\"714\" src=\"https:\/\/www.rengoenlanoticia.cl\/prensa\/wp-content\/uploads\/2025\/04\/20250321_104409.jpg\" alt=\"\" class=\"wp-image-2271\" srcset=\"https:\/\/www.rengoenlanoticia.cl\/prensa\/wp-content\/uploads\/2025\/04\/20250321_104409.jpg 1024w, https:\/\/www.rengoenlanoticia.cl\/prensa\/wp-content\/uploads\/2025\/04\/20250321_104409-300x209.jpg 300w, https:\/\/www.rengoenlanoticia.cl\/prensa\/wp-content\/uploads\/2025\/04\/20250321_104409-768x536.jpg 768w, https:\/\/www.rengoenlanoticia.cl\/prensa\/wp-content\/uploads\/2025\/04\/20250321_104409-110x77.jpg 110w, https:\/\/www.rengoenlanoticia.cl\/prensa\/wp-content\/uploads\/2025\/04\/20250321_104409-200x139.jpg 200w, https:\/\/www.rengoenlanoticia.cl\/prensa\/wp-content\/uploads\/2025\/04\/20250321_104409-380x265.jpg 380w, https:\/\/www.rengoenlanoticia.cl\/prensa\/wp-content\/uploads\/2025\/04\/20250321_104409-255x178.jpg 255w, https:\/\/www.rengoenlanoticia.cl\/prensa\/wp-content\/uploads\/2025\/04\/20250321_104409-550x383.jpg 550w, https:\/\/www.rengoenlanoticia.cl\/prensa\/wp-content\/uploads\/2025\/04\/20250321_104409-800x558.jpg 800w\" sizes=\"auto, (max-width: 1024px) 100vw, 1024px\" \/><\/figure>\n\n\n\n<p>\u00abQueremos potenciar a los medios locales, permiti\u00e9ndoles desarrollar iniciativas period\u00edsticas que beneficien a sus territorios. Este fondo es una herramienta clave para fortalecer el acceso a la informaci\u00f3n y fomentar la participaci\u00f3n ciudadana\u00bb, agreg\u00f3 el vocero de Gobierno.<\/p>\n\n\n\n<h3 id=\"quienes-pueden-postular\" class=\"wp-block-heading\"><strong>\u00bfQui\u00e9nes pueden postular?<\/strong><\/h3>\n\n\n\n<p>Podr\u00e1n postular medios de comunicaci\u00f3n con presencia estable en la regi\u00f3n y que difundan informaci\u00f3n de manera peri\u00f3dica en formatos como prensa escrita, radio, televisi\u00f3n abierta o por cable, medios digitales y otras plataformas reconocidas por la legislaci\u00f3n vigente.<\/p>\n\n\n\n<h3 id=\"tematicas-y-plazos-de-postulacion\" class=\"wp-block-heading\"><strong>Tem\u00e1ticas y plazos de postulaci\u00f3n<\/strong><\/h3>\n\n\n\n<p>Los proyectos pueden abordar diversas \u00e1reas, tales como:<\/p>\n\n\n\n<p><img width=\"32\" height=\"32\" alt=\"&#x2714;&#xfe0f;\">Arte y cultura regional<br><img width=\"32\" height=\"32\" alt=\"&#x2714;&#xfe0f;\">&nbsp;Educaci\u00f3n y formaci\u00f3n ciudadana.<br><img width=\"32\" height=\"32\" alt=\"&#x2714;&#xfe0f;\">&nbsp;Historia e identidad local<br><img width=\"32\" height=\"32\" alt=\"&#x2714;&#xfe0f;\">&nbsp;Econom\u00eda y desarrollo regional<br><img width=\"32\" height=\"32\" alt=\"&#x2714;&#xfe0f;\">&nbsp;Informaci\u00f3n de inter\u00e9s comunitario<\/p>\n\n\n\n<p>Las postulaciones estar\u00e1n abiertas hasta el 29 de abril de 2025 y podr\u00e1n realizarse de manera presencial, por correo certificado oa trav\u00e9s del Portal de Fondos en&nbsp;<a href=\"http:\/\/www.fondos.gob.cl\/\" target=\"_blank\" rel=\"noreferrer noopener\">www.fondos.gob.cl<\/a>&nbsp;. Adem\u00e1s, las respuestas a consultas est\u00e1n disponibles en&nbsp;<a href=\"http:\/\/www.fondodemedios.gob.cl\/\" target=\"_blank\" rel=\"noreferrer noopener\">www.fondodemedios.gob.cl<\/a>&nbsp;.<\/p>\n","protected":false},"excerpt":{"rendered":"Con el objetivo de informar y orientar sobre el proceso de postulaci\u00f3n al Fondo de Fomento de Medios&hellip;\n","protected":false},"author":1,"featured_media":2270,"comment_status":"open","ping_status":"open","sticky":false,"template":"","format":"standard","meta":{"_monsterinsights_skip_tracking":false,"_monsterinsights_sitenote_active":false,"_monsterinsights_sitenote_note":"","_monsterinsights_sitenote_category":0,"footnotes":""},"categories":[8],"tags":[],"class_list":{"0":"post-2269","1":"post","2":"type-post","3":"status-publish","4":"format-standard","5":"has-post-thumbnail","7":"category-portada"},"aioseo_notices":[],"_links":{"self":[{"href":"https:\/\/www.rengoenlanoticia.cl\/prensa\/wp-json\/wp\/v2\/posts\/2269","targetHints":{"allow":["GET"]}}],"collection":[{"href":"https:\/\/www.rengoenlanoticia.cl\/prensa\/wp-json\/wp\/v2\/posts"}],"about":[{"href":"https:\/\/www.rengoenlanoticia.cl\/prensa\/wp-json\/wp\/v2\/types\/post"}],"author":[{"embeddable":true,"href":"https:\/\/www.rengoenlanoticia.cl\/prensa\/wp-json\/wp\/v2\/users\/1"}],"replies":[{"embeddable":true,"href":"https:\/\/www.rengoenlanoticia.cl\/prensa\/wp-json\/wp\/v2\/comments?post=2269"}],"version-history":[{"count":2,"href":"https:\/\/www.rengoenlanoticia.cl\/prensa\/wp-json\/wp\/v2\/posts\/2269\/revisions"}],"predecessor-version":[{"id":2281,"href":"https:\/\/www.rengoenlanoticia.cl\/prensa\/wp-json\/wp\/v2\/posts\/2269\/revisions\/2281"}],"wp:featuredmedia":[{"embeddable":true,"href":"https:\/\/www.rengoenlanoticia.cl\/prensa\/wp-json\/wp\/v2\/media\/2270"}],"wp:attachment":[{"href":"https:\/\/www.rengoenlanoticia.cl\/prensa\/wp-json\/wp\/v2\/media?parent=2269"}],"wp:term":[{"taxonomy":"category","embeddable":true,"href":"https:\/\/www.rengoenlanoticia.cl\/prensa\/wp-json\/wp\/v2\/categories?post=2269"},{"taxonomy":"post_tag","embeddable":true,"href":"https:\/\/www.rengoenlanoticia.cl\/prensa\/wp-json\/wp\/v2\/tags?post=2269"}],"curies":[{"name":"wp","href":"https:\/\/api.w.org\/{rel}","templated":true}]}}