{"id":2264,"date":"2025-04-02T18:28:24","date_gmt":"2025-04-02T18:28:24","guid":{"rendered":"https:\/\/www.rengoenlanoticia.cl\/prensa\/?p=2264"},"modified":"2025-04-02T18:28:48","modified_gmt":"2025-04-02T18:28:48","slug":"senador-juan-luis-castro-llama-al-gobierno-a-nombrar-a-la-brevedad-seremis-titulares-de-seguridad-publica","status":"publish","type":"post","link":"https:\/\/www.rengoenlanoticia.cl\/prensa\/2025\/04\/02\/senador-juan-luis-castro-llama-al-gobierno-a-nombrar-a-la-brevedad-seremis-titulares-de-seguridad-publica\/","title":{"rendered":"Senador Juan Luis Castro llama al Gobierno a nombrar a la brevedad seremis titulares de Seguridad P\u00fablica"},"content":{"rendered":"\n<p><em>El parlamentario valor\u00f3 la puesta en marcha del nuevo ministerio, pero cuestion\u00f3 que haya iniciado con autoridades interinas.<\/em><\/p>\n\n\n\n<p>Este martes debut\u00f3 oficialmente el nuevo Ministerio&nbsp;de Seguridad P\u00fablica con la designaci\u00f3n de 16 seremis interinos a lo largo del pa\u00eds, entre ellos Rodolfo N\u00fa\u00f1ez,&nbsp;ex coordinador regional de Prevenci\u00f3n del Delito, quien&nbsp;adquiri\u00f3 provisoriamente la cartera en la regi\u00f3n de O&#8217;Higgins.<\/p>\n\n\n\n<p>Frente a este hito, el senador por la regi\u00f3n Juan Luis Castro, valor\u00f3 el inicio de funciones del nuevo organismo, pero advirti\u00f3 que el combate al crimen y la delincuencia exige una institucionalidad robusta y con liderazgos definidos.<\/p>\n\n\n\n<p>\u00abLos problemas del delito y la inseguridad en Chile son tan grandes que lo normal ser\u00eda tener ya un seremi de Seguridad titular, as\u00ed como tenemos un ministro titular en esa cartera y un subsecretario. Entonces yo pido que el Gobierno sea extremadamente riguroso, prolijo y nombre a la brevedad, define qui\u00e9nes van a ser los mejores\u00bb, afirm\u00f3 el legislador.<\/p>\n\n\n\n<p>Castro hizo un llamado directo al Ejecutivo para que acelere la designaci\u00f3n de los seremis definitivos en todo el pa\u00eds, especialmente considerando la importancia que tendr\u00e1 esta nueva institucionalidad en la implementaci\u00f3n de pol\u00edticas regionales de seguridad: \u201cEspero yo en todo Chile que en cada regi\u00f3n lleven la cartera de seguridad que es nueva, que por fin est\u00e1 y que va a combatir el delito con mucha m\u00e1s fuerza que hasta ahora\u201d.<\/p>\n\n\n\n<p>El senador record\u00f3 que la regi\u00f3n de O&#8217;Higgins enfrenta una situaci\u00f3n cr\u00edtica en materia de seguridad p\u00fablica, por lo que se requiere una autoridad regional con plenas atribuciones. El nuevo Ministerio de Seguridad P\u00fablica fue promulgado el pasado 27 de enero y tiene entre sus objetivos dise\u00f1ar, coordinar y evaluar las pol\u00edticas de seguridad, adem\u00e1s de supervisar a las polic\u00edas y coordinar acciones con gobiernos regionales y comunales.<\/p>\n","protected":false},"excerpt":{"rendered":"El parlamentario valor\u00f3 la puesta en marcha del nuevo ministerio, pero cuestion\u00f3 que haya iniciado con autoridades interinas.&hellip;\n","protected":false},"author":1,"featured_media":2265,"comment_status":"open","ping_status":"open","sticky":false,"template":"","format":"standard","meta":{"_monsterinsights_skip_tracking":false,"_monsterinsights_sitenote_active":false,"_monsterinsights_sitenote_note":"","_monsterinsights_sitenote_category":0,"footnotes":""},"categories":[11,8],"tags":[],"class_list":{"0":"post-2264","1":"post","2":"type-post","3":"status-publish","4":"format-standard","5":"has-post-thumbnail","7":"category-politica","8":"category-portada"},"aioseo_notices":[],"_links":{"self":[{"href":"https:\/\/www.rengoenlanoticia.cl\/prensa\/wp-json\/wp\/v2\/posts\/2264","targetHints":{"allow":["GET"]}}],"collection":[{"href":"https:\/\/www.rengoenlanoticia.cl\/prensa\/wp-json\/wp\/v2\/posts"}],"about":[{"href":"https:\/\/www.rengoenlanoticia.cl\/prensa\/wp-json\/wp\/v2\/types\/post"}],"author":[{"embeddable":true,"href":"https:\/\/www.rengoenlanoticia.cl\/prensa\/wp-json\/wp\/v2\/users\/1"}],"replies":[{"embeddable":true,"href":"https:\/\/www.rengoenlanoticia.cl\/prensa\/wp-json\/wp\/v2\/comments?post=2264"}],"version-history":[{"count":2,"href":"https:\/\/www.rengoenlanoticia.cl\/prensa\/wp-json\/wp\/v2\/posts\/2264\/revisions"}],"predecessor-version":[{"id":2267,"href":"https:\/\/www.rengoenlanoticia.cl\/prensa\/wp-json\/wp\/v2\/posts\/2264\/revisions\/2267"}],"wp:featuredmedia":[{"embeddable":true,"href":"https:\/\/www.rengoenlanoticia.cl\/prensa\/wp-json\/wp\/v2\/media\/2265"}],"wp:attachment":[{"href":"https:\/\/www.rengoenlanoticia.cl\/prensa\/wp-json\/wp\/v2\/media?parent=2264"}],"wp:term":[{"taxonomy":"category","embeddable":true,"href":"https:\/\/www.rengoenlanoticia.cl\/prensa\/wp-json\/wp\/v2\/categories?post=2264"},{"taxonomy":"post_tag","embeddable":true,"href":"https:\/\/www.rengoenlanoticia.cl\/prensa\/wp-json\/wp\/v2\/tags?post=2264"}],"curies":[{"name":"wp","href":"https:\/\/api.w.org\/{rel}","templated":true}]}}