{"id":2260,"date":"2025-04-02T11:21:43","date_gmt":"2025-04-02T11:21:43","guid":{"rendered":"https:\/\/www.rengoenlanoticia.cl\/prensa\/?p=2260"},"modified":"2025-04-02T11:22:03","modified_gmt":"2025-04-02T11:22:03","slug":"desde-el-1-de-abril-comenzo-a-funcionar-la-secretaria-regional-ministerial-de-seguridad-publica-en-ohiggins","status":"publish","type":"post","link":"https:\/\/www.rengoenlanoticia.cl\/prensa\/2025\/04\/02\/desde-el-1-de-abril-comenzo-a-funcionar-la-secretaria-regional-ministerial-de-seguridad-publica-en-ohiggins\/","title":{"rendered":"Desde el 1\u00b0 de abril comenz\u00f3 a funcionar la Secretar\u00eda Regional Ministerial de Seguridad P\u00fablica en  O\u2019Higgins"},"content":{"rendered":"\n<p>De acuerdo a lo se\u00f1alado en el DFL N\u00fam. 1-21.730, del 5 de febrero de 2025, que Fija Plantas de Personal de la Subsecretar\u00eda de Prevenci\u00f3n del Delito y de la Subsecretar\u00eda de Seguridad P\u00fablica, Determina Fecha de Iniciaci\u00f3n de Funciones del Ministerio de Seguridad P\u00fablica y Regula Otras Materias, hoy martes 1\u00b0 de abril comienza a funcionar la Secretar\u00eda Regional Ministerial de Seguridad P\u00fablica en la Regi\u00f3n de O\u2019Higgins.<\/p>\n\n\n\n<p>Para ello, se ha nombrado al se\u00f1or Rodolfo N\u00fa\u00f1ez Bustamante, ex coordinador regional de Prevenci\u00f3n del Delito como Seremi de Seguridad P\u00fablica en calidad de interino, hasta el nombramiento definitivo que realizar\u00e1 S.E. el Presidente de la Rep\u00fablica.<\/p>\n\n\n\n<p>De esta manera, y de acuerdo a lo comprometido por S.E. el Presidente de la Rep\u00fablica, Gabriel Boric Font, a contar de esta fecha la creaci\u00f3n del Ministerio de Seguridad P\u00fablica es una realidad en todo el territorio nacional.<\/p>\n\n\n\n<p>Cabe recordar que, de acuerdo a lo establecido en el Art\u00edculo 23 de la Ley N\u00b021.730, que Crea el Ministerio de Seguridad P\u00fablica, a los secretarios regionales ministeriales de Seguridad P\u00fablica les corresponder\u00e1, entre otras funciones resguardar, mantener y promover la seguridad p\u00fablica y el orden p\u00fablico en la regi\u00f3n, y generar las condiciones necesarias para su restablecimiento; requerir el auxilio de la fuerza p\u00fablica en el territorio de su competencia, en conformidad con la ley; coordinar la ejecuci\u00f3n de las pol\u00edticas, planes y programas del Ministerio de Seguridad P\u00fablica en la regi\u00f3n; y adoptar medidas tendientes a la prevenci\u00f3n de delitos, a nivel regional y en el \u00e1mbito de sus competencias.<\/p>\n","protected":false},"excerpt":{"rendered":"De acuerdo a lo se\u00f1alado en el DFL N\u00fam. 1-21.730, del 5 de febrero de 2025, que Fija&hellip;\n","protected":false},"author":1,"featured_media":2261,"comment_status":"open","ping_status":"open","sticky":false,"template":"","format":"standard","meta":{"_monsterinsights_skip_tracking":false,"_monsterinsights_sitenote_active":false,"_monsterinsights_sitenote_note":"","_monsterinsights_sitenote_category":0,"footnotes":""},"categories":[8],"tags":[],"class_list":{"0":"post-2260","1":"post","2":"type-post","3":"status-publish","4":"format-standard","5":"has-post-thumbnail","7":"category-portada"},"aioseo_notices":[],"_links":{"self":[{"href":"https:\/\/www.rengoenlanoticia.cl\/prensa\/wp-json\/wp\/v2\/posts\/2260","targetHints":{"allow":["GET"]}}],"collection":[{"href":"https:\/\/www.rengoenlanoticia.cl\/prensa\/wp-json\/wp\/v2\/posts"}],"about":[{"href":"https:\/\/www.rengoenlanoticia.cl\/prensa\/wp-json\/wp\/v2\/types\/post"}],"author":[{"embeddable":true,"href":"https:\/\/www.rengoenlanoticia.cl\/prensa\/wp-json\/wp\/v2\/users\/1"}],"replies":[{"embeddable":true,"href":"https:\/\/www.rengoenlanoticia.cl\/prensa\/wp-json\/wp\/v2\/comments?post=2260"}],"version-history":[{"count":2,"href":"https:\/\/www.rengoenlanoticia.cl\/prensa\/wp-json\/wp\/v2\/posts\/2260\/revisions"}],"predecessor-version":[{"id":2263,"href":"https:\/\/www.rengoenlanoticia.cl\/prensa\/wp-json\/wp\/v2\/posts\/2260\/revisions\/2263"}],"wp:featuredmedia":[{"embeddable":true,"href":"https:\/\/www.rengoenlanoticia.cl\/prensa\/wp-json\/wp\/v2\/media\/2261"}],"wp:attachment":[{"href":"https:\/\/www.rengoenlanoticia.cl\/prensa\/wp-json\/wp\/v2\/media?parent=2260"}],"wp:term":[{"taxonomy":"category","embeddable":true,"href":"https:\/\/www.rengoenlanoticia.cl\/prensa\/wp-json\/wp\/v2\/categories?post=2260"},{"taxonomy":"post_tag","embeddable":true,"href":"https:\/\/www.rengoenlanoticia.cl\/prensa\/wp-json\/wp\/v2\/tags?post=2260"}],"curies":[{"name":"wp","href":"https:\/\/api.w.org\/{rel}","templated":true}]}}