{"id":2252,"date":"2025-04-02T10:55:26","date_gmt":"2025-04-02T10:55:26","guid":{"rendered":"https:\/\/www.rengoenlanoticia.cl\/prensa\/?p=2252"},"modified":"2025-04-02T11:15:39","modified_gmt":"2025-04-02T11:15:39","slug":"carretera-5-sur-cortada-en-ambas-pistas","status":"publish","type":"post","link":"https:\/\/www.rengoenlanoticia.cl\/prensa\/2025\/04\/02\/carretera-5-sur-cortada-en-ambas-pistas\/","title":{"rendered":"Carretera 5 sur cortada en ambas pistas"},"content":{"rendered":"\n<p>A las 6:40 horas, en Ruta 5 Sur Km. 153, 700, San Fernando.<br>Carabineros se constituye en el lugar debido a que se produjo una colisi\u00f3n entre 3 camiones que transitaban en direcci\u00f3n al sur, de los cuales uno de estos por proyecci\u00f3n cruza el eje central hacia la pista direcci\u00f3n al norte impactando a un tercer cami\u00f3n, resultando 3 lesionados, sin riesgo vital.<br>Debido al accidente se encuentran los camiones volcados por lo que se mantiene la ruta 5 en ambos sentido suspendida.<br>Se est\u00e1n realizando los desv\u00edos hacia el norte por Peor es Nada y hacia el sur cruce Chimbarongo sector Lucana.<\/p>\n\n\n\n<p><strong>(Noticia en Desarrollo)<\/strong><\/p>\n\n\n\n<figure class=\"wp-block-video\"><video controls src=\"https:\/\/www.rengoenlanoticia.cl\/prensa\/wp-content\/uploads\/2025\/04\/WhatsApp-Video-2025-04-02-at-07.56.37.mp4\"><\/video><\/figure>\n","protected":false},"excerpt":{"rendered":"A las 6:40 horas, en Ruta 5 Sur Km. 153, 700, San Fernando.Carabineros se constituye en el lugar&hellip;\n","protected":false},"author":1,"featured_media":2253,"comment_status":"open","ping_status":"open","sticky":false,"template":"","format":"standard","meta":{"_monsterinsights_skip_tracking":false,"_monsterinsights_sitenote_active":false,"_monsterinsights_sitenote_note":"","_monsterinsights_sitenote_category":0,"footnotes":""},"categories":[8],"tags":[],"class_list":{"0":"post-2252","1":"post","2":"type-post","3":"status-publish","4":"format-standard","5":"has-post-thumbnail","7":"category-portada"},"aioseo_notices":[],"_links":{"self":[{"href":"https:\/\/www.rengoenlanoticia.cl\/prensa\/wp-json\/wp\/v2\/posts\/2252","targetHints":{"allow":["GET"]}}],"collection":[{"href":"https:\/\/www.rengoenlanoticia.cl\/prensa\/wp-json\/wp\/v2\/posts"}],"about":[{"href":"https:\/\/www.rengoenlanoticia.cl\/prensa\/wp-json\/wp\/v2\/types\/post"}],"author":[{"embeddable":true,"href":"https:\/\/www.rengoenlanoticia.cl\/prensa\/wp-json\/wp\/v2\/users\/1"}],"replies":[{"embeddable":true,"href":"https:\/\/www.rengoenlanoticia.cl\/prensa\/wp-json\/wp\/v2\/comments?post=2252"}],"version-history":[{"count":3,"href":"https:\/\/www.rengoenlanoticia.cl\/prensa\/wp-json\/wp\/v2\/posts\/2252\/revisions"}],"predecessor-version":[{"id":2259,"href":"https:\/\/www.rengoenlanoticia.cl\/prensa\/wp-json\/wp\/v2\/posts\/2252\/revisions\/2259"}],"wp:featuredmedia":[{"embeddable":true,"href":"https:\/\/www.rengoenlanoticia.cl\/prensa\/wp-json\/wp\/v2\/media\/2253"}],"wp:attachment":[{"href":"https:\/\/www.rengoenlanoticia.cl\/prensa\/wp-json\/wp\/v2\/media?parent=2252"}],"wp:term":[{"taxonomy":"category","embeddable":true,"href":"https:\/\/www.rengoenlanoticia.cl\/prensa\/wp-json\/wp\/v2\/categories?post=2252"},{"taxonomy":"post_tag","embeddable":true,"href":"https:\/\/www.rengoenlanoticia.cl\/prensa\/wp-json\/wp\/v2\/tags?post=2252"}],"curies":[{"name":"wp","href":"https:\/\/api.w.org\/{rel}","templated":true}]}}