{"id":2240,"date":"2025-04-02T10:44:20","date_gmt":"2025-04-02T10:44:20","guid":{"rendered":"https:\/\/www.rengoenlanoticia.cl\/prensa\/?p=2240"},"modified":"2025-04-02T10:44:21","modified_gmt":"2025-04-02T10:44:21","slug":"asume-nuevo-director-regional-de-gendarmeria-en-ohiggins","status":"publish","type":"post","link":"https:\/\/www.rengoenlanoticia.cl\/prensa\/2025\/04\/02\/asume-nuevo-director-regional-de-gendarmeria-en-ohiggins\/","title":{"rendered":"Asume nuevo director regional de Gendarmer\u00eda en O\u2019Higgins"},"content":{"rendered":"\n<p>El Coronel, H\u00e9ctor Jaime Labr\u00edn Labr\u00edn, tiene 27 a\u00f1os de servicio arrib\u00f3 a Rancagua luego de una destacada carrera penitenciaria en la Regi\u00f3n Metropolitana. Oriundo de Collipulli, regi\u00f3n de la Araucan\u00eda, destaca como un desaf\u00edo profesional su nueva destinaci\u00f3n.<\/p>\n\n\n\n<p>Como un desafi\u00f3 calific\u00f3 su nueva destinaci\u00f3n, el reci\u00e9n asumido Director Regional, Coronel don H\u00e9ctor Labr\u00edn Labr\u00edn, quien desde la semana pasada tom\u00f3 el mando penitenciario en la regi\u00f3n del Libertador General Bernardo O\u2019Higgins. Con una destaca carrera en la Instituci\u00f3n el oficial lleg\u00f3 destinado desde el CCP de Colina 1, donde se desempe\u00f1aba como Alcaide de la Unidad Penal.<\/p>\n\n\n\n<p>El oficial oriundo de Collipulli, regi\u00f3n de la Araucan\u00eda, egres\u00f3 de la Escuela de Gendarmer\u00eda en 1.999. Su primera destinaci\u00f3n, como Subteniente, fue&nbsp; la Unidad de Servicios Especiales Penitenciarios USEP, donde se desempe\u00f1\u00f3 en diferentes puestos de servicio durante 9 a\u00f1os, durante ese periodo y con la llegada de la Reforma Procesal Penal en la regi\u00f3n Metropolitana en el 2005, con el grado de Teniente asumi\u00f3 la jefatura de la Zona Norte Metropolitana, de la cual depende el Centro de Justicia Santiago, donde estuvo durante 5 a\u00f1os, hasta el 2010.<\/p>\n\n\n\n<p>Posterior a ello, y con el grado de capit\u00e1n se desempe\u00f1\u00f3 en Unidades penales de la regi\u00f3n Metropolitana, tales como la Unidad Especial de Alta Seguridad. &nbsp;<\/p>\n\n\n\n<p>Labr\u00edn cumpli\u00f3 funciones tambi\u00e9n, en el Departamento de Control Penitenciario y en la Subdirecci\u00f3n Operativa, adem\u00e1s de ser Jefe de R\u00e9gimen Interno en el CDP Santiago 1 y cumplir funciones como Jefe Operativo en el Subdepartamento de Servicios Especializados Penitenciarios. En el a\u00f1o 2019 asumi\u00f3 como Subdirector de la Escuela de Gendarmer\u00eda del \u201cGeneral Manuel Bulnes Prieto\u201d, donde permaneci\u00f3 hasta 2023, a\u00f1o donde asumi\u00f3 como jefe del&nbsp; Departamento de Log\u00edstica en la Direcci\u00f3n Nacional. Durante el reciente a\u00f1o 2024, fue Jefe Operativo del CDP Santiago 1 y en noviembre del mismo a\u00f1o, fue nombrado como Alcaide del CCP Colina 1, cargo que ostent\u00f3 hasta hace una semana cuando fue nombrado Director Regional de O\u2019Higgins.<\/p>\n\n\n\n<p>El Coronel, H\u00e9ctor Labr\u00edn Labr\u00edn, es casado con una oficial de Gendarmer\u00eda de Chile y tiene 3 hijos, su nueva destinaci\u00f3n significa para \u00e9l un desaf\u00edo m\u00e1s en su carrera, y con ello reafirma su compromiso con la Instituci\u00f3n y la responsabilidad que le demandan sus nuevas funciones. El oficial destaca que; \u201ceste cargo tiene gran relevancia para la gesti\u00f3n Institucional,&nbsp; y me sum\u00f3 con toda la disposici\u00f3n a este nuevo equipo de trabajo, para aportar desde mi experiencia y conocimientos en las respectivas \u00e1reas funcionales, &nbsp;en gestionar y abordar oportunamente los nudos cr\u00edticos en aquellos aspectos que son relevantes para Gendarmer\u00eda de Chile y la ciudan\u00eda, con un liderazgo transparente y cercano con cada uno de los funcionarios que componen la regi\u00f3n, &nbsp;finaliz\u00f3 la autoridad.<\/p>\n","protected":false},"excerpt":{"rendered":"El Coronel, H\u00e9ctor Jaime Labr\u00edn Labr\u00edn, tiene 27 a\u00f1os de servicio arrib\u00f3 a Rancagua luego de una destacada&hellip;\n","protected":false},"author":1,"featured_media":2243,"comment_status":"open","ping_status":"open","sticky":false,"template":"","format":"standard","meta":{"_monsterinsights_skip_tracking":false,"_monsterinsights_sitenote_active":false,"_monsterinsights_sitenote_note":"","_monsterinsights_sitenote_category":0,"footnotes":""},"categories":[8],"tags":[],"class_list":{"0":"post-2240","1":"post","2":"type-post","3":"status-publish","4":"format-standard","5":"has-post-thumbnail","7":"category-portada"},"aioseo_notices":[],"_links":{"self":[{"href":"https:\/\/www.rengoenlanoticia.cl\/prensa\/wp-json\/wp\/v2\/posts\/2240","targetHints":{"allow":["GET"]}}],"collection":[{"href":"https:\/\/www.rengoenlanoticia.cl\/prensa\/wp-json\/wp\/v2\/posts"}],"about":[{"href":"https:\/\/www.rengoenlanoticia.cl\/prensa\/wp-json\/wp\/v2\/types\/post"}],"author":[{"embeddable":true,"href":"https:\/\/www.rengoenlanoticia.cl\/prensa\/wp-json\/wp\/v2\/users\/1"}],"replies":[{"embeddable":true,"href":"https:\/\/www.rengoenlanoticia.cl\/prensa\/wp-json\/wp\/v2\/comments?post=2240"}],"version-history":[{"count":3,"href":"https:\/\/www.rengoenlanoticia.cl\/prensa\/wp-json\/wp\/v2\/posts\/2240\/revisions"}],"predecessor-version":[{"id":2245,"href":"https:\/\/www.rengoenlanoticia.cl\/prensa\/wp-json\/wp\/v2\/posts\/2240\/revisions\/2245"}],"wp:featuredmedia":[{"embeddable":true,"href":"https:\/\/www.rengoenlanoticia.cl\/prensa\/wp-json\/wp\/v2\/media\/2243"}],"wp:attachment":[{"href":"https:\/\/www.rengoenlanoticia.cl\/prensa\/wp-json\/wp\/v2\/media?parent=2240"}],"wp:term":[{"taxonomy":"category","embeddable":true,"href":"https:\/\/www.rengoenlanoticia.cl\/prensa\/wp-json\/wp\/v2\/categories?post=2240"},{"taxonomy":"post_tag","embeddable":true,"href":"https:\/\/www.rengoenlanoticia.cl\/prensa\/wp-json\/wp\/v2\/tags?post=2240"}],"curies":[{"name":"wp","href":"https:\/\/api.w.org\/{rel}","templated":true}]}}