{"id":2237,"date":"2025-04-02T10:38:40","date_gmt":"2025-04-02T10:38:40","guid":{"rendered":"https:\/\/www.rengoenlanoticia.cl\/prensa\/?p=2237"},"modified":"2025-04-02T10:38:56","modified_gmt":"2025-04-02T10:38:56","slug":"senadis-y-fundacion-mis-talentos-docentes-y-equipo-educativo-se-capacitan-en-autismo-para-fortalecer-la-educacion-inclusiva-en-sus-aulas","status":"publish","type":"post","link":"https:\/\/www.rengoenlanoticia.cl\/prensa\/2025\/04\/02\/senadis-y-fundacion-mis-talentos-docentes-y-equipo-educativo-se-capacitan-en-autismo-para-fortalecer-la-educacion-inclusiva-en-sus-aulas\/","title":{"rendered":"SENADIS y Fundaci\u00f3n Mis Talentos: \u00a0Docentes y equipo educativo se capacitan en autismo para fortalecer la educaci\u00f3n inclusiva en sus aulas"},"content":{"rendered":"\n<p><\/p>\n\n\n\n<p><strong>En la v\u00edspera del D\u00eda de la Concienciaci\u00f3n sobre el Autismo, se lanz\u00f3 la capacitaci\u00f3n que beneficiar\u00e1 a 16 comunidades educativas del SLEP de Colchagua, con el objetivo de fortalecer la inclusi\u00f3n y garantizar el acceso equitativo de estudiantes personas autistas en el aula.<\/strong><\/p>\n\n\n\n<p>Un importante avance en la inclusi\u00f3n de estudiantes personas autistas se concret\u00f3 en la Escuela Mar\u00eda Luisa Bouchon en San Fernando, perteneciente al Servicio Local de Educaci\u00f3n P\u00fablica, SLEP, de Colchagua, con el lanzamiento de la capacitaci\u00f3n \u201cDiversificaci\u00f3n del aprendizaje en el espectro autista\u201d. Esta iniciativa, desarrollada por Fundaci\u00f3n Mis Talentos, financiada por el Fondo Nacional de Proyectos Inclusivos, FONAPI, del Servicio Nacional de la Discapacidad, SENADIS, busca fortalecer las competencias de la comunidad educativa para favorecer la equidad e inclusi\u00f3n de estudiantes en establecimientos.<\/p>\n\n\n\n<p>Esta capacitaci\u00f3n beneficiar\u00e1 a docentes, asistentes de la educaci\u00f3n y directivos del establecimiento, dot\u00e1ndolos de herramientas claves para promover el aprendizaje de estudiantes personas autistas, y favorecer su acceso justo a oportunidades educativas.<\/p>\n\n\n\n<p>La Directora Nacional (s) de SENADIS, Karen Astorga, destac\u00f3 la relevancia de esta capacitaci\u00f3n y se\u00f1al\u00f3 que: \u201cDesde SENADIS valoramos la experiencia de la fundaci\u00f3n en el \u00e1mbito educativo, en conjunto con la labor que est\u00e1n desarrollando hoy con el Servicio Local de Educaci\u00f3n P\u00fablica de la regi\u00f3n de O\u2019Higgins, ya que a trav\u00e9s de esta instancia pueden adentrarse en los colegios para capacitar a docentes y a su comunidad educativa, entregando herramientas para el aprendizaje y educaci\u00f3n de estudiantes personas autistas, desde un enfoque de derechos, trato digno e inclusi\u00f3n. Estas instancias colaboran en la implementaci\u00f3n de la Ley de Autismo desde el territorio y contribuyen a fortalecer la educaci\u00f3n p\u00fablica e inclusiva\u201d.<\/p>\n\n\n\n<p>Fundaci\u00f3n Mis Talentos, que desde el a\u00f1o 2011 promueve la educaci\u00f3n inclusiva en el pa\u00eds, desarrollar\u00e1 un trabajo en las regiones de Atacama y O\u2019Higgins en coordinaci\u00f3n con los equipos de los SLEP, para fortalecer la inclusi\u00f3n educativa de estudiantes autistas y garantizarles mejores oportunidades de aprendizaje.<\/p>\n\n\n\n<p>\u201cEn Fundaci\u00f3n Mis Talentos impulsamos la educaci\u00f3n inclusiva, ya que es fundamental para construir una sociedad respetuosa hacia la diversidad. La capacitaci\u00f3n en la Escuela Mar\u00eda Luisa Bouchon permitir\u00e1 actualizar conocimientos y herramientas relacionadas al autismo y educaci\u00f3n y, con ello, reconocer y valorar las diferencias individuales, ofreciendo estrategias y apoyos adecuados para cada estudiante durante toda su trayectoria educativa\u201d, sostuvo Marjorie Lara, Directora de Educaci\u00f3n y Trabajo Inclusivo de Fundaci\u00f3n Mis Talentos.<\/p>\n\n\n\n<p>Por su parte, el Director Ejecutivo Suplente del Servicio Local de Educaci\u00f3n P\u00fablica Colchagua, Rodrigo Valenzuela sostuvo que, \u201cel trabajo colaborativo con SENADIS ha sido fundamental, ya que nos permite generar estrategias de recursos a trav\u00e9s de distintos programas, facilitando la entrega de herramientas espec\u00edficas para la atenci\u00f3n enfocada en la inclusi\u00f3n dentro de nuestras aulas de jardines infantiles, promoviendo una educaci\u00f3n m\u00e1s inclusiva\u201d.<\/p>\n\n\n\n<p><strong>Formaci\u00f3n para una educaci\u00f3n inclusiva<\/strong><\/p>\n\n\n\n<p>La capacitaci\u00f3n est\u00e1 dirigida a 16 comunidades educativas del SLEP de Colchagua y tiene como objetivo desarrollar competencias que permitan responder a la diversidad presente en las comunidades educativas, favoreciendo una valoraci\u00f3n de la educaci\u00f3n inclusiva para que los estudiantes personas autistas tengan acceso a las mismas oportunidades que sus pares. Adem\u00e1s, busca generar conciencia sobre la riqueza de la diversidad y la importancia de avanzar hacia una educaci\u00f3n inclusiva para construir una sociedad m\u00e1s equitativa y justa.<\/p>\n\n\n\n<p>El curso tiene una duraci\u00f3n total de 16 horas, de las cuales 12 horas se desarrollar\u00e1n de manera telem\u00e1tica y 4 horas de forma presencial. Adem\u00e1s, incluye un taller de 8 horas, con 4 horas telem\u00e1ticas y 4 horas presenciales.<\/p>\n\n\n\n<p>La iniciativa contar\u00e1 con diversos m\u00f3dulos en los que se abordar\u00e1n, los siguientes temas:<\/p>\n\n\n\n<ul class=\"wp-block-list\">\n<li>Valoraci\u00f3n de la educaci\u00f3n inclusiva.<\/li>\n\n\n\n<li>Espectro autista y educaci\u00f3n inclusiva.<\/li>\n\n\n\n<li>Estrategias diversificadas para el aprendizaje de estudiantes personas autistas.<\/li>\n\n\n\n<li>Micro proyecto pr\u00e1ctico colaborativo para dise\u00f1ar estrategias diversificadas que favorezcan la participaci\u00f3n de estudiantes del espectro autista en el aula regular.<\/li>\n<\/ul>\n\n\n\n<p>Con este esfuerzo, Fundaci\u00f3n Mis Talentos y SENADIS reafirman su compromiso con la educaci\u00f3n p\u00fablica, contribuyendo a la formaci\u00f3n de comunidades escolares m\u00e1s inclusivas y equitativas<\/p>\n","protected":false},"excerpt":{"rendered":"En la v\u00edspera del D\u00eda de la Concienciaci\u00f3n sobre el Autismo, se lanz\u00f3 la capacitaci\u00f3n que beneficiar\u00e1 a&hellip;\n","protected":false},"author":1,"featured_media":2238,"comment_status":"open","ping_status":"open","sticky":false,"template":"","format":"standard","meta":{"_monsterinsights_skip_tracking":false,"_monsterinsights_sitenote_active":false,"_monsterinsights_sitenote_note":"","_monsterinsights_sitenote_category":0,"footnotes":""},"categories":[8],"tags":[],"class_list":{"0":"post-2237","1":"post","2":"type-post","3":"status-publish","4":"format-standard","5":"has-post-thumbnail","7":"category-portada"},"aioseo_notices":[],"_links":{"self":[{"href":"https:\/\/www.rengoenlanoticia.cl\/prensa\/wp-json\/wp\/v2\/posts\/2237","targetHints":{"allow":["GET"]}}],"collection":[{"href":"https:\/\/www.rengoenlanoticia.cl\/prensa\/wp-json\/wp\/v2\/posts"}],"about":[{"href":"https:\/\/www.rengoenlanoticia.cl\/prensa\/wp-json\/wp\/v2\/types\/post"}],"author":[{"embeddable":true,"href":"https:\/\/www.rengoenlanoticia.cl\/prensa\/wp-json\/wp\/v2\/users\/1"}],"replies":[{"embeddable":true,"href":"https:\/\/www.rengoenlanoticia.cl\/prensa\/wp-json\/wp\/v2\/comments?post=2237"}],"version-history":[{"count":1,"href":"https:\/\/www.rengoenlanoticia.cl\/prensa\/wp-json\/wp\/v2\/posts\/2237\/revisions"}],"predecessor-version":[{"id":2239,"href":"https:\/\/www.rengoenlanoticia.cl\/prensa\/wp-json\/wp\/v2\/posts\/2237\/revisions\/2239"}],"wp:featuredmedia":[{"embeddable":true,"href":"https:\/\/www.rengoenlanoticia.cl\/prensa\/wp-json\/wp\/v2\/media\/2238"}],"wp:attachment":[{"href":"https:\/\/www.rengoenlanoticia.cl\/prensa\/wp-json\/wp\/v2\/media?parent=2237"}],"wp:term":[{"taxonomy":"category","embeddable":true,"href":"https:\/\/www.rengoenlanoticia.cl\/prensa\/wp-json\/wp\/v2\/categories?post=2237"},{"taxonomy":"post_tag","embeddable":true,"href":"https:\/\/www.rengoenlanoticia.cl\/prensa\/wp-json\/wp\/v2\/tags?post=2237"}],"curies":[{"name":"wp","href":"https:\/\/api.w.org\/{rel}","templated":true}]}}