{"id":2233,"date":"2025-04-02T10:35:00","date_gmt":"2025-04-02T10:35:00","guid":{"rendered":"https:\/\/www.rengoenlanoticia.cl\/prensa\/?p=2233"},"modified":"2025-04-02T10:35:20","modified_gmt":"2025-04-02T10:35:20","slug":"autoridades-de-educacion-parvularia-y-salud-publica-refuerzan-llamado-a-la-vacunacion-de-ninas-y-ninos","status":"publish","type":"post","link":"https:\/\/www.rengoenlanoticia.cl\/prensa\/2025\/04\/02\/autoridades-de-educacion-parvularia-y-salud-publica-refuerzan-llamado-a-la-vacunacion-de-ninas-y-ninos\/","title":{"rendered":"Autoridades de Educaci\u00f3n Parvularia y Salud P\u00fablica refuerzan llamado a la vacunaci\u00f3n de ni\u00f1as y ni\u00f1os"},"content":{"rendered":"\n<p><\/p>\n\n\n\n<p><em>Junto a la comunidad del jard\u00edn infantil Peque\u00f1os Gigantes de Lo Espejo, la subsecretaria de Salud P\u00fablica, Andrea Albagli, y la subsecretaria de Educaci\u00f3n Parvularia, Claudia Lagos, invitaron a las familias a sumarse a la campa\u00f1a de Vacunaci\u00f3n e Inmunizaci\u00f3n 2025, acerc\u00e1ndose a los centros de salud o a los operativos en establecimientos educativos.<\/em><\/p>\n\n\n\n<p>En el marco de la Campa\u00f1a de Vacunaci\u00f3n e Inmunizaci\u00f3n del Ministerio de Salud 2025, las subsecretarias de Salud P\u00fablica y Educaci\u00f3n Parvularia, Andrea Albagli y Claudia Lagos, respectivamente; en compa\u00f1\u00eda de la alcaldesa de Lo Espejo, Javiera Reyes, y el director del Servicio Local de Educaci\u00f3n P\u00fablica Santa Rosa, Luis Echeverr\u00eda, visitaron el jard\u00edn infantil Peque\u00f1os Gigantes de Lo Espejo, donde reforzaron el llamado a la ciudadan\u00eda y comunidades educativas de vacunar a los ni\u00f1os y ni\u00f1as.<\/p>\n\n\n\n<p>La subsecretaria Albagli destac\u00f3 las positivas cifras logradas por esta campa\u00f1a de vacunaci\u00f3n a un mes de iniciado el proceso que, por primera vez, se inici\u00f3 anticipadamente el 1 de marzo y que ya tiene m\u00e1s de 3 millones de personas vacunadas y un avance del 30.79% de cobertura en los grupos objetivos, una cifra muy superior al 13.9% que se ten\u00eda a igual fecha el a\u00f1o pasado.<\/p>\n\n\n\n<p>La autoridad del Ministerio de Salud dio cuenta de algunas cifras de la campa\u00f1a de vacunaci\u00f3n actual. Por ejemplo, en el grupo de los menores de 6 meses a 5 a\u00f1os la cobertura es de un 21,19% en comparaci\u00f3n con el 8,80% que exist\u00eda el 31 de marzo de 2024. En el caso de las ni\u00f1as y ni\u00f1os de 6 a 10 a\u00f1os los n\u00fameros son similares: hoy ese grupo objetivo alcanza una cobertura del 20.56%, mucho mayor al 6.20% que hab\u00eda en 2024. Por \u00faltimo, las trabajadoras\/es de la Educaci\u00f3n Parvularia y Escolar hasta octavo b\u00e1sico tienen un 25,33% de cobertura versus el 8.47% del a\u00f1o anterior.<\/p>\n\n\n\n<p>\u201cEstos son excelentes resultados, pero como Autoridad Sanitaria tenemos el deber de ser ambiciosos y querer m\u00e1s. Por eso seguiremos trabajando durante todo el invierno en nuestro llamado a la comunidad para que acuda y haga uso de esta herramienta que tenemos para salvar vidas durante el invierno que es la vacunaci\u00f3n. Esperamos que el peak de circulaci\u00f3n viral se d\u00e9 en mayo y eso quiere decir que en abril va a empezar un alza a\u00fan m\u00e1s notoria y acentuada en la circulaci\u00f3n viral\u201d, dijo la subsecretaria Albagli.<\/p>\n\n\n\n<p>La subsecretaria de Educaci\u00f3n Parvularia, Claudia Lagos, destac\u00f3 que el Gobierno tiene como prioridad resguardar la salud de los lactantes, ni\u00f1as y ni\u00f1os, lo que releva la importancia de estos hitos. \u201cSomos un referente internacional en programas de vacunaci\u00f3n, lo que nos ha permitido proteger a nuestra sociedad a lo largo del tiempo. Reforcemos este mensaje para evitar la desinformaci\u00f3n y destacar la importancia de la inmunizaci\u00f3n, especialmente en la primera infancia. Vacunar a los ni\u00f1os no solo protege su salud, sino que tambi\u00e9n beneficia a sus familias, comunidades educativas y, en \u00faltima instancia, al bienestar general del pa\u00eds. Este es el mensaje que debe prevalecer\u201d, se\u00f1al\u00f3.<\/p>\n\n\n\n<p>Los ni\u00f1os y ni\u00f1as desde los 6 meses de edad y hasta cuando est\u00e1n en quinto b\u00e1sico son grupo de riesgo para vacunarse contra la influenza, al igual que las trabajadoras\/es de la educaci\u00f3n parvularia y escolar hasta octavo b\u00e1sico.<\/p>\n\n\n\n<p>La autoridad Mineduc, adem\u00e1s, abord\u00f3 la importancia del v\u00ednculo entre educaci\u00f3n y salud, en el entendido que cuando un ni\u00f1o o ni\u00f1a se encuentra en \u00f3ptimas condiciones de salud, sus experiencias de aprendizaje a lo largo de toda la trayectoria educativa se desarrollan en contextos m\u00e1s favorables. Por lo mismo, invit\u00f3 a las familias a conocer m\u00e1s sobre el&nbsp;<a href=\"https:\/\/parvularia.mineduc.cl\/maletin-salud-integral\/\" target=\"_blank\" rel=\"noreferrer noopener\"><strong>Malet\u00edn de Salud Integral<\/strong><\/a>, elaborado por la Subsecretar\u00eda junto al Minsal, con orientaciones sobre tem\u00e1ticas importantes para la salud de ni\u00f1as y ni\u00f1os, donde la vacunaci\u00f3n es un elemento central de autocuidado y promoci\u00f3n del bienestar integral.<\/p>\n\n\n\n<p>La alcaldesa de Lo Espejo, Javiera Reyes, se\u00f1al\u00f3 \u201clos invitamos a que se vacunen, es un acto de solidaridad con el resto. As\u00ed evitamos que nuestras personas mayores, amigos, vecinos, ni\u00f1os, no se enfermen al estar inmunizados. La invitaci\u00f3n est\u00e1 hecha, todav\u00eda est\u00e1n bastantes descomprimidas las filas, por tanto, los invitamos a hacerlo pronto, para que sea un proceso expedito\u201d.<\/p>\n\n\n\n<p>Luis Echeverr\u00eda Donaire, director ejecutivo del SLEP Santa Rosa, indic\u00f3 que: \u201ccomo instituci\u00f3n estamos muy contentos por esta actividad. La salud p\u00fablica y la educaci\u00f3n p\u00fablica tienen una alianza estrat\u00e9gica de hace siglos. Por ello, los 91 establecimientos educacionales de nuestra dependencia estar\u00e1n a disposici\u00f3n para que las ni\u00f1as y ni\u00f1os sean parte de este programa de vacunaci\u00f3n e inmunizaci\u00f3n\u00bb.Actualmente en el pa\u00eds hay m\u00e1s de mil puntos de vacunaci\u00f3n. La lista completa se puede conocer en las redes sociales de las distintas seremis y servicios de salud o en&nbsp;<a href=\"http:\/\/mevacuno.cl\/\" target=\"_blank\" rel=\"noreferrer noopener\"><strong>mevacuno.cl<\/strong><\/a>.<\/p>\n","protected":false},"excerpt":{"rendered":"Junto a la comunidad del jard\u00edn infantil Peque\u00f1os Gigantes de Lo Espejo, la subsecretaria de Salud P\u00fablica, Andrea&hellip;\n","protected":false},"author":1,"featured_media":2234,"comment_status":"open","ping_status":"open","sticky":false,"template":"","format":"standard","meta":{"_monsterinsights_skip_tracking":false,"_monsterinsights_sitenote_active":false,"_monsterinsights_sitenote_note":"","_monsterinsights_sitenote_category":0,"footnotes":""},"categories":[8],"tags":[],"class_list":{"0":"post-2233","1":"post","2":"type-post","3":"status-publish","4":"format-standard","5":"has-post-thumbnail","7":"category-portada"},"aioseo_notices":[],"_links":{"self":[{"href":"https:\/\/www.rengoenlanoticia.cl\/prensa\/wp-json\/wp\/v2\/posts\/2233","targetHints":{"allow":["GET"]}}],"collection":[{"href":"https:\/\/www.rengoenlanoticia.cl\/prensa\/wp-json\/wp\/v2\/posts"}],"about":[{"href":"https:\/\/www.rengoenlanoticia.cl\/prensa\/wp-json\/wp\/v2\/types\/post"}],"author":[{"embeddable":true,"href":"https:\/\/www.rengoenlanoticia.cl\/prensa\/wp-json\/wp\/v2\/users\/1"}],"replies":[{"embeddable":true,"href":"https:\/\/www.rengoenlanoticia.cl\/prensa\/wp-json\/wp\/v2\/comments?post=2233"}],"version-history":[{"count":2,"href":"https:\/\/www.rengoenlanoticia.cl\/prensa\/wp-json\/wp\/v2\/posts\/2233\/revisions"}],"predecessor-version":[{"id":2236,"href":"https:\/\/www.rengoenlanoticia.cl\/prensa\/wp-json\/wp\/v2\/posts\/2233\/revisions\/2236"}],"wp:featuredmedia":[{"embeddable":true,"href":"https:\/\/www.rengoenlanoticia.cl\/prensa\/wp-json\/wp\/v2\/media\/2234"}],"wp:attachment":[{"href":"https:\/\/www.rengoenlanoticia.cl\/prensa\/wp-json\/wp\/v2\/media?parent=2233"}],"wp:term":[{"taxonomy":"category","embeddable":true,"href":"https:\/\/www.rengoenlanoticia.cl\/prensa\/wp-json\/wp\/v2\/categories?post=2233"},{"taxonomy":"post_tag","embeddable":true,"href":"https:\/\/www.rengoenlanoticia.cl\/prensa\/wp-json\/wp\/v2\/tags?post=2233"}],"curies":[{"name":"wp","href":"https:\/\/api.w.org\/{rel}","templated":true}]}}