{"id":2214,"date":"2025-04-01T20:11:05","date_gmt":"2025-04-01T20:11:05","guid":{"rendered":"https:\/\/www.rengoenlanoticia.cl\/prensa\/?p=2214"},"modified":"2025-04-01T20:11:27","modified_gmt":"2025-04-01T20:11:27","slug":"diputada-natalia-romero-solicita-reactivar-proyecto-que-endurece-las-penas-por-el-robo-o-hurto-de-insumos-agricolas-y-que-las-equipara-con-las-del-abigeato","status":"publish","type":"post","link":"https:\/\/www.rengoenlanoticia.cl\/prensa\/2025\/04\/01\/diputada-natalia-romero-solicita-reactivar-proyecto-que-endurece-las-penas-por-el-robo-o-hurto-de-insumos-agricolas-y-que-las-equipara-con-las-del-abigeato\/","title":{"rendered":"Diputada Natalia Romero solicita reactivar proyecto que endurece las penas por el robo o hurto de insumos agr\u00edcolas y que las equipara con las del abigeato"},"content":{"rendered":"\n<p><\/p>\n\n\n\n<p><em>La parlamentaria llam\u00f3 a retomar una iniciativa que su bancada present\u00f3 hace casi diez a\u00f1os en el Congreso, luego que la propia Fiscal\u00eda Regional de O\u2019Higgins advirtiera esta semana sobre la violencia con la que se est\u00e1 cometiendo dicho delito en los sectores rurales.<\/em><\/p>\n\n\n\n<p>La diputada por la Regi\u00f3n de O\u2019Higgins, Natalia Romero (Ind. UDI), llam\u00f3 al Gobierno y al Congreso a reactivar un proyecto de ley que fue presentado por su bancada hace casi diez a\u00f1os, en septiembre de 2015, para equiparar las penas por el robo o hurto de bienes e insumos agr\u00edcolas a las del abigeato, a ra\u00edz del explosivo incremento que ha tenido dicho delito en los sectores rurales del pa\u00eds.<\/p>\n\n\n\n<figure class=\"wp-block-image size-large\"><img loading=\"lazy\" decoding=\"async\" width=\"1024\" height=\"768\" src=\"https:\/\/www.rengoenlanoticia.cl\/prensa\/wp-content\/uploads\/2025\/04\/ROMERO-DONIHUE1-1024x768.jpeg\" alt=\"\" class=\"wp-image-2216\" srcset=\"https:\/\/www.rengoenlanoticia.cl\/prensa\/wp-content\/uploads\/2025\/04\/ROMERO-DONIHUE1-1024x768.jpeg 1024w, https:\/\/www.rengoenlanoticia.cl\/prensa\/wp-content\/uploads\/2025\/04\/ROMERO-DONIHUE1-300x225.jpeg 300w, https:\/\/www.rengoenlanoticia.cl\/prensa\/wp-content\/uploads\/2025\/04\/ROMERO-DONIHUE1-768x576.jpeg 768w, https:\/\/www.rengoenlanoticia.cl\/prensa\/wp-content\/uploads\/2025\/04\/ROMERO-DONIHUE1-1536x1152.jpeg 1536w, https:\/\/www.rengoenlanoticia.cl\/prensa\/wp-content\/uploads\/2025\/04\/ROMERO-DONIHUE1-110x83.jpeg 110w, https:\/\/www.rengoenlanoticia.cl\/prensa\/wp-content\/uploads\/2025\/04\/ROMERO-DONIHUE1-200x150.jpeg 200w, https:\/\/www.rengoenlanoticia.cl\/prensa\/wp-content\/uploads\/2025\/04\/ROMERO-DONIHUE1-380x285.jpeg 380w, https:\/\/www.rengoenlanoticia.cl\/prensa\/wp-content\/uploads\/2025\/04\/ROMERO-DONIHUE1-255x191.jpeg 255w, https:\/\/www.rengoenlanoticia.cl\/prensa\/wp-content\/uploads\/2025\/04\/ROMERO-DONIHUE1-550x413.jpeg 550w, https:\/\/www.rengoenlanoticia.cl\/prensa\/wp-content\/uploads\/2025\/04\/ROMERO-DONIHUE1-800x600.jpeg 800w, https:\/\/www.rengoenlanoticia.cl\/prensa\/wp-content\/uploads\/2025\/04\/ROMERO-DONIHUE1-1160x870.jpeg 1160w, https:\/\/www.rengoenlanoticia.cl\/prensa\/wp-content\/uploads\/2025\/04\/ROMERO-DONIHUE1.jpeg 1600w\" sizes=\"auto, (max-width: 1024px) 100vw, 1024px\" \/><\/figure>\n\n\n\n<p>Al respecto, la parlamentaria hizo referencia a los resultados del \u201cPrimer Bar\u00f3metro del Robo Agr\u00edcola\u201d que realiz\u00f3 la Sociedad Nacional de Agricultura (SNA) entre el 6 y el 13 de marzo de este a\u00f1o, que arroj\u00f3 que del total de los agricultores consultados un 78% declar\u00f3 haber sido v\u00edctima de un robo, mientras que un 40% (alrededor de 320 casos) lo hab\u00eda sufrido en tres o m\u00e1s oportunidades, de los cuales en un 11% se produjo alg\u00fan tipo de violencia al momento de llevarse a cabo el delito.<\/p>\n\n\n\n<p>Por lo mismo, y considerando que durante las \u00faltimas semanas distintos productores de la regi\u00f3n advirtieron p\u00fablicamente sobre el aumento de los robos de insumos agr\u00edcolas, como pesticidas, maquinarias y aperos, entre otros, la diputada Romero record\u00f3 que hace casi diez a\u00f1os que existe un proyecto que ya fue aprobado por la comisi\u00f3n de Agricultura, pero que desde enero de 2022 se encuentra sin avance, por lo que anunci\u00f3 que durante los pr\u00f3ximos d\u00edas solicitar\u00e1 que se reactivado.<\/p>\n\n\n\n<p>\u201cDesde hace bastante tiempo que le venimos advirtiendo al Gobierno sobre el aumento de la delincuencia en nuestra regi\u00f3n, pero no s\u00f3lo en los sectores urbanos, sino que tambi\u00e9n en las zonas rurales. As\u00ed lo vimos hace algunas semanas con el cobarde homicidio del matrimonio de Rodrigo Gonz\u00e1lez y Mar\u00eda Carolina Calleja en la comuna de Graneros, que vino a revelar una dura realidad que est\u00e1 viviendo el campo chileno, en especial los productores agr\u00edcolas. La propia Fiscal\u00eda Regional de O\u2019Higgins ha manifestado su preocupaci\u00f3n por los delitos m\u00e1s agresivos que actualmente se est\u00e1n cometiendo, donde incluso se est\u00e1 llegando a los robos con violencia e intimidaci\u00f3n para sustraer insumos agr\u00edcolas, los que luego terminan vendiendo en el mercado negro\u201d, se\u00f1al\u00f3 Romero.<\/p>\n\n\n\n<figure class=\"wp-block-image size-large\"><img loading=\"lazy\" decoding=\"async\" width=\"1024\" height=\"768\" src=\"https:\/\/www.rengoenlanoticia.cl\/prensa\/wp-content\/uploads\/2025\/04\/ROMERO-DONIHUE3-1024x768.jpeg\" alt=\"\" class=\"wp-image-2217\" srcset=\"https:\/\/www.rengoenlanoticia.cl\/prensa\/wp-content\/uploads\/2025\/04\/ROMERO-DONIHUE3-1024x768.jpeg 1024w, https:\/\/www.rengoenlanoticia.cl\/prensa\/wp-content\/uploads\/2025\/04\/ROMERO-DONIHUE3-300x225.jpeg 300w, https:\/\/www.rengoenlanoticia.cl\/prensa\/wp-content\/uploads\/2025\/04\/ROMERO-DONIHUE3-768x576.jpeg 768w, https:\/\/www.rengoenlanoticia.cl\/prensa\/wp-content\/uploads\/2025\/04\/ROMERO-DONIHUE3-1536x1152.jpeg 1536w, https:\/\/www.rengoenlanoticia.cl\/prensa\/wp-content\/uploads\/2025\/04\/ROMERO-DONIHUE3-110x83.jpeg 110w, https:\/\/www.rengoenlanoticia.cl\/prensa\/wp-content\/uploads\/2025\/04\/ROMERO-DONIHUE3-200x150.jpeg 200w, https:\/\/www.rengoenlanoticia.cl\/prensa\/wp-content\/uploads\/2025\/04\/ROMERO-DONIHUE3-380x285.jpeg 380w, https:\/\/www.rengoenlanoticia.cl\/prensa\/wp-content\/uploads\/2025\/04\/ROMERO-DONIHUE3-255x191.jpeg 255w, https:\/\/www.rengoenlanoticia.cl\/prensa\/wp-content\/uploads\/2025\/04\/ROMERO-DONIHUE3-550x413.jpeg 550w, https:\/\/www.rengoenlanoticia.cl\/prensa\/wp-content\/uploads\/2025\/04\/ROMERO-DONIHUE3-800x600.jpeg 800w, https:\/\/www.rengoenlanoticia.cl\/prensa\/wp-content\/uploads\/2025\/04\/ROMERO-DONIHUE3-1160x870.jpeg 1160w, https:\/\/www.rengoenlanoticia.cl\/prensa\/wp-content\/uploads\/2025\/04\/ROMERO-DONIHUE3.jpeg 1600w\" sizes=\"auto, (max-width: 1024px) 100vw, 1024px\" \/><\/figure>\n\n\n\n<p>Producto de lo anterior, la parlamentaria calific\u00f3 como \u201cindispensable\u201d reactivar la iniciativa, la que establece que dichos delitos tendr\u00e1n la misma pena que las del abigeato (robo o hurto de ganado).<\/p>\n\n\n\n<p>Sin embargo, la legisladora record\u00f3 que actualmente en el Senado existe otro proyecto de ley que busca justamente endurecer las sanciones contra el abigeato, adem\u00e1s de facultar al Ministerio P\u00fablico a que pueda realizar una serie de t\u00e9cnicas investigativas para prevenir los delitos, de tal manera que el robo o hurto de insumos agr\u00edcolas podr\u00eda ser sancionado con una pena a\u00fan m\u00e1s alta.<\/p>\n\n\n\n<p>\u201cEs fundamental que las actuales autoridades entiendan que la tranquilidad que antes gozaban las regiones y comunas rurales ya no es tal, porque al igual que los sectores urbanos, all\u00ed tambi\u00e9n se han visto gravemente afectados por la actual crisis de seguridad. Por eso es indispensable avanzar con este y otros proyectos que permitan proteger todas las producciones agr\u00edcolas\u201d, insisti\u00f3 Romero.<\/p>\n\n\n\n<p>__________<\/p>\n","protected":false},"excerpt":{"rendered":"La parlamentaria llam\u00f3 a retomar una iniciativa que su bancada present\u00f3 hace casi diez a\u00f1os en el Congreso,&hellip;\n","protected":false},"author":1,"featured_media":2215,"comment_status":"open","ping_status":"open","sticky":false,"template":"","format":"standard","meta":{"_monsterinsights_skip_tracking":false,"_monsterinsights_sitenote_active":false,"_monsterinsights_sitenote_note":"","_monsterinsights_sitenote_category":0,"footnotes":""},"categories":[11,8],"tags":[],"class_list":{"0":"post-2214","1":"post","2":"type-post","3":"status-publish","4":"format-standard","5":"has-post-thumbnail","7":"category-politica","8":"category-portada"},"aioseo_notices":[],"_links":{"self":[{"href":"https:\/\/www.rengoenlanoticia.cl\/prensa\/wp-json\/wp\/v2\/posts\/2214","targetHints":{"allow":["GET"]}}],"collection":[{"href":"https:\/\/www.rengoenlanoticia.cl\/prensa\/wp-json\/wp\/v2\/posts"}],"about":[{"href":"https:\/\/www.rengoenlanoticia.cl\/prensa\/wp-json\/wp\/v2\/types\/post"}],"author":[{"embeddable":true,"href":"https:\/\/www.rengoenlanoticia.cl\/prensa\/wp-json\/wp\/v2\/users\/1"}],"replies":[{"embeddable":true,"href":"https:\/\/www.rengoenlanoticia.cl\/prensa\/wp-json\/wp\/v2\/comments?post=2214"}],"version-history":[{"count":2,"href":"https:\/\/www.rengoenlanoticia.cl\/prensa\/wp-json\/wp\/v2\/posts\/2214\/revisions"}],"predecessor-version":[{"id":2219,"href":"https:\/\/www.rengoenlanoticia.cl\/prensa\/wp-json\/wp\/v2\/posts\/2214\/revisions\/2219"}],"wp:featuredmedia":[{"embeddable":true,"href":"https:\/\/www.rengoenlanoticia.cl\/prensa\/wp-json\/wp\/v2\/media\/2215"}],"wp:attachment":[{"href":"https:\/\/www.rengoenlanoticia.cl\/prensa\/wp-json\/wp\/v2\/media?parent=2214"}],"wp:term":[{"taxonomy":"category","embeddable":true,"href":"https:\/\/www.rengoenlanoticia.cl\/prensa\/wp-json\/wp\/v2\/categories?post=2214"},{"taxonomy":"post_tag","embeddable":true,"href":"https:\/\/www.rengoenlanoticia.cl\/prensa\/wp-json\/wp\/v2\/tags?post=2214"}],"curies":[{"name":"wp","href":"https:\/\/api.w.org\/{rel}","templated":true}]}}