{"id":2210,"date":"2025-03-31T21:56:48","date_gmt":"2025-03-31T21:56:48","guid":{"rendered":"https:\/\/www.rengoenlanoticia.cl\/prensa\/?p=2210"},"modified":"2025-03-31T21:57:15","modified_gmt":"2025-03-31T21:57:15","slug":"listo-para-entrar-a-la-sala-del-senado-quedo-el-proyecto-de-receta-medica-electronica","status":"publish","type":"post","link":"https:\/\/www.rengoenlanoticia.cl\/prensa\/2025\/03\/31\/listo-para-entrar-a-la-sala-del-senado-quedo-el-proyecto-de-receta-medica-electronica\/","title":{"rendered":"Listo para entrar a la Sala del Senado qued\u00f3 el proyecto de receta m\u00e9dica electr\u00f3nica"},"content":{"rendered":"\n<p><em>La moci\u00f3n fue trabajada entre el Colmed y el Colegio de Qu\u00edmicos Farmac\u00e9uticos.<\/em><\/p>\n\n\n\n<p>La Comisi\u00f3n de Salud del Senado aprob\u00f3 en general el proyecto de ley que establece la implementaci\u00f3n obligatoria de la receta m\u00e9dica electr\u00f3nica, con el objetivo de combatir la falsificaci\u00f3n, estandarizar el sistema de prescripci\u00f3n y reducir los costos de los medicamentos mediante el uso del nombre gen\u00e9rico. La iniciativa cuenta con un amplio respaldo de gremios del \u00e1rea de la salud, incluyendo al Colegio M\u00e9dico y al Colegio Qu\u00edmico-Farmac\u00e9utico.<\/p>\n\n\n\n<p>El senador Juan Luis Castro, m\u00e9dico e integrante de la Comisi\u00f3n de Salud, destac\u00f3 que uno de los motores de este proyecto es el al fraude: \u201c\u00bfCu\u00e1ntas veces a los m\u00e9dicos se les ha suplantado? \u00bfCu\u00e1ntas veces hay gente inescrupulosa que inventa talonarios de recetas m\u00e9dicas para hacer un tr\u00e1fico secundario de ellas?\u201d. De hecho, solo en 2020 se registraron m\u00e1s de 700 casos de falsificaci\u00f3n de documentos f\u00edsicos en el pa\u00eds, muchos de ellos vinculados a recetas m\u00e9dicas. \u201cEste proyecto busca cortar de ra\u00edz ese tipo de delitos, que comprometen la salud p\u00fablica\u201d, agreg\u00f3 el legislador.<\/p>\n\n\n\n<p>Desde el Colegio M\u00e9dico, su presidenta, la doctora Anamar\u00eda Arriagada, advirti\u00f3 que \u201cla falsificaci\u00f3n y adulteraci\u00f3n de recetas m\u00e9dicas no solo es una falta \u00e9tica y legal, sino que pone en riesgo directo a la poblaci\u00f3n\u201d. La doctora subray\u00f3 que esta reforma tambi\u00e9n permitir\u00e1 reforzar el estatus profesional de la receta m\u00e9dica como un instrumento clave en la atenci\u00f3n en salud: \u201cDebe ser indicado en un acto m\u00e9dico, comprendido por el paciente y dispensado correctamente en una farmacia autorizada\u201d.<\/p>\n\n\n\n<p>El proyecto tambi\u00e9n contempla la estandarizaci\u00f3n mediante receta electr\u00f3nica, que permitir\u00eda mayor trazabilidad y control, y dar\u00eda paso a herramientas tecnol\u00f3gicas como alertas ante alergias o interacciones medicamentosas. \u00abLa receta electr\u00f3nica es menos engorrosa, es legible, permite trazabilidad y saca la papeler\u00eda de por medio. Es una forma concreta de modernizar el sistema y de generar ahorros importantes a trav\u00e9s del uso del nombre gen\u00e9rico\u00bb, explic\u00f3 el senador Castro.<\/p>\n\n\n\n<p>La iniciativa ya fue aprobada en general por la Comisi\u00f3n de Salud del Senado y continuar\u00e1 su tramitaci\u00f3n legislativa. De convertirse en ley, se transformar\u00e1 en un avance fundamental para la seguridad de los pacientes, la fiscalizaci\u00f3n del sistema de salud y la modernizaci\u00f3n del Estado en materia sanitaria.<\/p>\n","protected":false},"excerpt":{"rendered":"La moci\u00f3n fue trabajada entre el Colmed y el Colegio de Qu\u00edmicos Farmac\u00e9uticos. La Comisi\u00f3n de Salud del&hellip;\n","protected":false},"author":1,"featured_media":2211,"comment_status":"open","ping_status":"open","sticky":false,"template":"","format":"standard","meta":{"_monsterinsights_skip_tracking":false,"_monsterinsights_sitenote_active":false,"_monsterinsights_sitenote_note":"","_monsterinsights_sitenote_category":0,"footnotes":""},"categories":[11,8],"tags":[],"class_list":{"0":"post-2210","1":"post","2":"type-post","3":"status-publish","4":"format-standard","5":"has-post-thumbnail","7":"category-politica","8":"category-portada"},"aioseo_notices":[],"_links":{"self":[{"href":"https:\/\/www.rengoenlanoticia.cl\/prensa\/wp-json\/wp\/v2\/posts\/2210","targetHints":{"allow":["GET"]}}],"collection":[{"href":"https:\/\/www.rengoenlanoticia.cl\/prensa\/wp-json\/wp\/v2\/posts"}],"about":[{"href":"https:\/\/www.rengoenlanoticia.cl\/prensa\/wp-json\/wp\/v2\/types\/post"}],"author":[{"embeddable":true,"href":"https:\/\/www.rengoenlanoticia.cl\/prensa\/wp-json\/wp\/v2\/users\/1"}],"replies":[{"embeddable":true,"href":"https:\/\/www.rengoenlanoticia.cl\/prensa\/wp-json\/wp\/v2\/comments?post=2210"}],"version-history":[{"count":2,"href":"https:\/\/www.rengoenlanoticia.cl\/prensa\/wp-json\/wp\/v2\/posts\/2210\/revisions"}],"predecessor-version":[{"id":2213,"href":"https:\/\/www.rengoenlanoticia.cl\/prensa\/wp-json\/wp\/v2\/posts\/2210\/revisions\/2213"}],"wp:featuredmedia":[{"embeddable":true,"href":"https:\/\/www.rengoenlanoticia.cl\/prensa\/wp-json\/wp\/v2\/media\/2211"}],"wp:attachment":[{"href":"https:\/\/www.rengoenlanoticia.cl\/prensa\/wp-json\/wp\/v2\/media?parent=2210"}],"wp:term":[{"taxonomy":"category","embeddable":true,"href":"https:\/\/www.rengoenlanoticia.cl\/prensa\/wp-json\/wp\/v2\/categories?post=2210"},{"taxonomy":"post_tag","embeddable":true,"href":"https:\/\/www.rengoenlanoticia.cl\/prensa\/wp-json\/wp\/v2\/tags?post=2210"}],"curies":[{"name":"wp","href":"https:\/\/api.w.org\/{rel}","templated":true}]}}