{"id":2204,"date":"2025-03-31T21:50:46","date_gmt":"2025-03-31T21:50:46","guid":{"rendered":"https:\/\/www.rengoenlanoticia.cl\/prensa\/?p=2204"},"modified":"2025-03-31T21:51:08","modified_gmt":"2025-03-31T21:51:08","slug":"servicio-de-salud-ohiggins-inauguro-las-obras-de-escuela-hospitalaria-en-el-hospital-de-rengo","status":"publish","type":"post","link":"https:\/\/www.rengoenlanoticia.cl\/prensa\/2025\/03\/31\/servicio-de-salud-ohiggins-inauguro-las-obras-de-escuela-hospitalaria-en-el-hospital-de-rengo\/","title":{"rendered":"Servicio de Salud O&#8217;Higgins inaugur\u00f3 las obras de Escuela Hospitalaria en el Hospital de Rengo"},"content":{"rendered":"\n<p>\u00b7Proyecto a cargo de la Fundaci\u00f3n Educaci\u00f3n Inclusiva permitir\u00e1 asegurar la continuidad educativa de ni\u00f1os y adolescentes hospitalizados, en domicilio o en tratamiento en este establecimiento.<\/p>\n\n\n\n<p>Una gran noticia para la comunidad de Rengo y la Micro\u00e1rea de la Carretera de la Fruta: el Servicio de Salud O&#8217;Higgins inaugur\u00f3 la Escuela Hospitalaria en el Hospital Ricardo Valenzuela S\u00e1ez de Rengo, la tercera en la regi\u00f3n. Este proyecto, a cargo de la Fundaci\u00f3n Educaci\u00f3n Inclusiva, asegurar\u00e1 la continuidad educativa de ni\u00f1os y adolescentes hospitalizados, en domicilio o en tratamiento en el recinto hospitalario. De esta manera, se garantiza su derecho a la educaci\u00f3n, permitiendo la continuidad de su proceso escolar y evitando la deserci\u00f3n.<\/p>\n\n\n\n<figure class=\"wp-block-image size-large\"><img loading=\"lazy\" decoding=\"async\" width=\"1024\" height=\"683\" src=\"https:\/\/www.rengoenlanoticia.cl\/prensa\/wp-content\/uploads\/2025\/03\/Aula-Hospitalaria-HR-4-1024x683.jpeg\" alt=\"\" class=\"wp-image-2206\" srcset=\"https:\/\/www.rengoenlanoticia.cl\/prensa\/wp-content\/uploads\/2025\/03\/Aula-Hospitalaria-HR-4-1024x683.jpeg 1024w, https:\/\/www.rengoenlanoticia.cl\/prensa\/wp-content\/uploads\/2025\/03\/Aula-Hospitalaria-HR-4-300x200.jpeg 300w, https:\/\/www.rengoenlanoticia.cl\/prensa\/wp-content\/uploads\/2025\/03\/Aula-Hospitalaria-HR-4-768x512.jpeg 768w, https:\/\/www.rengoenlanoticia.cl\/prensa\/wp-content\/uploads\/2025\/03\/Aula-Hospitalaria-HR-4-1536x1024.jpeg 1536w, https:\/\/www.rengoenlanoticia.cl\/prensa\/wp-content\/uploads\/2025\/03\/Aula-Hospitalaria-HR-4-2048x1365.jpeg 2048w, https:\/\/www.rengoenlanoticia.cl\/prensa\/wp-content\/uploads\/2025\/03\/Aula-Hospitalaria-HR-4-110x73.jpeg 110w, https:\/\/www.rengoenlanoticia.cl\/prensa\/wp-content\/uploads\/2025\/03\/Aula-Hospitalaria-HR-4-200x133.jpeg 200w, https:\/\/www.rengoenlanoticia.cl\/prensa\/wp-content\/uploads\/2025\/03\/Aula-Hospitalaria-HR-4-380x253.jpeg 380w, https:\/\/www.rengoenlanoticia.cl\/prensa\/wp-content\/uploads\/2025\/03\/Aula-Hospitalaria-HR-4-255x170.jpeg 255w, https:\/\/www.rengoenlanoticia.cl\/prensa\/wp-content\/uploads\/2025\/03\/Aula-Hospitalaria-HR-4-550x367.jpeg 550w, https:\/\/www.rengoenlanoticia.cl\/prensa\/wp-content\/uploads\/2025\/03\/Aula-Hospitalaria-HR-4-800x533.jpeg 800w, https:\/\/www.rengoenlanoticia.cl\/prensa\/wp-content\/uploads\/2025\/03\/Aula-Hospitalaria-HR-4-1160x773.jpeg 1160w, https:\/\/www.rengoenlanoticia.cl\/prensa\/wp-content\/uploads\/2025\/03\/Aula-Hospitalaria-HR-4-scaled.jpeg 2560w\" sizes=\"auto, (max-width: 1024px) 100vw, 1024px\" \/><\/figure>\n\n\n\n<p>El director del Servicio de Salud O&#8217;Higgins, Jaime Guti\u00e9rrez Bocaz, destac\u00f3 que \u00abes un avance tremendo. Esta es la tercera aula hospitalaria que tenemos en los hospitales p\u00fablicos de la regi\u00f3n y estamos contentos porque, de alguna manera, estamos acercando la educaci\u00f3n a los pacientes que atraviesan un momento complejo de salud. Estamos garantizando este derecho y celebramos la inauguraci\u00f3n con una hermosa ceremonia y unas instalaciones de gran calidad. Tendremos una excelente escuela que permitir\u00e1 continuar con el proceso educativo de cada uno de los menores\u00bb.<\/p>\n\n\n\n<figure class=\"wp-block-image size-large\"><img loading=\"lazy\" decoding=\"async\" width=\"1024\" height=\"683\" src=\"https:\/\/www.rengoenlanoticia.cl\/prensa\/wp-content\/uploads\/2025\/03\/Aula-Hospitalaria-HR-5-1024x683.jpeg\" alt=\"\" class=\"wp-image-2207\" srcset=\"https:\/\/www.rengoenlanoticia.cl\/prensa\/wp-content\/uploads\/2025\/03\/Aula-Hospitalaria-HR-5-1024x683.jpeg 1024w, https:\/\/www.rengoenlanoticia.cl\/prensa\/wp-content\/uploads\/2025\/03\/Aula-Hospitalaria-HR-5-300x200.jpeg 300w, https:\/\/www.rengoenlanoticia.cl\/prensa\/wp-content\/uploads\/2025\/03\/Aula-Hospitalaria-HR-5-768x512.jpeg 768w, https:\/\/www.rengoenlanoticia.cl\/prensa\/wp-content\/uploads\/2025\/03\/Aula-Hospitalaria-HR-5-1536x1024.jpeg 1536w, https:\/\/www.rengoenlanoticia.cl\/prensa\/wp-content\/uploads\/2025\/03\/Aula-Hospitalaria-HR-5-2048x1365.jpeg 2048w, https:\/\/www.rengoenlanoticia.cl\/prensa\/wp-content\/uploads\/2025\/03\/Aula-Hospitalaria-HR-5-110x73.jpeg 110w, https:\/\/www.rengoenlanoticia.cl\/prensa\/wp-content\/uploads\/2025\/03\/Aula-Hospitalaria-HR-5-200x133.jpeg 200w, https:\/\/www.rengoenlanoticia.cl\/prensa\/wp-content\/uploads\/2025\/03\/Aula-Hospitalaria-HR-5-380x253.jpeg 380w, https:\/\/www.rengoenlanoticia.cl\/prensa\/wp-content\/uploads\/2025\/03\/Aula-Hospitalaria-HR-5-255x170.jpeg 255w, https:\/\/www.rengoenlanoticia.cl\/prensa\/wp-content\/uploads\/2025\/03\/Aula-Hospitalaria-HR-5-550x367.jpeg 550w, https:\/\/www.rengoenlanoticia.cl\/prensa\/wp-content\/uploads\/2025\/03\/Aula-Hospitalaria-HR-5-800x533.jpeg 800w, https:\/\/www.rengoenlanoticia.cl\/prensa\/wp-content\/uploads\/2025\/03\/Aula-Hospitalaria-HR-5-1160x773.jpeg 1160w, https:\/\/www.rengoenlanoticia.cl\/prensa\/wp-content\/uploads\/2025\/03\/Aula-Hospitalaria-HR-5-scaled.jpeg 2560w\" sizes=\"auto, (max-width: 1024px) 100vw, 1024px\" \/><\/figure>\n\n\n\n<p>A su vez, la directora de la Fundaci\u00f3n Educaci\u00f3n Inclusiva, Camila Scarabello, afirm\u00f3 que \u00abestamos muy contentos y agradecidos del gran trabajo colaborativo realizado en la regi\u00f3n, en conjunto con el Servicio de Salud, el Ministerio de Educaci\u00f3n y el Hospital de Rengo. Ha sido un esfuerzo de muchas personas durante un largo tiempo. Hoy es un d\u00eda especial, ya que podremos llevar educaci\u00f3n a los hogares de ni\u00f1os y j\u00f3venes que se encuentran enfermos, adem\u00e1s de atender a quienes est\u00e1n hospitalizados ya los que utilizar\u00e1n estas instalaciones. Es importante destacar que la educaci\u00f3n y las aulas hospitalarias forman parte del tratamiento de los ni\u00f1os enfermos, d\u00e1ndoles esperanza y una raz\u00f3n para seguir adelante\u201d.<\/p>\n\n\n\n<p>El jefe provincial de Educaci\u00f3n, Gabriel Bosque, tambi\u00e9n valor\u00f3 la iniciativa, se\u00f1alando que \u00abpara nosotros, como Ministerio de Educaci\u00f3n, espacios como el Aula Hospitalaria son fundamentales. En particular, la inauguraci\u00f3n en Rengo representa un paso concreto en la continuidad educativa de ni\u00f1os, ni\u00f1as y adolescentes que, debido a problemas de salud, no pueden asistir a un establecimiento regular. Queremos asegurar que estos estudiantes no queden al margen del sistema, como lamentablemente ocurr\u00eda en el pasado\u00bb.<\/p>\n\n\n\n<p>Por su parte, la directora del Hospital Ricardo Valenzuela S\u00e1ez de Rengo, Margarita Yercic Bravo, expres\u00f3 su satisfacci\u00f3n con la inauguraci\u00f3n, se\u00f1alando que \u00abpara nuestro hospital, este es un momento muy importante porque una salud y educaci\u00f3n en un solo proceso. Acompa\u00f1ar a nuestros pacientes y usuarios, brind\u00e1ndoles la oportunidad de continuar su educaci\u00f3n a trav\u00e9s de las distintas instancias de la Escuela Hospitalaria, es un verdadero lujo. Esperamos que esta estrategia se mantenga y se replique a nivel nacional, ya que el testimonio de los padres demuestra el impacto positivo en la vida diaria de los pacientes beneficiarios. La salud humanizada, unida a la educaci\u00f3n, es a\u00fan mejor\u201d.<\/p>\n\n\n\n<p>Finalmente, Bernardita Pardo, apoderada de la Escuela Hospitalaria y madre de Joaqu\u00edn Honorato, comparti\u00f3 su experiencia, indicando que \u00abun d\u00eda fui a retirar los medicamentos y me inform\u00f3 sobre la existencia de la Fundaci\u00f3n Inclusiva y su aula hospitalaria. Desde el a\u00f1o pasado, mi hijo ha sido parte de este espacio, y estoy muy agradecida de todo el equipo. No solo env\u00edan gu\u00edas y trabajos, sino que la profesora asiste de forma presencial, lo que ha sido un apoyo fundamental para nosotros. Tambi\u00e9n brinda atenci\u00f3n a domicilio, lo cual es invaluable. Para m\u00ed, la educaci\u00f3n es un pilar fundamental de nuestra sociedad y agradezco esta oportunidad para mi hijo\u201d.<\/p>\n","protected":false},"excerpt":{"rendered":"\u00b7Proyecto a cargo de la Fundaci\u00f3n Educaci\u00f3n Inclusiva permitir\u00e1 asegurar la continuidad educativa de ni\u00f1os y adolescentes hospitalizados,&hellip;\n","protected":false},"author":1,"featured_media":2205,"comment_status":"open","ping_status":"open","sticky":false,"template":"","format":"standard","meta":{"_monsterinsights_skip_tracking":false,"_monsterinsights_sitenote_active":false,"_monsterinsights_sitenote_note":"","_monsterinsights_sitenote_category":0,"footnotes":""},"categories":[8],"tags":[],"class_list":{"0":"post-2204","1":"post","2":"type-post","3":"status-publish","4":"format-standard","5":"has-post-thumbnail","7":"category-portada"},"aioseo_notices":[],"_links":{"self":[{"href":"https:\/\/www.rengoenlanoticia.cl\/prensa\/wp-json\/wp\/v2\/posts\/2204","targetHints":{"allow":["GET"]}}],"collection":[{"href":"https:\/\/www.rengoenlanoticia.cl\/prensa\/wp-json\/wp\/v2\/posts"}],"about":[{"href":"https:\/\/www.rengoenlanoticia.cl\/prensa\/wp-json\/wp\/v2\/types\/post"}],"author":[{"embeddable":true,"href":"https:\/\/www.rengoenlanoticia.cl\/prensa\/wp-json\/wp\/v2\/users\/1"}],"replies":[{"embeddable":true,"href":"https:\/\/www.rengoenlanoticia.cl\/prensa\/wp-json\/wp\/v2\/comments?post=2204"}],"version-history":[{"count":2,"href":"https:\/\/www.rengoenlanoticia.cl\/prensa\/wp-json\/wp\/v2\/posts\/2204\/revisions"}],"predecessor-version":[{"id":2209,"href":"https:\/\/www.rengoenlanoticia.cl\/prensa\/wp-json\/wp\/v2\/posts\/2204\/revisions\/2209"}],"wp:featuredmedia":[{"embeddable":true,"href":"https:\/\/www.rengoenlanoticia.cl\/prensa\/wp-json\/wp\/v2\/media\/2205"}],"wp:attachment":[{"href":"https:\/\/www.rengoenlanoticia.cl\/prensa\/wp-json\/wp\/v2\/media?parent=2204"}],"wp:term":[{"taxonomy":"category","embeddable":true,"href":"https:\/\/www.rengoenlanoticia.cl\/prensa\/wp-json\/wp\/v2\/categories?post=2204"},{"taxonomy":"post_tag","embeddable":true,"href":"https:\/\/www.rengoenlanoticia.cl\/prensa\/wp-json\/wp\/v2\/tags?post=2204"}],"curies":[{"name":"wp","href":"https:\/\/api.w.org\/{rel}","templated":true}]}}