{"id":2196,"date":"2025-03-31T21:34:46","date_gmt":"2025-03-31T21:34:46","guid":{"rendered":"https:\/\/www.rengoenlanoticia.cl\/prensa\/?p=2196"},"modified":"2025-03-31T21:35:08","modified_gmt":"2025-03-31T21:35:08","slug":"salud-ohiggins-y-cosoc-reactivan-su-compromiso-con-la-participacion-ciudadana","status":"publish","type":"post","link":"https:\/\/www.rengoenlanoticia.cl\/prensa\/2025\/03\/31\/salud-ohiggins-y-cosoc-reactivan-su-compromiso-con-la-participacion-ciudadana\/","title":{"rendered":"Salud O&#8217;Higgins y COSOC reactivan su compromiso con la Participaci\u00f3n Ciudadana"},"content":{"rendered":"\n<p>\u00b7Durante la jornada, la m\u00e1xima autoridad del Servicio de Salud O&#8217;Higgins firm\u00f3 el acta de compromisos para el presente a\u00f1o, en el marco del convenio de Alta Direcci\u00f3n P\u00fablica (ADP).<\/p>\n\n\n\n<p>Con el prop\u00f3sito de dar continuidad al trabajo y la gesti\u00f3n que vienen fomentando los dirigentes del Consejo de la Sociedad Civil en Salud, se realiz\u00f3 la primera reuni\u00f3n anual, cuyo objetivo fue avanzar en un trabajo coordinado, reforzando y fortaleciendo una participaci\u00f3n ciudadana activa y comprometida con la salud p\u00fablica.<\/p>\n\n\n\n<p>La reuni\u00f3n fue encabezada por el director del Servicio de Salud O&#8217;Higgins, Jaime Guti\u00e9rrez, y cont\u00f3 con la participaci\u00f3n de las unidades de Participaci\u00f3n Ciudadana, Satisfacci\u00f3n Usuaria y Hospital Amigo, en base a los lineamientos t\u00e9cnicos entregados por el Minsal.<\/p>\n\n\n\n<p>\u00abEsta es la hoja de ruta que tenemos con el Consejo de la Sociedad Civil en Salud para avanzar en los distintos temas y necesidades que ellos nos plantean, as\u00ed como en las actividades programadas. De esta forma, vamos cumpliendo con los compromisos establecidos. Estamos muy contentos con el desarrollo de la reuni\u00f3n, que fue muy provechosa y nos permiti\u00f3 planificar el a\u00f1o cara a cara, adem\u00e1s de transmitir informaci\u00f3n relevante sobre la gesti\u00f3n del Servicio de Salud O&#8217;Higgins. Aprovechamos tambi\u00e9n la oportunidad para actualizarnos respecto al avance en la reducci\u00f3n de la lista de espera\u201d, subray\u00f3 el director del SSO.<\/p>\n\n\n\n<p>Durante el encuentro, se abordaron propuestas y estrategias desarrolladas por el Consejo de la Sociedad Civil, basadas en la detecci\u00f3n y priorizaci\u00f3n de problemas, necesidades y requerimientos identificados desde la comunidad usuaria de sus territorios en relaci\u00f3n con tem\u00e1ticas de salud.<\/p>\n\n\n\n<p>Por su parte, la representante del Consejo de la Sociedad Civil, Alejandra Espinoza, destac\u00f3 la instancia participativa, se\u00f1alando que \u201cfue una jornada muy importante, donde abordamos los temas que est\u00e1n insertos en el plan de trabajo, y esperamos que se cumplan los objetivos acordados\u201d.<\/p>\n\n\n\n<p>En tanto, la consejera Susana Mej\u00edas manifest\u00f3 que \u201cfue una reuni\u00f3n muy buena, en la que se trataron los compromisos para 2025 junto al director del Servicio de Salud, Jaime Guti\u00e9rrez, y se fortaleci\u00f3 la participaci\u00f3n\u201d.<\/p>\n\n\n\n<p>Finalmente, se firm\u00f3 el acta de compromisos para el presente a\u00f1o, estableciendo las actividades y gestiones a desarrollar junto a los representantes del Consejo de la Sociedad Civil.<\/p>\n","protected":false},"excerpt":{"rendered":"\u00b7Durante la jornada, la m\u00e1xima autoridad del Servicio de Salud O&#8217;Higgins firm\u00f3 el acta de compromisos para el&hellip;\n","protected":false},"author":1,"featured_media":2197,"comment_status":"open","ping_status":"open","sticky":false,"template":"","format":"standard","meta":{"_monsterinsights_skip_tracking":false,"_monsterinsights_sitenote_active":false,"_monsterinsights_sitenote_note":"","_monsterinsights_sitenote_category":0,"footnotes":""},"categories":[8],"tags":[],"class_list":{"0":"post-2196","1":"post","2":"type-post","3":"status-publish","4":"format-standard","5":"has-post-thumbnail","7":"category-portada"},"aioseo_notices":[],"_links":{"self":[{"href":"https:\/\/www.rengoenlanoticia.cl\/prensa\/wp-json\/wp\/v2\/posts\/2196","targetHints":{"allow":["GET"]}}],"collection":[{"href":"https:\/\/www.rengoenlanoticia.cl\/prensa\/wp-json\/wp\/v2\/posts"}],"about":[{"href":"https:\/\/www.rengoenlanoticia.cl\/prensa\/wp-json\/wp\/v2\/types\/post"}],"author":[{"embeddable":true,"href":"https:\/\/www.rengoenlanoticia.cl\/prensa\/wp-json\/wp\/v2\/users\/1"}],"replies":[{"embeddable":true,"href":"https:\/\/www.rengoenlanoticia.cl\/prensa\/wp-json\/wp\/v2\/comments?post=2196"}],"version-history":[{"count":2,"href":"https:\/\/www.rengoenlanoticia.cl\/prensa\/wp-json\/wp\/v2\/posts\/2196\/revisions"}],"predecessor-version":[{"id":2199,"href":"https:\/\/www.rengoenlanoticia.cl\/prensa\/wp-json\/wp\/v2\/posts\/2196\/revisions\/2199"}],"wp:featuredmedia":[{"embeddable":true,"href":"https:\/\/www.rengoenlanoticia.cl\/prensa\/wp-json\/wp\/v2\/media\/2197"}],"wp:attachment":[{"href":"https:\/\/www.rengoenlanoticia.cl\/prensa\/wp-json\/wp\/v2\/media?parent=2196"}],"wp:term":[{"taxonomy":"category","embeddable":true,"href":"https:\/\/www.rengoenlanoticia.cl\/prensa\/wp-json\/wp\/v2\/categories?post=2196"},{"taxonomy":"post_tag","embeddable":true,"href":"https:\/\/www.rengoenlanoticia.cl\/prensa\/wp-json\/wp\/v2\/tags?post=2196"}],"curies":[{"name":"wp","href":"https:\/\/api.w.org\/{rel}","templated":true}]}}