{"id":2192,"date":"2025-03-31T02:31:01","date_gmt":"2025-03-31T02:31:01","guid":{"rendered":"https:\/\/www.rengoenlanoticia.cl\/prensa\/?p=2192"},"modified":"2025-03-31T02:31:24","modified_gmt":"2025-03-31T02:31:24","slug":"sernameg-ohiggins-y-la-municipalidad-de-san-fernando-reabren-oficialmente-el-centro-de-las-mujeres","status":"publish","type":"post","link":"https:\/\/www.rengoenlanoticia.cl\/prensa\/2025\/03\/31\/sernameg-ohiggins-y-la-municipalidad-de-san-fernando-reabren-oficialmente-el-centro-de-las-mujeres\/","title":{"rendered":"SernamEG O\u2019Higgins y la Municipalidad de San Fernando reabren oficialmente el Centro de las Mujeres"},"content":{"rendered":"\n<p>Ambas instituciones trabajan colaborativamente desde el a\u00f1o 2024, para mantener y fortalecer la cobertura a mujeres v\u00edctimas o sobrevivientes de violencias de g\u00e9nero y, con ello, disminuir sus riesgos, a trav\u00e9s de atenci\u00f3n psicol\u00f3gica y acompa\u00f1amiento socio jur\u00eddico.<\/p>\n\n\n\n<p>S\u00f3lo el a\u00f1o reci\u00e9n pasado, <strong>el Centro de las Mujeres (CDM) de San Fernando<\/strong> atendi\u00f3 a 233 mujeres de San Fernando y Chimbarongo, a trav\u00e9s de un equipo miltidisciplinario y especialista en materias de violencias de g\u00e9nero, compuesto por trabajadoras sociales, abogados y psic\u00f3logas; un espacio que es parte del Programa de Atenci\u00f3n Inicial de las Violencias de G\u00e9nero del Servicio Nacional de la Mujer y la Equidad de G\u00e9nero en la regi\u00f3n, el cual es ejecutado por el municipio tras firmar un convenio de colaboraci\u00f3n.<\/p>\n\n\n\n<p>Con la finalidad de visibilizar este trabajo conjunto, y como una de las \u00faltimas actividades del Mes de la Mujer en San Fernando, el SernamEG O\u2019Higgins y el municipio decidieron realizar Ceremonia de Reapertura Oficial con la participaci\u00f3n de autoridades regionales, provinciales y comunales, el cual permiti\u00f3 reafirmar el compromiso por desarrollar acciones que apunten a promover una vida libre de violencias para las mujeres.<\/p>\n\n\n\n<p><strong>Atenci\u00f3n gratuita para la diversidad de mujeres<\/strong><\/p>\n\n\n\n<p>Entregar primera acogida a las mujeres que lo requieran, realizar derivaciones al sistema de atenci\u00f3n del SernamEG u otras instituciones competentes y proporcionar apoyo y acompa\u00f1amiento social, legal y psicol\u00f3gico a la diversidad de mujeres son los objetivos centrales de los Centros de las Mujeres que, actualmente existen en la regi\u00f3n de O\u2019Higgins, los cuales ofrecen este tipo de servicios de manera gratuita para la diversidad de mujeres del territorio.<\/p>\n\n\n\n<p>\u201cHoy estamos celebrando este hito de reinauguraci\u00f3n del Centro de San Fernando; un espacio de atenci\u00f3n psico-socio-jur\u00eddica para las mujeres, que tambi\u00e9n permite acercar a la comunidad para trabajar, hablar y visibilizar materias de g\u00e9nero y brindar apoyo y atenci\u00f3n en reparaci\u00f3n. Para nuestro Servicio es fundamental el trabajo colaborativo con ejecutores p\u00fablicos o privados, como lo que hemos logrado con el municipio de San Fernando, el que da cuenta del \u00e9nfasis que pone la administraci\u00f3n en la erradicaci\u00f3n en este tipo de problem\u00e1ticas\u201d, explic\u00f3 la directora regional del SernamEG O\u2019Higgins, Mar\u00eda Jes\u00fas Avello Rifo.<\/p>\n\n\n\n<p>Uno de los \u00e1mbitos relevados en la ceremonia fue la posibilidad de implementar este tipo de Centros con ejecutores que se comprometen en la tarea de disminuir y erradicar las distintas violencias de g\u00e9nero, tal como ocurre con la administraci\u00f3n del municipio sanfernandino desde el a\u00f1o 2024.<\/p>\n\n\n\n<p>\u201cComo municipalidad este es un trabajo fundamental que va en beneficio de las mujeres. Si bien hoy estamos realizando esta ceremonia de reapertura, ya llevamos un a\u00f1o trabajando con nuestro equipo de profesionales. Con este Centro queremos aportar en el prop\u00f3sito de revertir las diversas manifestaciones de violencias hacia las mujeres y, por supuesto, entregarles herramientas para que puedan seguir adelante y tengan una mejor calidad de vida\u201d, afirm\u00f3 el alcalde (s) de San Fernando, Rodrigo Soto Pav\u00e9z.<\/p>\n\n\n\n<p>Por su parte, la seremi de la Mujer y la Equidad de G\u00e9nero de la regi\u00f3n de O\u2019Higgins, Constanza Valencia Sep\u00falveda, quien tambi\u00e9n fue parte de la ceremonia, se\u00f1al\u00f3 que \u201cuno de los compromisos del Presidente Gabriel Boric es avanzar y no retroceder en derechos y es fundamental para nosotros seguir fortaleciendo a nivel institucional el abordaje, la reparaci\u00f3n y con ello la autonom\u00eda de las mujeres que viven alg\u00fan tipo de violencias\u201d.<\/p>\n\n\n\n<p>En la misma l\u00ednea, la delegada presidencial provincial de Colchagua, Marta Pizarro Inzunza indic\u00f3 que \u201cqueremos decir a todas las mujeres que han sido y son v\u00edctimas de violencias y que sean parte de este tipo de Centros, que no est\u00e1n solas\u201d.<\/p>\n\n\n\n<p>Desde este 2025, SernamEG O\u2019Higgins cuenta con 9 Centros de las Mujeres -2 m\u00e1s que los existentes del 2024-, los que est\u00e1n ubicados en las tres provincias de la regi\u00f3n, emplazados en las comunas de Rancagua, Machal\u00ed, Rengo, San Vicente de Tagua Tagua, San Fernando, Santa Cruz, Nancagua, Palmilla y Pichilemu, los cuales est\u00e1n disponibles para mujeres de las comunas mencionadas y sus alrededores.<\/p>\n","protected":false},"excerpt":{"rendered":"Ambas instituciones trabajan colaborativamente desde el a\u00f1o 2024, para mantener y fortalecer la cobertura a mujeres v\u00edctimas o&hellip;\n","protected":false},"author":1,"featured_media":2193,"comment_status":"open","ping_status":"open","sticky":false,"template":"","format":"standard","meta":{"_monsterinsights_skip_tracking":false,"_monsterinsights_sitenote_active":false,"_monsterinsights_sitenote_note":"","_monsterinsights_sitenote_category":0,"footnotes":""},"categories":[8],"tags":[],"class_list":{"0":"post-2192","1":"post","2":"type-post","3":"status-publish","4":"format-standard","5":"has-post-thumbnail","7":"category-portada"},"aioseo_notices":[],"_links":{"self":[{"href":"https:\/\/www.rengoenlanoticia.cl\/prensa\/wp-json\/wp\/v2\/posts\/2192","targetHints":{"allow":["GET"]}}],"collection":[{"href":"https:\/\/www.rengoenlanoticia.cl\/prensa\/wp-json\/wp\/v2\/posts"}],"about":[{"href":"https:\/\/www.rengoenlanoticia.cl\/prensa\/wp-json\/wp\/v2\/types\/post"}],"author":[{"embeddable":true,"href":"https:\/\/www.rengoenlanoticia.cl\/prensa\/wp-json\/wp\/v2\/users\/1"}],"replies":[{"embeddable":true,"href":"https:\/\/www.rengoenlanoticia.cl\/prensa\/wp-json\/wp\/v2\/comments?post=2192"}],"version-history":[{"count":2,"href":"https:\/\/www.rengoenlanoticia.cl\/prensa\/wp-json\/wp\/v2\/posts\/2192\/revisions"}],"predecessor-version":[{"id":2195,"href":"https:\/\/www.rengoenlanoticia.cl\/prensa\/wp-json\/wp\/v2\/posts\/2192\/revisions\/2195"}],"wp:featuredmedia":[{"embeddable":true,"href":"https:\/\/www.rengoenlanoticia.cl\/prensa\/wp-json\/wp\/v2\/media\/2193"}],"wp:attachment":[{"href":"https:\/\/www.rengoenlanoticia.cl\/prensa\/wp-json\/wp\/v2\/media?parent=2192"}],"wp:term":[{"taxonomy":"category","embeddable":true,"href":"https:\/\/www.rengoenlanoticia.cl\/prensa\/wp-json\/wp\/v2\/categories?post=2192"},{"taxonomy":"post_tag","embeddable":true,"href":"https:\/\/www.rengoenlanoticia.cl\/prensa\/wp-json\/wp\/v2\/tags?post=2192"}],"curies":[{"name":"wp","href":"https:\/\/api.w.org\/{rel}","templated":true}]}}