{"id":2164,"date":"2025-03-28T03:06:44","date_gmt":"2025-03-28T03:06:44","guid":{"rendered":"https:\/\/www.rengoenlanoticia.cl\/prensa\/?p=2164"},"modified":"2025-03-28T03:07:46","modified_gmt":"2025-03-28T03:07:46","slug":"sujeto-detenido-por-carabineros-de-rengo-tenia-ya-130-detenciones-anteriores-que-pasa-con-la-justicia-chilena","status":"publish","type":"post","link":"https:\/\/www.rengoenlanoticia.cl\/prensa\/2025\/03\/28\/sujeto-detenido-por-carabineros-de-rengo-tenia-ya-130-detenciones-anteriores-que-pasa-con-la-justicia-chilena\/","title":{"rendered":"Sujeto detenido por Carabineros de Rengo ten\u00eda ya 130 detenciones anteriores \u00bfQue pasa con la justicia Chilena?"},"content":{"rendered":"\n<p>Trabajo de Carabineros de la 4ta. Comisar\u00eda Rengo, permite dar con la detenci\u00f3n de un individuo con m\u00e1s de 130 detenciones anteriores; adem\u00e1s de un segundo detenido por porte de arma blanca.<\/p>\n\n\n\n<p>El d\u00eda de hoy, personal de Carabineros de la 4ta. Comisar\u00eda Rengo, tras realizar diversos patrullajes preventivos en el sector c\u00e9ntrico de la comuna, logra la detenci\u00f3n de dos individuos.<\/p>\n\n\n\n<p>El primero, corresponde a un individuo adulto de iniciales C.I.R.G., de 24 a\u00f1os, chileno, quien presentaba una orden de detenci\u00f3n vigente por el Delito de Hurto; por tanto, es puesto a disposici\u00f3n del Ministerio P\u00fablico, quien instruye pase a 1er. Control de detenci\u00f3n. El citado detenido presenta m\u00e1s de 130 detenciones anteriores, por distintos delitos.<\/p>\n\n\n\n<p>En tanto, el segundo detenido, corresponde a un individuo adulto, de iniciales C.A.C.V., de 20 a\u00f1os, chileno, quien se encontraba en la plaza de armas, portando entre sus vestimentas un arma blanca tipo cuchillo, siendo detenido en el instante y puesto a disposici\u00f3n del Ministerio P\u00fablico, quien instruye pase a 1er. Control de detenci\u00f3n.<\/p>\n\n\n\n<p>El Capit\u00e1n Juan Ram\u00edrez Madriaga, Comisario de la 4ta. Comisar\u00eda Rengo, manifiesta que los Carabineros contin\u00faan trabajando para dar seguridad a la ciudadan\u00eda.<\/p>\n","protected":false},"excerpt":{"rendered":"Trabajo de Carabineros de la 4ta. Comisar\u00eda Rengo, permite dar con la detenci\u00f3n de un individuo con m\u00e1s&hellip;\n","protected":false},"author":1,"featured_media":2165,"comment_status":"open","ping_status":"open","sticky":false,"template":"","format":"standard","meta":{"_monsterinsights_skip_tracking":false,"_monsterinsights_sitenote_active":false,"_monsterinsights_sitenote_note":"","_monsterinsights_sitenote_category":0,"footnotes":""},"categories":[5,8],"tags":[],"class_list":{"0":"post-2164","1":"post","2":"type-post","3":"status-publish","4":"format-standard","5":"has-post-thumbnail","7":"category-policial","8":"category-portada"},"aioseo_notices":[],"_links":{"self":[{"href":"https:\/\/www.rengoenlanoticia.cl\/prensa\/wp-json\/wp\/v2\/posts\/2164","targetHints":{"allow":["GET"]}}],"collection":[{"href":"https:\/\/www.rengoenlanoticia.cl\/prensa\/wp-json\/wp\/v2\/posts"}],"about":[{"href":"https:\/\/www.rengoenlanoticia.cl\/prensa\/wp-json\/wp\/v2\/types\/post"}],"author":[{"embeddable":true,"href":"https:\/\/www.rengoenlanoticia.cl\/prensa\/wp-json\/wp\/v2\/users\/1"}],"replies":[{"embeddable":true,"href":"https:\/\/www.rengoenlanoticia.cl\/prensa\/wp-json\/wp\/v2\/comments?post=2164"}],"version-history":[{"count":2,"href":"https:\/\/www.rengoenlanoticia.cl\/prensa\/wp-json\/wp\/v2\/posts\/2164\/revisions"}],"predecessor-version":[{"id":2167,"href":"https:\/\/www.rengoenlanoticia.cl\/prensa\/wp-json\/wp\/v2\/posts\/2164\/revisions\/2167"}],"wp:featuredmedia":[{"embeddable":true,"href":"https:\/\/www.rengoenlanoticia.cl\/prensa\/wp-json\/wp\/v2\/media\/2165"}],"wp:attachment":[{"href":"https:\/\/www.rengoenlanoticia.cl\/prensa\/wp-json\/wp\/v2\/media?parent=2164"}],"wp:term":[{"taxonomy":"category","embeddable":true,"href":"https:\/\/www.rengoenlanoticia.cl\/prensa\/wp-json\/wp\/v2\/categories?post=2164"},{"taxonomy":"post_tag","embeddable":true,"href":"https:\/\/www.rengoenlanoticia.cl\/prensa\/wp-json\/wp\/v2\/tags?post=2164"}],"curies":[{"name":"wp","href":"https:\/\/api.w.org\/{rel}","templated":true}]}}