{"id":2160,"date":"2025-03-28T02:57:31","date_gmt":"2025-03-28T02:57:31","guid":{"rendered":"https:\/\/www.rengoenlanoticia.cl\/prensa\/?p=2160"},"modified":"2025-03-28T02:58:42","modified_gmt":"2025-03-28T02:58:42","slug":"sip-de-la-4-comisaria-rengocarabineros-detiene-a-una-persona-vinculada-al-robo-de-cables-de-cobre","status":"publish","type":"post","link":"https:\/\/www.rengoenlanoticia.cl\/prensa\/2025\/03\/28\/sip-de-la-4-comisaria-rengocarabineros-detiene-a-una-persona-vinculada-al-robo-de-cables-de-cobre\/","title":{"rendered":"SIP de la 4\u00b0 Comisar\u00eda Rengo:Carabineros detiene a una persona vinculada al robo de cables de cobre"},"content":{"rendered":"\n<ul class=\"wp-block-list\">\n<li>En su domicilio manten\u00eda especies de la empresa E.F.E. y dos pistolas a fogueo y munici\u00f3n.<\/li>\n<\/ul>\n\n\n\n<p>A ra\u00edz de diligencias investigativas desarrolladas por la Secci\u00f3n de Investigaci\u00f3n Policial, SIP, de la 4\u00b0 Comisar\u00eda Rengo, en coordinaci\u00f3n con Fiscal\u00eda Local de Rengo, en relaci\u00f3n al robo de cables cobre y derivados, se logr\u00f3 la detenci\u00f3n de una persona que manten\u00eda en dependencias de su domicilio diversas especies, entre ellas clavos de sujeci\u00f3n de riel de la empresa EFE y munici\u00f3n calibre 22.<br>El Comisario de la 4\u00b0 Comisar\u00eda Rengo, Capit\u00e1n Juan Ram\u00edrez Madariaga, inform\u00f3 que \u201clos antecedentes producto de la investigaci\u00f3n desarrollada por Carabineros junto a Fiscal\u00eda de Rengo, permiti\u00f3 que se autorizara la entrada y registro voluntario del domicilio del imputado, ubicado en el campamento Galvarino, sector la Isla\u201d.<br>En el inmueble se encontraron diversas especies, entre ellas 40 sillas de apoyo de riel; 95 clavos de sujeci\u00f3n de riel pertenecientes a la empresa E.F.E., avaluados en 12 millones de pesos. Adem\u00e1s, se decomisaron dos pistolas a fogueo y una munici\u00f3n calibre 22 sin percutir.<br>Durante el procedimiento se detuvo a J.J.G.G., 55 a\u00f1os, con antecedentes policiales, nada pendiente y pasar\u00e1 a control de detenci\u00f3n por los delitos de receptaci\u00f3n de especies y tenencia ilegal de arma y munici\u00f3n.<\/p>\n","protected":false},"excerpt":{"rendered":"A ra\u00edz de diligencias investigativas desarrolladas por la Secci\u00f3n de Investigaci\u00f3n Policial, SIP, de la 4\u00b0 Comisar\u00eda Rengo,&hellip;\n","protected":false},"author":1,"featured_media":2161,"comment_status":"open","ping_status":"open","sticky":false,"template":"","format":"standard","meta":{"_monsterinsights_skip_tracking":false,"_monsterinsights_sitenote_active":false,"_monsterinsights_sitenote_note":"","_monsterinsights_sitenote_category":0,"footnotes":""},"categories":[5],"tags":[],"class_list":{"0":"post-2160","1":"post","2":"type-post","3":"status-publish","4":"format-standard","5":"has-post-thumbnail","7":"category-policial"},"aioseo_notices":[],"_links":{"self":[{"href":"https:\/\/www.rengoenlanoticia.cl\/prensa\/wp-json\/wp\/v2\/posts\/2160","targetHints":{"allow":["GET"]}}],"collection":[{"href":"https:\/\/www.rengoenlanoticia.cl\/prensa\/wp-json\/wp\/v2\/posts"}],"about":[{"href":"https:\/\/www.rengoenlanoticia.cl\/prensa\/wp-json\/wp\/v2\/types\/post"}],"author":[{"embeddable":true,"href":"https:\/\/www.rengoenlanoticia.cl\/prensa\/wp-json\/wp\/v2\/users\/1"}],"replies":[{"embeddable":true,"href":"https:\/\/www.rengoenlanoticia.cl\/prensa\/wp-json\/wp\/v2\/comments?post=2160"}],"version-history":[{"count":2,"href":"https:\/\/www.rengoenlanoticia.cl\/prensa\/wp-json\/wp\/v2\/posts\/2160\/revisions"}],"predecessor-version":[{"id":2163,"href":"https:\/\/www.rengoenlanoticia.cl\/prensa\/wp-json\/wp\/v2\/posts\/2160\/revisions\/2163"}],"wp:featuredmedia":[{"embeddable":true,"href":"https:\/\/www.rengoenlanoticia.cl\/prensa\/wp-json\/wp\/v2\/media\/2161"}],"wp:attachment":[{"href":"https:\/\/www.rengoenlanoticia.cl\/prensa\/wp-json\/wp\/v2\/media?parent=2160"}],"wp:term":[{"taxonomy":"category","embeddable":true,"href":"https:\/\/www.rengoenlanoticia.cl\/prensa\/wp-json\/wp\/v2\/categories?post=2160"},{"taxonomy":"post_tag","embeddable":true,"href":"https:\/\/www.rengoenlanoticia.cl\/prensa\/wp-json\/wp\/v2\/tags?post=2160"}],"curies":[{"name":"wp","href":"https:\/\/api.w.org\/{rel}","templated":true}]}}