{"id":2152,"date":"2025-03-28T02:46:12","date_gmt":"2025-03-28T02:46:12","guid":{"rendered":"https:\/\/www.rengoenlanoticia.cl\/prensa\/?p=2152"},"modified":"2025-03-28T02:46:38","modified_gmt":"2025-03-28T02:46:38","slug":"ante-la-prohibicion-de-uso-de-lena-en-rancagua-y-machali","status":"publish","type":"post","link":"https:\/\/www.rengoenlanoticia.cl\/prensa\/2025\/03\/28\/ante-la-prohibicion-de-uso-de-lena-en-rancagua-y-machali\/","title":{"rendered":"Ante la Prohibici\u00f3n de uso de le\u00f1a en Rancagua y Machal\u00ed"},"content":{"rendered":"\n<p><strong>Delegado Presidencial: \u201cEsta medida tiene como \u00fanico norte el cuidar la salud de todos\u201d<\/strong><\/p>\n\n\n\n<p>\u2022 As\u00ed fue informado en punto de prensa donde autoridades regionales abordaron la iniciativa que ha sido anunciada desde que exist\u00eda el antiguo plan de descontaminaci\u00f3n.<\/p>\n\n\n\n<p>Rancagua, jueves 27 de marzo de 2025.- La salud de la comunidad es una preocupaci\u00f3n constante para el Gobierno, en especial cuando existen zonas con alta contaminaci\u00f3n que afectan mayoritariamente a los ni\u00f1os, ni\u00f1as, personas mayores y enfermos cr\u00f3nicos. Un ejemplo es la zona saturada de la Regi\u00f3n de O&#8217;Higgins, y ante ello las autoridades informaron que a partir del pr\u00f3ximo 29 de marzo, queda prohibido el encendido de estufas a le\u00f1a en las dos comunas que presentan mayores \u00edndices de contaminaci\u00f3n, que son Rancagua y Machal\u00ed.<\/p>\n\n\n\n<p>Lo anterior fue abordado en punto de prensa del Delegado Presidencial Regional (DPR), Fabio L\u00f3pez, junto a parlamentarios y los seremis de Medioambiente, Salud y Agricultura, donde se destac\u00f3 que la medida ya hab\u00eda sido masivamente difundida desde que exist\u00eda el antiguo plan de descontaminaci\u00f3n.<\/p>\n\n\n\n<p>Las autoridades destacaron que el uso de artefactos a le\u00f1a en los hogares es la principal fuente de contaminaci\u00f3n del aire en el valle central de O\u00b4Higgins. Bajo esta premisa, es que el Plan de Descontaminaci\u00f3n por material particulado fino, MP 2,5 contiene medidas espec\u00edficas para disminuir los niveles de contaminaci\u00f3n y proteger la salud de la poblaci\u00f3n a trav\u00e9s de la restricci\u00f3n progresiva al uso de le\u00f1a en zonas urbanas. En lo espec\u00edfico, proh\u00edbe el uso de calderas de calefacci\u00f3n, estufas a le\u00f1a con o sin certificaci\u00f3n de la Superintendencia de Electricidad y Combustibles (SEC) y cocinas a le\u00f1a. Pero s\u00ed estar\u00e1 permitido usar estufas de pellets certificadas.<\/p>\n\n\n\n<p>\u00abHemos venido trabajando desde hace ya dos a\u00f1os haciendo anuncios respecto a esta medida que tiene como \u00fanica finalidad el bien mayor, que es cuidar la salud de las personas. Estamos junto al Ministerio de Salud haciendo un fuerte llamado a fortalecer el proceso de vacunaci\u00f3n porque es sabido que en los meses de invierno vemos c\u00f3mo los servicios de urgencia se ven especialmente llenos, abarrotados. No queremos lamentar muertes, y que tengamos los servicios de urgencia completamente abarrotados con crisis respiratorias ahora que comienzan los meses de invierno y donde el uso de le\u00f1a es Por lo mismo, esto es una medida que, repito, tiene como \u00fanico norte el cuidado de la salud de las personas\u201d, indic\u00f3 el Delegado Presidencial Fabio L\u00f3pez.<\/p>\n\n\n\n<p>Asimismo, la DPR explic\u00f3 que la prohibici\u00f3n es no usar calefacci\u00f3n a le\u00f1a. \u00abHay locales de venta que est\u00e1n en estas dos comunas y van a poder seguir funcionando. Esta conurbaci\u00f3n, Rancagua-Machal\u00ed, es la primera que parte luego del a\u00f1o 2017 en donde se prohibi\u00f3 en el gran Santiago el uso de calefactores a le\u00f1a. Por lo tanto, somos la primera regi\u00f3n que parte con esta medida en pro de la salud de los vecinos y vecinas\u00bb.<\/p>\n\n\n\n<p>Al respecto, la SEREMI de Salud, Dra. Carolina Torres, coment\u00f3 que \u00abpara nosotros como Gobierno del Presidente Boric, lo primario es cautelar la salud de la ciudadan\u00eda. De hecho, hemos tenido esta semana, la declaraci\u00f3n de una alerta por circulaci\u00f3n viral. Ya empezamos el 1 de marzo la campa\u00f1a de vacunaci\u00f3n para los grupos de riesgo, sabiendo que se viene un invierno muy complejo. As\u00ed que esta medida nos va a ayudar a cuidar la salud de la ciudadan\u00eda\u00bb.<\/p>\n\n\n\n<p>A\u00f1adi\u00f3 Carolina Torres que \u00abestamos, a trav\u00e9s de un trabajo articulado, aplicando pol\u00edticas p\u00fablicas que le hagan sentido a la ciudadan\u00eda. As\u00ed que invitamos a todos los ciudadanos, si es que tenemos alguna evidencia de un incumplimiento de esta normativa, que puedan hacer las denuncias a trav\u00e9s de mensajes de WhatsApp a un tel\u00e9fono que est\u00e1 habilitado para este fin, que vamos a compartir en nuestras redes sociales\u00bb.<\/p>\n\n\n\n<p>La autoridad de salud advirti\u00f3 que existen multas por el incumplimiento que van desde la amonestaci\u00f3n hasta las mil UTM, dependiendo de si hay una reiteraci\u00f3n de la falta. \u201cEl a\u00f1o pasado tuvimos cerca de 20 mil fiscalizaciones y de ellas se iniciaron 93 sumarios sanitarios, as\u00ed que se ha visto una mejora respecto a la conducta de la ciudadan\u00eda\u201d.<\/p>\n\n\n\n<p>En el mismo tenor, el Senador Juan Luis Castro dijo que \u00abya muchas personas se han trasladado al pellet, al gas, a la electricidad. Han buscado distintos mecanismos, porque justamente los sectores m\u00e1s populares que usan le\u00f1a entienden y comprenden que esta es una medida que tiene que tener una contraparte punitiva cuando corresponde. Aqu\u00ed no va a haber un inspector en cada casa o en cada calle. Pero s\u00ed apelamos a la denuncia ciudadana, a que el Gobierno -a trav\u00e9s de la Seremi de Salud y tambi\u00e9n la Superintendencia de Medio Ambiente- tenga capacidad fiscalizadora real, porque esta es una gran medida que es bienvenida. Esto no es un tsunami. Estamos previniendo esas 4 mil muertes al a\u00f1o que hay en Chile producto de la contaminaci\u00f3n que es controlable y manejable y que en el caso nuestro es por le\u00f1a\u201d.<\/p>\n\n\n\n<p>De igual forma, el Diputado Ra\u00fal Soto resalt\u00f3 que \u00abesta es una medida que puede o no gustar, pero que es por el bien colectivo y es en el inter\u00e9s de la salud p\u00fablica, de las propias personas y tambi\u00e9n en el cuidado del medioambiente. Desde esa perspectiva, mi llamado es al autocuidado, porque tiene que partir por las propias personas y que todos entendamos que es necesario hacer, que es un cambio cultural que se va a ir produciendo y que va a seguir creciendo\u00bb.<\/p>\n\n\n\n<p><strong><u>Recambio calefactores y quema agr\u00edcola<\/u><\/strong><\/p>\n\n\n\n<p>Entendiendo que la calidad del aire es una de las prioridades del Gobierno del Presidente Gabriel Boric, seg\u00fan se\u00f1alaron las autoridades, se explic\u00f3 que esta semana se dio inicio al nuevo llamado del Programa Recambio de Calefactores (PRC) a\u00f1o 2025, l\u00ednea pellet y aire acondicionado con eficiencia energ\u00e9tica. Este proceso de postulaci\u00f3n se extender\u00e1 hasta el 23 de abril a trav\u00e9s de la p\u00e1gina&nbsp;<a href=\"http:\/\/calefactores.mma.gob.cl\/\" target=\"_blank\" rel=\"noreferrer noopener\">calefactores.mma.gob.cl<\/a>&nbsp;o de manera presencial en la oficina de la Seremi de Medio Ambiente, ubicada en Estado #177, Rancagua.<\/p>\n\n\n\n<p>\u00abEn las regiones del sur de Chile, desde la sexta a la und\u00e9cima, la mayor cantidad de contaminantes proviene del uso de la calefacci\u00f3n a le\u00f1a. Hoy d\u00eda, tal como dec\u00eda el Delegado, estamos marcando un hito, estamos marcando un punto de inflexi\u00f3n. Vamos a ser la primera regi\u00f3n, despu\u00e9s de la regi\u00f3n metropolitana, en aplicar este tipo de medidas que sin duda alguna va a mejorar los \u00edndices de calidad del aire\u00bb, enfatiz\u00f3 la SEREMI de Medio Ambiente O\u00b4Higgins, Giovanna Amaya.<\/p>\n\n\n\n<p>La autoridad de medioambiente, junto con invitar a participar del Programa de Recambio de Calefactores, se\u00f1al\u00f3 que \u00abhoy nuestro llamado es sumarse a esta campa\u00f1a, pero tambi\u00e9n evitar multas y avanzar a tecnolog\u00edas limpias y sostenibles. Entendemos que es una medida sumamente impactante, pero ven\u00edamos anunciando de sobremanera\u00bb.<\/p>\n\n\n\n<p>Finalmente, fue el SEREMI de Agricultura, Cristian Silva, quien se refiri\u00f3 a las quemas agr\u00edcolas. \u00abComo Ministerio, a trav\u00e9s de Conaf, a partir del 01 de abril se proh\u00edbe toda quema agr\u00edcola en las 17 comunas que son parte del Plan de Descontaminaci\u00f3n Ambiental. En tanto actualmente se ha suspendido el aviso de quemas en las comunas de Lolol y Pumanque y en toda la provincia de Cardenal Caro, ello ante las condiciones agroclim\u00e1ticas. De esta forma podemos contribuir a evitar posibles incendios forestales y tambi\u00e9n cuidamos la salud de los trabajadores del mundo agr\u00edcola\u00bb.<\/p>\n","protected":false},"excerpt":{"rendered":"Delegado Presidencial: \u201cEsta medida tiene como \u00fanico norte el cuidar la salud de todos\u201d \u2022 As\u00ed fue informado&hellip;\n","protected":false},"author":1,"featured_media":2153,"comment_status":"open","ping_status":"open","sticky":false,"template":"","format":"standard","meta":{"_monsterinsights_skip_tracking":false,"_monsterinsights_sitenote_active":false,"_monsterinsights_sitenote_note":"","_monsterinsights_sitenote_category":0,"footnotes":""},"categories":[8],"tags":[],"class_list":{"0":"post-2152","1":"post","2":"type-post","3":"status-publish","4":"format-standard","5":"has-post-thumbnail","7":"category-portada"},"aioseo_notices":[],"_links":{"self":[{"href":"https:\/\/www.rengoenlanoticia.cl\/prensa\/wp-json\/wp\/v2\/posts\/2152","targetHints":{"allow":["GET"]}}],"collection":[{"href":"https:\/\/www.rengoenlanoticia.cl\/prensa\/wp-json\/wp\/v2\/posts"}],"about":[{"href":"https:\/\/www.rengoenlanoticia.cl\/prensa\/wp-json\/wp\/v2\/types\/post"}],"author":[{"embeddable":true,"href":"https:\/\/www.rengoenlanoticia.cl\/prensa\/wp-json\/wp\/v2\/users\/1"}],"replies":[{"embeddable":true,"href":"https:\/\/www.rengoenlanoticia.cl\/prensa\/wp-json\/wp\/v2\/comments?post=2152"}],"version-history":[{"count":2,"href":"https:\/\/www.rengoenlanoticia.cl\/prensa\/wp-json\/wp\/v2\/posts\/2152\/revisions"}],"predecessor-version":[{"id":2155,"href":"https:\/\/www.rengoenlanoticia.cl\/prensa\/wp-json\/wp\/v2\/posts\/2152\/revisions\/2155"}],"wp:featuredmedia":[{"embeddable":true,"href":"https:\/\/www.rengoenlanoticia.cl\/prensa\/wp-json\/wp\/v2\/media\/2153"}],"wp:attachment":[{"href":"https:\/\/www.rengoenlanoticia.cl\/prensa\/wp-json\/wp\/v2\/media?parent=2152"}],"wp:term":[{"taxonomy":"category","embeddable":true,"href":"https:\/\/www.rengoenlanoticia.cl\/prensa\/wp-json\/wp\/v2\/categories?post=2152"},{"taxonomy":"post_tag","embeddable":true,"href":"https:\/\/www.rengoenlanoticia.cl\/prensa\/wp-json\/wp\/v2\/tags?post=2152"}],"curies":[{"name":"wp","href":"https:\/\/api.w.org\/{rel}","templated":true}]}}