{"id":2147,"date":"2025-03-28T02:40:30","date_gmt":"2025-03-28T02:40:30","guid":{"rendered":"https:\/\/www.rengoenlanoticia.cl\/prensa\/?p=2147"},"modified":"2025-03-28T02:41:02","modified_gmt":"2025-03-28T02:41:02","slug":"seremi-de-energia-invita-a-participar-en-el-programa-agua-rural-solar","status":"publish","type":"post","link":"https:\/\/www.rengoenlanoticia.cl\/prensa\/2025\/03\/28\/seremi-de-energia-invita-a-participar-en-el-programa-agua-rural-solar\/","title":{"rendered":"Seremi de energ\u00eda invita a participar en el programa Agua Rural Solar"},"content":{"rendered":"\n<p>Desde el SSR de Tunca en San Vicente de Tagua Tagua se hace la convocatoria para Servicios Sanitarios Rurales (Ex APR) cuya postulaci\u00f3n est\u00e1 abierta hasta el 4 de Abril.<\/p>\n\n\n\n<p>El Ministerio de Energ\u00eda, en conjunto con la Agencia de Sostenibilidad Energ\u00e9tica (AgenciaSE), ha lanzado el concurso \u00abAgua Rural Solar\u00bb, dirigido a los Servicios Sanitarios Rurales (SSR) antiguamente conocidos como APR de todo Chile. Este programa tiene como objetivo implementar medidas de eficiencia energ\u00e9tica y tecnolog\u00edas de energ\u00edas renovables para el autoconsumo en los SSR, reduciendo as\u00ed los costos operativos y mejorando la gesti\u00f3n energ\u00e9tica.<\/p>\n\n\n\n<p>La convocatoria, abierta hasta el 4 de abril, se enfoca en proporcionar asesor\u00eda t\u00e9cnica para el dise\u00f1o de proyectos integrales de energ\u00eda sostenible. Los SSR seleccionados recibir\u00e1n apoyo para desarrollar proyectos que incorporen sistemas solares fotovoltaicos y otras medidas de eficiencia energ\u00e9tica, logrando una reducci\u00f3n de hasta un 60% en los costos de energ\u00eda el\u00e9ctrica.<\/p>\n\n\n\n<p>El Seremi de Energ\u00eda, Claudio Mart\u00ednez, invita a todos los SSR a participar en este programa, destacando la experiencia exitosa del SSR de Tunca en San Vicente de Tagua Tagua. En este lugar, los paneles solares han logrado generar gran parte del consumo de energ\u00eda para el bombeo de agua potable. Mart\u00ednez se\u00f1al\u00f3: \u201cVemos estos paneles que incluso los d\u00edas nublados generan electricidad para el bombeo de las familias de Tunca. Este ejemplo buscamos que crezca en la regi\u00f3n y que el costo m\u00e1s grande que tienen los SSR, que es la electricidad, tambi\u00e9n disminuya\u201d.<\/p>\n\n\n\n<p>Por su parte, Felipe Cid, administrador del SSR de Tunca, coment\u00f3: \u201cEn los mejores d\u00edas generamos hasta el 70% de lo que utiliza el bombeo con energ\u00eda solar. La energ\u00eda nos sale claramente m\u00e1s barata que otros APRs de la regi\u00f3n con lo que hemos hablado\u201d.<\/p>\n\n\n\n<p>Este llamado est\u00e1 dirigido a comit\u00e9s y cooperativas que administran SSR de diversos tama\u00f1os a nivel nacional. Los interesados deben postularse antes de la fecha l\u00edmite para beneficiarse de esta oportunidad \u00fanica de mejorar la sostenibilidad y eficiencia de sus operaciones. Para m\u00e1s informaci\u00f3n, visitar <a href=\"https:\/\/www.agenciase.org\/agua-rural-solar\/\">https:\/\/www.agenciase.org\/agua-rural-solar\/<\/a><\/p>\n","protected":false},"excerpt":{"rendered":"Desde el SSR de Tunca en San Vicente de Tagua Tagua se hace la convocatoria para Servicios Sanitarios&hellip;\n","protected":false},"author":2,"featured_media":2148,"comment_status":"open","ping_status":"open","sticky":false,"template":"","format":"standard","meta":{"_monsterinsights_skip_tracking":false,"_monsterinsights_sitenote_active":false,"_monsterinsights_sitenote_note":"","_monsterinsights_sitenote_category":0,"footnotes":""},"categories":[1],"tags":[],"class_list":{"0":"post-2147","1":"post","2":"type-post","3":"status-publish","4":"format-standard","5":"has-post-thumbnail","7":"category-uncategorized"},"aioseo_notices":[],"_links":{"self":[{"href":"https:\/\/www.rengoenlanoticia.cl\/prensa\/wp-json\/wp\/v2\/posts\/2147","targetHints":{"allow":["GET"]}}],"collection":[{"href":"https:\/\/www.rengoenlanoticia.cl\/prensa\/wp-json\/wp\/v2\/posts"}],"about":[{"href":"https:\/\/www.rengoenlanoticia.cl\/prensa\/wp-json\/wp\/v2\/types\/post"}],"author":[{"embeddable":true,"href":"https:\/\/www.rengoenlanoticia.cl\/prensa\/wp-json\/wp\/v2\/users\/2"}],"replies":[{"embeddable":true,"href":"https:\/\/www.rengoenlanoticia.cl\/prensa\/wp-json\/wp\/v2\/comments?post=2147"}],"version-history":[{"count":2,"href":"https:\/\/www.rengoenlanoticia.cl\/prensa\/wp-json\/wp\/v2\/posts\/2147\/revisions"}],"predecessor-version":[{"id":2151,"href":"https:\/\/www.rengoenlanoticia.cl\/prensa\/wp-json\/wp\/v2\/posts\/2147\/revisions\/2151"}],"wp:featuredmedia":[{"embeddable":true,"href":"https:\/\/www.rengoenlanoticia.cl\/prensa\/wp-json\/wp\/v2\/media\/2148"}],"wp:attachment":[{"href":"https:\/\/www.rengoenlanoticia.cl\/prensa\/wp-json\/wp\/v2\/media?parent=2147"}],"wp:term":[{"taxonomy":"category","embeddable":true,"href":"https:\/\/www.rengoenlanoticia.cl\/prensa\/wp-json\/wp\/v2\/categories?post=2147"},{"taxonomy":"post_tag","embeddable":true,"href":"https:\/\/www.rengoenlanoticia.cl\/prensa\/wp-json\/wp\/v2\/tags?post=2147"}],"curies":[{"name":"wp","href":"https:\/\/api.w.org\/{rel}","templated":true}]}}