{"id":2143,"date":"2025-03-28T02:35:28","date_gmt":"2025-03-28T02:35:28","guid":{"rendered":"https:\/\/www.rengoenlanoticia.cl\/prensa\/?p=2143"},"modified":"2025-03-28T02:42:38","modified_gmt":"2025-03-28T02:42:38","slug":"seremi-de-economia-de-ohiggins-dario-garcia-valora-avance-en-el-proyecto-de-ley-de-permisos-sectoriales","status":"publish","type":"post","link":"https:\/\/www.rengoenlanoticia.cl\/prensa\/2025\/03\/28\/seremi-de-economia-de-ohiggins-dario-garcia-valora-avance-en-el-proyecto-de-ley-de-permisos-sectoriales\/","title":{"rendered":"SEREMI de Econom\u00eda de O&#8217;Higgins, Dar\u00edo Garc\u00eda, Valora Avance en el Proyecto de Ley de Permisos Sectoriales"},"content":{"rendered":"\n<p>El proyecto de ley busca agilizar y simplificar la obtenci\u00f3n de permisos, promoviendo la reactivaci\u00f3n econ\u00f3mica sin comprometer est\u00e1ndares regulatorios.<\/p>\n\n\n\n<p>El ministro de Econom\u00eda, Nicol\u00e1s Grau, subray\u00f3 el impacto positivo de la iniciativa, se\u00f1alando que se trata de un proyecto \u201cfundamental para nuestra econom\u00eda y para el pa\u00eds\u201d, ya que busca acelerar la inversi\u00f3n sin reducir los est\u00e1ndares regulatorios. Con la aprobaci\u00f3n en la Comisi\u00f3n de Econom\u00eda, el proyecto avanzar\u00e1 ahora hacia la Comisi\u00f3n de Hacienda del Senado.<\/p>\n\n\n\n<p>As\u00ed tambi\u00e9n, durante la jornada de hoy, el SEREMI de Econom\u00eda de O&#8217;Higgins, Dar\u00edo Garc\u00eda, celebr\u00f3 el avance del proyecto de Ley de Permisos Sectoriales, destacando su importancia para la mejora de la competitividad econ\u00f3mica y el fomento de la inversi\u00f3n en la regi\u00f3n. Este proyecto de ley, que ha sido aprobado en particular por la Comisi\u00f3n de Econom\u00eda del Senado, busca optimizar los procesos administrativos de obtenci\u00f3n de permisos, reduciendo los tiempos de tramitaci\u00f3n entre un 30% y un 70%.<\/p>\n\n\n\n<p>\u201cEste avance es clave para potenciar la inversi\u00f3n en O&#8217;Higgins y en todo Chile. Al simplificar y agilizar los tr\u00e1mites, no solo estamos ofreciendo mayores certezas a los inversionistas, sino que tambi\u00e9n estamos fomentando la creaci\u00f3n de m\u00e1s empleo y fortaleciendo nuestra econom\u00eda regional\u201d, afirm\u00f3 Dar\u00edo Garc\u00eda.<\/p>\n\n\n\n<p>El proyecto de ley, impulsado por el Ministerio de Econom\u00eda, Fomento y Turismo, tiene como objetivo optimizar los tiempos de tramitaci\u00f3n de permisos sectoriales, mejorando la eficiencia de los procesos administrativos sin comprometer los altos est\u00e1ndares regulatorios y ambientales. En este contexto, el SEREMI valor\u00f3 positivamente la visi\u00f3n de colaboraci\u00f3n y el trabajo conjunto entre el Ejecutivo y el Congreso para avanzar en una iniciativa de esta magnitud.<\/p>\n\n\n\n<p>\u201cLa agilizaci\u00f3n de los permisos ser\u00e1 un gran beneficio para las peque\u00f1as y medianas empresas (Mipymes) de nuestra regi\u00f3n, as\u00ed como para los proyectos de mayor envergadura en sectores como la miner\u00eda, la energ\u00eda y la agricultura. Estamos hablando de un cambio estructural que potenciar\u00e1 la inversi\u00f3n y, por ende, el desarrollo de nuestra regi\u00f3n\u201d, destac\u00f3 Garc\u00eda.<\/p>\n\n\n\n<p><strong>Medidas Clave del Proyecto<\/strong><\/p>\n\n\n\n<p>Entre las principales medidas que contempla el proyecto de ley destacan:<\/p>\n\n\n\n<ul class=\"wp-block-list\">\n<li>Habilitaci\u00f3n de declaraciones juradas y avisos en casos de bajo riesgo, lo que simplificar\u00e1 tr\u00e1mites menos complejos y reducir\u00e1 la burocracia.<\/li>\n\n\n\n<li>Aplicaci\u00f3n del silencio administrativo, estableciendo plazos m\u00e1ximos para la resoluci\u00f3n de solicitudes y evitando demoras injustificadas.<\/li>\n\n\n\n<li>Normas claras de procedimiento, que ofrecer\u00e1n certeza jur\u00eddica a quienes requieran permisos, mejorando la predictibilidad de los procesos.<\/li>\n<\/ul>\n\n\n\n<p>Con estas medidas, se espera que el proyecto de ley impulse el desarrollo de iniciativas en diversos sectores productivos, desde negocios locales hasta proyectos de gran escala. La iniciativa contribuir\u00e1 a fortalecer la competitividad econ\u00f3mica a largo plazo y a acelerar la reactivaci\u00f3n econ\u00f3mica, favoreciendo tanto a emprendedores como a grandes inversores.<\/p>\n\n\n\n<p>El SEREMI destac\u00f3 que el avance en la tramitaci\u00f3n de este proyecto es un paso m\u00e1s en la construcci\u00f3n de un entorno m\u00e1s din\u00e1mico y eficiente para los negocios en la Regi\u00f3n de O&#8217;Higgins, impulsando el crecimiento econ\u00f3mico y mejorando la calidad de vida de los habitantes de la regi\u00f3n<\/p>\n","protected":false},"excerpt":{"rendered":"El proyecto de ley busca agilizar y simplificar la obtenci\u00f3n de permisos, promoviendo la reactivaci\u00f3n econ\u00f3mica sin comprometer&hellip;\n","protected":false},"author":1,"featured_media":2144,"comment_status":"open","ping_status":"open","sticky":false,"template":"","format":"standard","meta":{"_monsterinsights_skip_tracking":false,"_monsterinsights_sitenote_active":false,"_monsterinsights_sitenote_note":"","_monsterinsights_sitenote_category":0,"footnotes":""},"categories":[8],"tags":[],"class_list":{"0":"post-2143","1":"post","2":"type-post","3":"status-publish","4":"format-standard","5":"has-post-thumbnail","7":"category-portada"},"aioseo_notices":[],"_links":{"self":[{"href":"https:\/\/www.rengoenlanoticia.cl\/prensa\/wp-json\/wp\/v2\/posts\/2143","targetHints":{"allow":["GET"]}}],"collection":[{"href":"https:\/\/www.rengoenlanoticia.cl\/prensa\/wp-json\/wp\/v2\/posts"}],"about":[{"href":"https:\/\/www.rengoenlanoticia.cl\/prensa\/wp-json\/wp\/v2\/types\/post"}],"author":[{"embeddable":true,"href":"https:\/\/www.rengoenlanoticia.cl\/prensa\/wp-json\/wp\/v2\/users\/1"}],"replies":[{"embeddable":true,"href":"https:\/\/www.rengoenlanoticia.cl\/prensa\/wp-json\/wp\/v2\/comments?post=2143"}],"version-history":[{"count":2,"href":"https:\/\/www.rengoenlanoticia.cl\/prensa\/wp-json\/wp\/v2\/posts\/2143\/revisions"}],"predecessor-version":[{"id":2146,"href":"https:\/\/www.rengoenlanoticia.cl\/prensa\/wp-json\/wp\/v2\/posts\/2143\/revisions\/2146"}],"wp:featuredmedia":[{"embeddable":true,"href":"https:\/\/www.rengoenlanoticia.cl\/prensa\/wp-json\/wp\/v2\/media\/2144"}],"wp:attachment":[{"href":"https:\/\/www.rengoenlanoticia.cl\/prensa\/wp-json\/wp\/v2\/media?parent=2143"}],"wp:term":[{"taxonomy":"category","embeddable":true,"href":"https:\/\/www.rengoenlanoticia.cl\/prensa\/wp-json\/wp\/v2\/categories?post=2143"},{"taxonomy":"post_tag","embeddable":true,"href":"https:\/\/www.rengoenlanoticia.cl\/prensa\/wp-json\/wp\/v2\/tags?post=2143"}],"curies":[{"name":"wp","href":"https:\/\/api.w.org\/{rel}","templated":true}]}}