{"id":2136,"date":"2025-03-27T10:06:34","date_gmt":"2025-03-27T10:06:34","guid":{"rendered":"https:\/\/www.rengoenlanoticia.cl\/prensa\/?p=2136"},"modified":"2025-03-27T10:06:55","modified_gmt":"2025-03-27T10:06:55","slug":"rengo-celebra-el-retorno-de-su-fiesta-de-la-vendimia","status":"publish","type":"post","link":"https:\/\/www.rengoenlanoticia.cl\/prensa\/2025\/03\/27\/rengo-celebra-el-retorno-de-su-fiesta-de-la-vendimia\/","title":{"rendered":"Rengo celebra el retorno de su Fiesta de la Vendimia"},"content":{"rendered":"\n<p>Tras cinco a\u00f1os de ausencia, la comuna de Rengo anunci\u00f3 oficialmente la XIX Versi\u00f3n de la Vendimia Rengo Valle del Cachapoal 2025, un evento que promete recuperar el esplendor de su tradici\u00f3n vitivin\u00edcola y cultural. El lanzamiento se realiz\u00f3 este lunes 24 de marzo en el Municipio, confirmando que la fiesta se desarrollar\u00e1 el viernes 4 y s\u00e1bado 5 de abril en la Plaza de Armas, con entrada gratuita y actividades para toda la familia.&nbsp;<\/p>\n\n\n\n<p>Artistas estelares y diversidad de experiencias<\/p>\n\n\n\n<p>El escenario principal reunir\u00e1 a figuras como Entremares, Carmencita Vald\u00e9s, Los V\u00e1squez, Pastelito de Chile y Z\u00fambale Primo, quienes animar\u00e1n las noches con m\u00fasica en vivo. Adem\u00e1s, el evento contar\u00e1 con:&nbsp;<\/p>\n\n\n\n<figure class=\"wp-block-image size-full\"><img loading=\"lazy\" decoding=\"async\" width=\"1024\" height=\"668\" src=\"https:\/\/www.rengoenlanoticia.cl\/prensa\/wp-content\/uploads\/2025\/03\/WhatsApp-Image-2025-03-25-at-16.55.20.jpeg\" alt=\"\" class=\"wp-image-2138\" srcset=\"https:\/\/www.rengoenlanoticia.cl\/prensa\/wp-content\/uploads\/2025\/03\/WhatsApp-Image-2025-03-25-at-16.55.20.jpeg 1024w, https:\/\/www.rengoenlanoticia.cl\/prensa\/wp-content\/uploads\/2025\/03\/WhatsApp-Image-2025-03-25-at-16.55.20-300x196.jpeg 300w, https:\/\/www.rengoenlanoticia.cl\/prensa\/wp-content\/uploads\/2025\/03\/WhatsApp-Image-2025-03-25-at-16.55.20-768x501.jpeg 768w, https:\/\/www.rengoenlanoticia.cl\/prensa\/wp-content\/uploads\/2025\/03\/WhatsApp-Image-2025-03-25-at-16.55.20-110x72.jpeg 110w, https:\/\/www.rengoenlanoticia.cl\/prensa\/wp-content\/uploads\/2025\/03\/WhatsApp-Image-2025-03-25-at-16.55.20-200x130.jpeg 200w, https:\/\/www.rengoenlanoticia.cl\/prensa\/wp-content\/uploads\/2025\/03\/WhatsApp-Image-2025-03-25-at-16.55.20-380x248.jpeg 380w, https:\/\/www.rengoenlanoticia.cl\/prensa\/wp-content\/uploads\/2025\/03\/WhatsApp-Image-2025-03-25-at-16.55.20-255x166.jpeg 255w, https:\/\/www.rengoenlanoticia.cl\/prensa\/wp-content\/uploads\/2025\/03\/WhatsApp-Image-2025-03-25-at-16.55.20-550x359.jpeg 550w, https:\/\/www.rengoenlanoticia.cl\/prensa\/wp-content\/uploads\/2025\/03\/WhatsApp-Image-2025-03-25-at-16.55.20-800x522.jpeg 800w\" sizes=\"auto, (max-width: 1024px) 100vw, 1024px\" \/><\/figure>\n\n\n\n<p>&#8211; 6 candidatas a Reina de la Vendimia, en una elecci\u00f3n que realzar\u00e1 el folclore local.&nbsp;<\/p>\n\n\n\n<p>&#8211; M\u00e1s de 220 stands de emprendedores, ofreciendo gastronom\u00eda tradicional, food trucks, cerveza artesanal, reposter\u00eda y artesan\u00edas.&nbsp;<\/p>\n\n\n\n<p>&#8211; 20 stands de vi\u00f1as locales, destacando la producci\u00f3n del Valle del Cachapoal.&nbsp;<\/p>\n\n\n\n<figure class=\"wp-block-image size-full\"><img loading=\"lazy\" decoding=\"async\" width=\"1024\" height=\"578\" src=\"https:\/\/www.rengoenlanoticia.cl\/prensa\/wp-content\/uploads\/2025\/03\/WhatsApp-Image-2025-03-25-at-16.55.20-2.jpeg\" alt=\"\" class=\"wp-image-2140\" srcset=\"https:\/\/www.rengoenlanoticia.cl\/prensa\/wp-content\/uploads\/2025\/03\/WhatsApp-Image-2025-03-25-at-16.55.20-2.jpeg 1024w, https:\/\/www.rengoenlanoticia.cl\/prensa\/wp-content\/uploads\/2025\/03\/WhatsApp-Image-2025-03-25-at-16.55.20-2-300x169.jpeg 300w, https:\/\/www.rengoenlanoticia.cl\/prensa\/wp-content\/uploads\/2025\/03\/WhatsApp-Image-2025-03-25-at-16.55.20-2-768x434.jpeg 768w, https:\/\/www.rengoenlanoticia.cl\/prensa\/wp-content\/uploads\/2025\/03\/WhatsApp-Image-2025-03-25-at-16.55.20-2-110x62.jpeg 110w, https:\/\/www.rengoenlanoticia.cl\/prensa\/wp-content\/uploads\/2025\/03\/WhatsApp-Image-2025-03-25-at-16.55.20-2-200x113.jpeg 200w, https:\/\/www.rengoenlanoticia.cl\/prensa\/wp-content\/uploads\/2025\/03\/WhatsApp-Image-2025-03-25-at-16.55.20-2-380x214.jpeg 380w, https:\/\/www.rengoenlanoticia.cl\/prensa\/wp-content\/uploads\/2025\/03\/WhatsApp-Image-2025-03-25-at-16.55.20-2-255x144.jpeg 255w, https:\/\/www.rengoenlanoticia.cl\/prensa\/wp-content\/uploads\/2025\/03\/WhatsApp-Image-2025-03-25-at-16.55.20-2-550x310.jpeg 550w, https:\/\/www.rengoenlanoticia.cl\/prensa\/wp-content\/uploads\/2025\/03\/WhatsApp-Image-2025-03-25-at-16.55.20-2-800x452.jpeg 800w\" sizes=\"auto, (max-width: 1024px) 100vw, 1024px\" \/><\/figure>\n\n\n\n<p>El alcalde Enrique del Barrio, expres\u00f3 en la ceremonia: \u201cTras cinco a\u00f1os, recuperamos esta fiesta que es un s\u00edmbolo de nuestra identidad, al igual como lo hicimos con la piscina municipal. Con rigor y cuidado, queremos que esta edici\u00f3n est\u00e9 a la altura de nuestros vecinos y visitantes. Invito a todos a vivir esta fiesta del vino, de la m\u00fasica, las tradiciones &nbsp;y la uni\u00f3n comunitaria\u00bb.<\/p>\n\n\n\n<figure class=\"wp-block-image size-full\"><img loading=\"lazy\" decoding=\"async\" width=\"1024\" height=\"632\" src=\"https:\/\/www.rengoenlanoticia.cl\/prensa\/wp-content\/uploads\/2025\/03\/WhatsApp-Image-2025-03-25-at-16.55.21.jpeg\" alt=\"\" class=\"wp-image-2139\" srcset=\"https:\/\/www.rengoenlanoticia.cl\/prensa\/wp-content\/uploads\/2025\/03\/WhatsApp-Image-2025-03-25-at-16.55.21.jpeg 1024w, https:\/\/www.rengoenlanoticia.cl\/prensa\/wp-content\/uploads\/2025\/03\/WhatsApp-Image-2025-03-25-at-16.55.21-300x185.jpeg 300w, https:\/\/www.rengoenlanoticia.cl\/prensa\/wp-content\/uploads\/2025\/03\/WhatsApp-Image-2025-03-25-at-16.55.21-768x474.jpeg 768w, https:\/\/www.rengoenlanoticia.cl\/prensa\/wp-content\/uploads\/2025\/03\/WhatsApp-Image-2025-03-25-at-16.55.21-110x68.jpeg 110w, https:\/\/www.rengoenlanoticia.cl\/prensa\/wp-content\/uploads\/2025\/03\/WhatsApp-Image-2025-03-25-at-16.55.21-200x123.jpeg 200w, https:\/\/www.rengoenlanoticia.cl\/prensa\/wp-content\/uploads\/2025\/03\/WhatsApp-Image-2025-03-25-at-16.55.21-380x235.jpeg 380w, https:\/\/www.rengoenlanoticia.cl\/prensa\/wp-content\/uploads\/2025\/03\/WhatsApp-Image-2025-03-25-at-16.55.21-255x157.jpeg 255w, https:\/\/www.rengoenlanoticia.cl\/prensa\/wp-content\/uploads\/2025\/03\/WhatsApp-Image-2025-03-25-at-16.55.21-550x339.jpeg 550w, https:\/\/www.rengoenlanoticia.cl\/prensa\/wp-content\/uploads\/2025\/03\/WhatsApp-Image-2025-03-25-at-16.55.21-800x494.jpeg 800w\" sizes=\"auto, (max-width: 1024px) 100vw, 1024px\" \/><\/figure>\n\n\n\n<p>La Vendimia Rengo 2025 no solo busca consolidarse como un atractivo tur\u00edstico, sino tambi\u00e9n reactivar la econom\u00eda local y fortalecer el orgullo renguino. Con una programaci\u00f3n que combina tradici\u00f3n y modernidad, la comuna aspira a superar las expectativas, recordando su hist\u00f3rico v\u00ednculo con la viticultura y celebrando su patrimonio cultural.<\/p>\n","protected":false},"excerpt":{"rendered":"Tras cinco a\u00f1os de ausencia, la comuna de Rengo anunci\u00f3 oficialmente la XIX Versi\u00f3n de la Vendimia Rengo&hellip;\n","protected":false},"author":1,"featured_media":2137,"comment_status":"open","ping_status":"open","sticky":false,"template":"","format":"standard","meta":{"_monsterinsights_skip_tracking":false,"_monsterinsights_sitenote_active":false,"_monsterinsights_sitenote_note":"","_monsterinsights_sitenote_category":0,"footnotes":""},"categories":[8],"tags":[],"class_list":{"0":"post-2136","1":"post","2":"type-post","3":"status-publish","4":"format-standard","5":"has-post-thumbnail","7":"category-portada"},"aioseo_notices":[],"_links":{"self":[{"href":"https:\/\/www.rengoenlanoticia.cl\/prensa\/wp-json\/wp\/v2\/posts\/2136","targetHints":{"allow":["GET"]}}],"collection":[{"href":"https:\/\/www.rengoenlanoticia.cl\/prensa\/wp-json\/wp\/v2\/posts"}],"about":[{"href":"https:\/\/www.rengoenlanoticia.cl\/prensa\/wp-json\/wp\/v2\/types\/post"}],"author":[{"embeddable":true,"href":"https:\/\/www.rengoenlanoticia.cl\/prensa\/wp-json\/wp\/v2\/users\/1"}],"replies":[{"embeddable":true,"href":"https:\/\/www.rengoenlanoticia.cl\/prensa\/wp-json\/wp\/v2\/comments?post=2136"}],"version-history":[{"count":2,"href":"https:\/\/www.rengoenlanoticia.cl\/prensa\/wp-json\/wp\/v2\/posts\/2136\/revisions"}],"predecessor-version":[{"id":2142,"href":"https:\/\/www.rengoenlanoticia.cl\/prensa\/wp-json\/wp\/v2\/posts\/2136\/revisions\/2142"}],"wp:featuredmedia":[{"embeddable":true,"href":"https:\/\/www.rengoenlanoticia.cl\/prensa\/wp-json\/wp\/v2\/media\/2137"}],"wp:attachment":[{"href":"https:\/\/www.rengoenlanoticia.cl\/prensa\/wp-json\/wp\/v2\/media?parent=2136"}],"wp:term":[{"taxonomy":"category","embeddable":true,"href":"https:\/\/www.rengoenlanoticia.cl\/prensa\/wp-json\/wp\/v2\/categories?post=2136"},{"taxonomy":"post_tag","embeddable":true,"href":"https:\/\/www.rengoenlanoticia.cl\/prensa\/wp-json\/wp\/v2\/tags?post=2136"}],"curies":[{"name":"wp","href":"https:\/\/api.w.org\/{rel}","templated":true}]}}