{"id":2130,"date":"2025-03-26T23:34:00","date_gmt":"2025-03-26T23:34:00","guid":{"rendered":"https:\/\/www.rengoenlanoticia.cl\/prensa\/?p=2130"},"modified":"2025-03-27T10:08:31","modified_gmt":"2025-03-27T10:08:31","slug":"subsecretario-del-interior-se-reunio-con-dirigentes-agricolas-de-region-de-ohiggins","status":"publish","type":"post","link":"https:\/\/www.rengoenlanoticia.cl\/prensa\/2025\/03\/26\/subsecretario-del-interior-se-reunio-con-dirigentes-agricolas-de-region-de-ohiggins\/","title":{"rendered":"Subsecretario del Interior se reuni\u00f3 con dirigentes agr\u00edcolas de Regi\u00f3n de O\u2019Higgins"},"content":{"rendered":"\n<p>La autoridad dialog\u00f3 con representantes del mundo agr\u00edcola, en el marco de una cita en La Moneda, donde particip\u00f3 el Delegado Presidencial Regional.<\/p>\n\n\n\n<p>Con la finalidad de abordar temas de seguridad para el \u00f3ptimo desarrollo del rubro agr\u00edcola, llegaron esta ma\u00f1ana hasta el Palacio de la Moneda, el Delegado Presidencial de O\u2019Higgins, Fabio L\u00f3pez, y dirigentes del sector agr\u00edcola de la regi\u00f3n, sosteniendo una reuni\u00f3n con el Subsecretario del Interior, Luis Cordero.<\/p>\n\n\n\n<p><br>Al t\u00e9rmino de la cita, donde el eje central de la conversaci\u00f3n se relacion\u00f3 con el trabajo interinstitucional y la voluntad del gobierno por un futuro m\u00e1s seguro y pr\u00f3spero para el sector agr\u00edcola, el Delegado Presidencial destac\u00f3 que \u201chemos sostenido hoy una reuni\u00f3n con el Subsecretario del Interior y representantes del mundo agr\u00edcola, quienes hab\u00edan suscrito una carta con peticiones al Gobierno. Esta reuni\u00f3n forma parte de un compromiso que hab\u00eda suscrito el Subsecretario de reunirnos en el Palacio de La Moneda\u201d.<\/p>\n\n\n\n<p>\u201cHa sido una jornada de provecho, ya que se establecieron metas de corto plazo y tambi\u00e9n fue muy aclaratoria, puesto que ante varias de las peticiones de las asociaciones, se inform\u00f3 que estaban ya en proceso, en tr\u00e1mite legislativo o en distintas etapas de tramitaci\u00f3n para su implementaci\u00f3n en el corto plazo, como la ley de fortalecimiento del Ministerio P\u00fablico que fue un tema hoy abordado a prop\u00f3sito de la petici\u00f3n de aumento de fiscales para nuestra regi\u00f3n\u201d, explic\u00f3 Fabio L\u00f3pez.<\/p>\n\n\n\n<p>En la l\u00ednea de lo anterior, la autoridad regional resalt\u00f3 que \u201cfue aclarador por parte del Subsecretario para los dirigentes, ya que se se\u00f1al\u00f3 que eso est\u00e1 en tr\u00e1mite legislativo y que prontamente en el primer semestre del a\u00f1o debiera ver la luz y ser despachado a ley, para transferirle recursos al Ministerio P\u00fablico y de ah\u00ed para adelante, dentro de la autonom\u00eda que tiene esa importante instituci\u00f3n del Estado, se puedan aumentar la cantidad de fiscales y equipos para las regiones\u201d.<\/p>\n\n\n\n<p>Finalmente, el Delegado Presidencial valor\u00f3 el di\u00e1logo y recalc\u00f3 que \u201csiempre existe voluntad de parte nuestra de abordar los temas y buscar soluciones\u201d.<\/p>\n","protected":false},"excerpt":{"rendered":"La autoridad dialog\u00f3 con representantes del mundo agr\u00edcola, en el marco de una cita en La Moneda, donde&hellip;\n","protected":false},"author":1,"featured_media":2131,"comment_status":"open","ping_status":"open","sticky":false,"template":"","format":"standard","meta":{"_monsterinsights_skip_tracking":false,"_monsterinsights_sitenote_active":false,"_monsterinsights_sitenote_note":"","_monsterinsights_sitenote_category":0,"footnotes":""},"categories":[8],"tags":[],"class_list":{"0":"post-2130","1":"post","2":"type-post","3":"status-publish","4":"format-standard","5":"has-post-thumbnail","7":"category-portada"},"aioseo_notices":[],"_links":{"self":[{"href":"https:\/\/www.rengoenlanoticia.cl\/prensa\/wp-json\/wp\/v2\/posts\/2130","targetHints":{"allow":["GET"]}}],"collection":[{"href":"https:\/\/www.rengoenlanoticia.cl\/prensa\/wp-json\/wp\/v2\/posts"}],"about":[{"href":"https:\/\/www.rengoenlanoticia.cl\/prensa\/wp-json\/wp\/v2\/types\/post"}],"author":[{"embeddable":true,"href":"https:\/\/www.rengoenlanoticia.cl\/prensa\/wp-json\/wp\/v2\/users\/1"}],"replies":[{"embeddable":true,"href":"https:\/\/www.rengoenlanoticia.cl\/prensa\/wp-json\/wp\/v2\/comments?post=2130"}],"version-history":[{"count":3,"href":"https:\/\/www.rengoenlanoticia.cl\/prensa\/wp-json\/wp\/v2\/posts\/2130\/revisions"}],"predecessor-version":[{"id":2134,"href":"https:\/\/www.rengoenlanoticia.cl\/prensa\/wp-json\/wp\/v2\/posts\/2130\/revisions\/2134"}],"wp:featuredmedia":[{"embeddable":true,"href":"https:\/\/www.rengoenlanoticia.cl\/prensa\/wp-json\/wp\/v2\/media\/2131"}],"wp:attachment":[{"href":"https:\/\/www.rengoenlanoticia.cl\/prensa\/wp-json\/wp\/v2\/media?parent=2130"}],"wp:term":[{"taxonomy":"category","embeddable":true,"href":"https:\/\/www.rengoenlanoticia.cl\/prensa\/wp-json\/wp\/v2\/categories?post=2130"},{"taxonomy":"post_tag","embeddable":true,"href":"https:\/\/www.rengoenlanoticia.cl\/prensa\/wp-json\/wp\/v2\/tags?post=2130"}],"curies":[{"name":"wp","href":"https:\/\/api.w.org\/{rel}","templated":true}]}}