{"id":2126,"date":"2025-03-26T23:16:46","date_gmt":"2025-03-26T23:16:46","guid":{"rendered":"https:\/\/www.rengoenlanoticia.cl\/prensa\/?p=2126"},"modified":"2025-03-26T23:17:19","modified_gmt":"2025-03-26T23:17:19","slug":"familias-de-oficinas-locales-de-la-ninez-de-rengo-palmilla-y-pichilemu-conocieron-atractivos-turisticos-del-lago-rapel","status":"publish","type":"post","link":"https:\/\/www.rengoenlanoticia.cl\/prensa\/2025\/03\/26\/familias-de-oficinas-locales-de-la-ninez-de-rengo-palmilla-y-pichilemu-conocieron-atractivos-turisticos-del-lago-rapel\/","title":{"rendered":"Familias de Oficinas Locales de la Ni\u00f1ez de Rengo, Palmilla y Pichilemu conocieron atractivos tur\u00edsticos del Lago Rapel"},"content":{"rendered":"\n<p><strong>Como parte del Plan Integral para el Bienestar de ni\u00f1os, ni\u00f1as y adolescentes, y a trav\u00e9s del Programa Turismo Familiar de Sernatur, 60 familias atendidas por estas OLN, pudieron disfrutar de un viaje de tres d\u00edas por este balneario de la regi\u00f3n.<\/strong><\/p>\n\n\n\n<p>En el marco de un convenio de colaboraci\u00f3n entre la Subsecretar\u00eda de la Ni\u00f1ez y el Servicio Nacional de Turismo (Sernatur), 60 familias de la Oficina Local de la Ni\u00f1ez (OLN) de las comunas de Rengo, Palmilla y Pichilemu; junto con ni\u00f1os, ni\u00f1as y adolescentes pertenecientes a dispositivos del Servicio Nacional de Protecci\u00f3n Especializada a la Ni\u00f1ez y Adolescencia, viajaron al destino tur\u00edstico del Lago Rapel, para conocer los atractivos de este balneario y sus alrededores.<\/p>\n\n\n\n<p>La iniciativa forma parte del Plan Integral para el Bienestar de ni\u00f1os, ni\u00f1as y adolescentes, impulsado por la Subsecretar\u00eda de la Ni\u00f1ez, cuyo prop\u00f3sito es apoyar a las familias en la protecci\u00f3n y cuidado de sus hijos e hijas, junto con favorecer instancias para compartir en familia y en comunidad. En esa l\u00ednea, la medida N\u00b0 5 de este plan, considera la ejecuci\u00f3n de paseos familiares y comunitarios, en conjunto con Sernatur, a trav\u00e9s de su programa Turismo Familiar, que incluye diferentes beneficios para este tipo de instancias.<\/p>\n\n\n\n<p>Al respecto, la Seremi de Desarrollo Social y Familia, Nayadeth Ahumada, destac\u00f3 que \u201ccomo Ministerio de Desarrollo Social y Familia, a trav\u00e9s de la Subsecretar\u00eda de la Ni\u00f1ez, estamos impulsando el Plan Integral de Bienestar de ni\u00f1os, ni\u00f1as y adolescentes que est\u00e1 integrado por distintas dimensiones de desarrollo, y una de ellas, es promover una l\u00ednea de paseos familiares y comunitarios, de manera de fomentar las relaciones intergeneracionales y el fortalecimiento de las comunidades. Estos viajes fueron muy provechosos para las familias y esperamos que este tipo de instancias se repitan\u201d.<\/p>\n\n\n\n<p>La titular regional de Desarrollo Social y Familia, agreg\u00f3 que \u201cestamos muy contentos con estos viajes que se desarrollaron durante los fines de semana del mes de marzo, congregando a 120 ni\u00f1os, ni\u00f1as y adolescentes junto a sus cuidadores principales, de nuestras OLN y del Servicio de Protecci\u00f3n Especializada a la Ni\u00f1ez y Adolescencia, quienes en algunos casos visitaron por primera vez el Lago Rapel. Estamos seguros, que para muchos de ellos, ser\u00e1 un viaje que nunca olvidar\u00e1n y lo tendr\u00e1n siempre en sus recuerdos\u201d.<\/p>\n\n\n\n<p>Por su parte, el director regional de Sernatur, Carlos Escobar destac\u00f3 que \u00abestamos felices de que los convenios de colaboraci\u00f3n se traduzcan en sonrisas de ni\u00f1os y familias enteras que pueden conocer y compartir, a trav\u00e9s de estos viajes. Como Sernatur, trabajamos a diario para generar bienestar y mejorar la calidad de vida de la gente de nuestra regi\u00f3n, porque estamos convencidos que mientras m\u00e1s personas tengan acceso al turismo, m\u00e1s desarrollamos esta industria, potenciando, adem\u00e1s, los destinos tur\u00edsticos de O&#8217;Higgins\u00bb.<\/p>\n\n\n\n<p>Cabe destacar que durante el mes de marzo, las familias beneficiadas por esta iniciativa y que son atendidas por las Oficinas Locales de la Ni\u00f1ez de las comunas de Rengo, Palmilla y Pichilemu, viajaron por tres d\u00edas y dos noches al destino tur\u00edstico del Lago Rapel, instancia en que pudieron realizar excursiones, caminatas, actividades recreativas, incluyendo traslados, alimentaci\u00f3n completa, alojamiento y seguros de asistencia en viaje, como parte de este convenio de colaboraci\u00f3n entre la Subsecretar\u00eda de la Ni\u00f1ez y Sernatur.<\/p>\n","protected":false},"excerpt":{"rendered":"Como parte del Plan Integral para el Bienestar de ni\u00f1os, ni\u00f1as y adolescentes, y a trav\u00e9s del Programa&hellip;\n","protected":false},"author":1,"featured_media":2127,"comment_status":"open","ping_status":"open","sticky":false,"template":"","format":"standard","meta":{"_monsterinsights_skip_tracking":false,"_monsterinsights_sitenote_active":false,"_monsterinsights_sitenote_note":"","_monsterinsights_sitenote_category":0,"footnotes":""},"categories":[8],"tags":[],"class_list":{"0":"post-2126","1":"post","2":"type-post","3":"status-publish","4":"format-standard","5":"has-post-thumbnail","7":"category-portada"},"aioseo_notices":[],"_links":{"self":[{"href":"https:\/\/www.rengoenlanoticia.cl\/prensa\/wp-json\/wp\/v2\/posts\/2126","targetHints":{"allow":["GET"]}}],"collection":[{"href":"https:\/\/www.rengoenlanoticia.cl\/prensa\/wp-json\/wp\/v2\/posts"}],"about":[{"href":"https:\/\/www.rengoenlanoticia.cl\/prensa\/wp-json\/wp\/v2\/types\/post"}],"author":[{"embeddable":true,"href":"https:\/\/www.rengoenlanoticia.cl\/prensa\/wp-json\/wp\/v2\/users\/1"}],"replies":[{"embeddable":true,"href":"https:\/\/www.rengoenlanoticia.cl\/prensa\/wp-json\/wp\/v2\/comments?post=2126"}],"version-history":[{"count":2,"href":"https:\/\/www.rengoenlanoticia.cl\/prensa\/wp-json\/wp\/v2\/posts\/2126\/revisions"}],"predecessor-version":[{"id":2129,"href":"https:\/\/www.rengoenlanoticia.cl\/prensa\/wp-json\/wp\/v2\/posts\/2126\/revisions\/2129"}],"wp:featuredmedia":[{"embeddable":true,"href":"https:\/\/www.rengoenlanoticia.cl\/prensa\/wp-json\/wp\/v2\/media\/2127"}],"wp:attachment":[{"href":"https:\/\/www.rengoenlanoticia.cl\/prensa\/wp-json\/wp\/v2\/media?parent=2126"}],"wp:term":[{"taxonomy":"category","embeddable":true,"href":"https:\/\/www.rengoenlanoticia.cl\/prensa\/wp-json\/wp\/v2\/categories?post=2126"},{"taxonomy":"post_tag","embeddable":true,"href":"https:\/\/www.rengoenlanoticia.cl\/prensa\/wp-json\/wp\/v2\/tags?post=2126"}],"curies":[{"name":"wp","href":"https:\/\/api.w.org\/{rel}","templated":true}]}}