{"id":2106,"date":"2025-03-25T20:50:42","date_gmt":"2025-03-25T20:50:42","guid":{"rendered":"https:\/\/www.rengoenlanoticia.cl\/prensa\/?p=2106"},"modified":"2025-03-25T20:50:44","modified_gmt":"2025-03-25T20:50:44","slug":"ante-el-nuevo-hospital-de-pichilemu-gobierno-trabaja-por-nueva-subestacion-electrica","status":"publish","type":"post","link":"https:\/\/www.rengoenlanoticia.cl\/prensa\/2025\/03\/25\/ante-el-nuevo-hospital-de-pichilemu-gobierno-trabaja-por-nueva-subestacion-electrica\/","title":{"rendered":"Ante el nuevo Hospital de Pichilemu Gobierno trabaja por nueva subestaci\u00f3n el\u00e9ctrica"},"content":{"rendered":"\n<p><\/p>\n\n\n\n<p>As\u00ed fue informado durante la reuni\u00f3n sostenida por autoridades regionales y nacionales.<\/p>\n\n\n\n<p>La construcci\u00f3n del nuevo hospital de Pichilemu, un proyecto emblem\u00e1tico para la provincia de Cardenal Caro, conlleva distintos avances paralelos que ser\u00e1n necesarios para su mejor funcionamiento. Uno de ellos es contar con una nueva infraestructura para garantizar el suministro energ\u00e9tico seguro y continuo del recinto hospitalario, pero tambi\u00e9n de la comuna. Ante ello, el Delegado Presidencial Regional de O&#8217;Higgins junto al seremi de Energ\u00eda, han liderado diversas gestiones con el Coordinador El\u00e9ctrico Nacional y la Comisi\u00f3n Nacional de Energ\u00eda.<\/p>\n\n\n\n<p>Respecto a ello, el Delegado Presidencial Fabio L\u00f3pez, explic\u00f3 que \u00abuna meta desde que llegamos al Gobierno ha sido mejorar el tema el\u00e9ctrico, en especial en aquellas comunas donde cualquier inclemencia del tiempo es un factor nefasto para el correcto suministro de energ\u00eda. Una comuna que padece este tema es Pichilemu, que se abastece de energ\u00eda desde la comuna de Marchig\u00fce, lo que hace que la robustez del sistema sea mucho menor y est\u00e9 expuesto a cortes reiterados\u00bb.<\/p>\n\n\n\n<p>\u201cAl ver los avances del nuevo hospital \u2013dijo el Delegado- nos adelantamos en pro de asegurar que Pichilemu cuente con la energ\u00eda suficiente, y no solo para este recinto asistencial, sino para nuevos proyectos habitacionales e inversiones que puedan generarse. nueva l\u00ednea de transmisi\u00f3n, porque la Comisi\u00f3n Nacional de Energ\u00eda y el Coordinador El\u00e9ctrico Nacional han acogido la solicitud y concuerdan en la soluci\u00f3n t\u00e9cnica de la subestaci\u00f3n\u201d.<\/p>\n\n\n\n<p>Durante la reuni\u00f3n, donde junto al Delegado Presidencial particip\u00f3 equipos de los seremis de Energ\u00eda, Econom\u00eda, Vivienda y Servicio de Salud, entre otros, se inform\u00f3 que \u201cya est\u00e1 en carpeta, despu\u00e9s de varias peticiones de nuestra parte junto al seremi de Energ\u00eda, con lo que Pichilemu tendr\u00eda su primera subestaci\u00f3n primaria, robusteciendo el sistema el\u00e9ctrico\u201d. No obstante, llam\u00f3 a la autoridad para entender que esto no ser\u00e1 r\u00e1pido, \u201cpues quedan muchos pasos por delante como los procesos de evaluaci\u00f3n, licitaci\u00f3n y finalmente la construcci\u00f3n. Pero vamos bien encaminados\u201d.<\/p>\n\n\n\n<p>Sobre lo anterior, el Seremi de Energ\u00eda, Claudio Mart\u00ednez, indic\u00f3 que \u00abcomo Ministerio de Energ\u00eda estamos al tanto de la problem\u00e1tica de Pichilemu y hemos trabajado con las autoridades locales, con los emprendedores, con la C\u00e1mara de Turismo, y sabemos que la calidad de energ\u00eda es una problem\u00e1tica que tiene la comuna. Ante ello, se est\u00e1n haciendo las obras de temporada de invierno para disminuir los cortes de energ\u00eda por fuerza mayor, pero esta subestaci\u00f3n lo que va a entregar es una mejora de la calidad de servicio al llevar la energ\u00eda a trav\u00e9s de alta tensi\u00f3n, lo que adem\u00e1s es menos afectado por las inclemencias del tiempo\u201d.<\/p>\n\n\n\n<p>El proyecto -que incluye una l\u00ednea de transmisi\u00f3n que conectar\u00e1 Portezuelo de Marchig\u00fce con Pichilemu- podr\u00eda asegurar un suministro energ\u00e9tico confiable y suficiente para la creciente demanda de la zona, ya que contemplar\u00eda la construcci\u00f3n de una subestaci\u00f3n 110\/13.2 kV en Pichilemu, equipada con un transformador de 30 MVA y sus respectivos pa\u00f1os de conexi\u00f3n.<\/p>\n","protected":false},"excerpt":{"rendered":"As\u00ed fue informado durante la reuni\u00f3n sostenida por autoridades regionales y nacionales. La construcci\u00f3n del nuevo hospital de&hellip;\n","protected":false},"author":2,"featured_media":2108,"comment_status":"open","ping_status":"open","sticky":false,"template":"","format":"standard","meta":{"_monsterinsights_skip_tracking":false,"_monsterinsights_sitenote_active":false,"_monsterinsights_sitenote_note":"","_monsterinsights_sitenote_category":0,"footnotes":""},"categories":[1],"tags":[],"class_list":{"0":"post-2106","1":"post","2":"type-post","3":"status-publish","4":"format-standard","5":"has-post-thumbnail","7":"category-uncategorized"},"aioseo_notices":[],"_links":{"self":[{"href":"https:\/\/www.rengoenlanoticia.cl\/prensa\/wp-json\/wp\/v2\/posts\/2106","targetHints":{"allow":["GET"]}}],"collection":[{"href":"https:\/\/www.rengoenlanoticia.cl\/prensa\/wp-json\/wp\/v2\/posts"}],"about":[{"href":"https:\/\/www.rengoenlanoticia.cl\/prensa\/wp-json\/wp\/v2\/types\/post"}],"author":[{"embeddable":true,"href":"https:\/\/www.rengoenlanoticia.cl\/prensa\/wp-json\/wp\/v2\/users\/2"}],"replies":[{"embeddable":true,"href":"https:\/\/www.rengoenlanoticia.cl\/prensa\/wp-json\/wp\/v2\/comments?post=2106"}],"version-history":[{"count":2,"href":"https:\/\/www.rengoenlanoticia.cl\/prensa\/wp-json\/wp\/v2\/posts\/2106\/revisions"}],"predecessor-version":[{"id":2111,"href":"https:\/\/www.rengoenlanoticia.cl\/prensa\/wp-json\/wp\/v2\/posts\/2106\/revisions\/2111"}],"wp:featuredmedia":[{"embeddable":true,"href":"https:\/\/www.rengoenlanoticia.cl\/prensa\/wp-json\/wp\/v2\/media\/2108"}],"wp:attachment":[{"href":"https:\/\/www.rengoenlanoticia.cl\/prensa\/wp-json\/wp\/v2\/media?parent=2106"}],"wp:term":[{"taxonomy":"category","embeddable":true,"href":"https:\/\/www.rengoenlanoticia.cl\/prensa\/wp-json\/wp\/v2\/categories?post=2106"},{"taxonomy":"post_tag","embeddable":true,"href":"https:\/\/www.rengoenlanoticia.cl\/prensa\/wp-json\/wp\/v2\/tags?post=2106"}],"curies":[{"name":"wp","href":"https:\/\/api.w.org\/{rel}","templated":true}]}}