{"id":2104,"date":"2025-03-25T20:46:54","date_gmt":"2025-03-25T20:46:54","guid":{"rendered":"https:\/\/www.rengoenlanoticia.cl\/prensa\/?p=2104"},"modified":"2025-03-25T20:47:22","modified_gmt":"2025-03-25T20:47:22","slug":"seremi-de-salud-refuerza-llamado-a-vacunacion-ante-alerta-sanitaria-emitida-por-el-minsal","status":"publish","type":"post","link":"https:\/\/www.rengoenlanoticia.cl\/prensa\/2025\/03\/25\/seremi-de-salud-refuerza-llamado-a-vacunacion-ante-alerta-sanitaria-emitida-por-el-minsal\/","title":{"rendered":"Seremi de Salud refuerza llamado a vacunaci\u00f3n ante Alerta Sanitaria emitida por el Minsal"},"content":{"rendered":"\n<p>El Ministerio de Salud (Minsal) ha declarado una Alerta Sanitaria ante el posible aumento de enfermedades respiratorias estacionales, una medida preventiva que se toma antes del inicio del invierno.<\/p>\n\n\n\n<p>Seg\u00fan el Minsal, la alerta busca anticiparse a un posible brote de virus respiratorios y fortalecer las medidas sanitarias en el pa\u00eds.<\/p>\n\n\n\n<p>Al respecto, la Seremi de Salud Dra. Carolina Torres Pinto destac\u00f3 la importancia de esta medida, se\u00f1alando que \u201ces relevante para nosotros contar con herramientas que nos habiliten para tomar medidas preventivas, para trabajar coordinadamente y especialmente para que la ciudadan\u00eda est\u00e9 consciente de los riesgos que significan para nosotros la pr\u00f3xima llegada del invierno\u201d.<\/p>\n\n\n\n<p>Actualmente, se ha identificado un incremento en la circulaci\u00f3n de virus como el SARS-CoV-2, Rinovirus e Influenza tipo A y B, por lo que la Autoridad Sanitaria hizo un llamado a la poblaci\u00f3n a vacunarse y a reforzar las medidas de prevenci\u00f3n. \u201cLa invitaci\u00f3n siempre es actuar con una conciencia de los riesgos y, por tanto, hacer una gesti\u00f3n adecuada de los mismos. Es relevante que las personas se acerquen tempranamente a recibir su inmunizaci\u00f3n para as\u00ed estar preparados ante el incremento en la circulaci\u00f3n viral\u201d.<\/p>\n\n\n\n<p>Asimismo, la titular de la cartera de Salud de O\u2019Higgins sugiri\u00f3 el uso de mascarillas en espacios con mayor riesgo de contagio.<\/p>\n\n\n\n<p>Respecto a las proyecciones para este invierno, la Seremi explic\u00f3 que, de acuerdo con los antecedentes recopilados en el hemisferio norte y las proyecciones del Ministerio de Salud, se espera un adelantamiento en la circulaci\u00f3n viral. Por ello, insisti\u00f3 en la importancia de la vacunaci\u00f3n, destacando la campa\u00f1a que incluye inmunizaci\u00f3n contra la Influenza y el COVID-19, adem\u00e1s de la administraci\u00f3n del f\u00e1rmaco Nirsevimab para prevenir enfermedades graves por Virus Sincicial respiratorio.<\/p>\n\n\n\n<p>Finalmente, la Autoridad Sanitaria enfatiz\u00f3 que \u201ces importante que las personas se mantengan siempre informadas y nos ayuden difundiendo esta informaci\u00f3n para que as\u00ed podamos prepararnos y enfrentar un invierno sin mayores dificultades\u201d.<\/p>\n","protected":false},"excerpt":{"rendered":"El Ministerio de Salud (Minsal) ha declarado una Alerta Sanitaria ante el posible aumento de enfermedades respiratorias estacionales,&hellip;\n","protected":false},"author":1,"featured_media":2105,"comment_status":"open","ping_status":"open","sticky":false,"template":"","format":"standard","meta":{"_monsterinsights_skip_tracking":false,"_monsterinsights_sitenote_active":false,"_monsterinsights_sitenote_note":"","_monsterinsights_sitenote_category":0,"footnotes":""},"categories":[8],"tags":[],"class_list":{"0":"post-2104","1":"post","2":"type-post","3":"status-publish","4":"format-standard","5":"has-post-thumbnail","7":"category-portada"},"aioseo_notices":[],"_links":{"self":[{"href":"https:\/\/www.rengoenlanoticia.cl\/prensa\/wp-json\/wp\/v2\/posts\/2104","targetHints":{"allow":["GET"]}}],"collection":[{"href":"https:\/\/www.rengoenlanoticia.cl\/prensa\/wp-json\/wp\/v2\/posts"}],"about":[{"href":"https:\/\/www.rengoenlanoticia.cl\/prensa\/wp-json\/wp\/v2\/types\/post"}],"author":[{"embeddable":true,"href":"https:\/\/www.rengoenlanoticia.cl\/prensa\/wp-json\/wp\/v2\/users\/1"}],"replies":[{"embeddable":true,"href":"https:\/\/www.rengoenlanoticia.cl\/prensa\/wp-json\/wp\/v2\/comments?post=2104"}],"version-history":[{"count":1,"href":"https:\/\/www.rengoenlanoticia.cl\/prensa\/wp-json\/wp\/v2\/posts\/2104\/revisions"}],"predecessor-version":[{"id":2107,"href":"https:\/\/www.rengoenlanoticia.cl\/prensa\/wp-json\/wp\/v2\/posts\/2104\/revisions\/2107"}],"wp:featuredmedia":[{"embeddable":true,"href":"https:\/\/www.rengoenlanoticia.cl\/prensa\/wp-json\/wp\/v2\/media\/2105"}],"wp:attachment":[{"href":"https:\/\/www.rengoenlanoticia.cl\/prensa\/wp-json\/wp\/v2\/media?parent=2104"}],"wp:term":[{"taxonomy":"category","embeddable":true,"href":"https:\/\/www.rengoenlanoticia.cl\/prensa\/wp-json\/wp\/v2\/categories?post=2104"},{"taxonomy":"post_tag","embeddable":true,"href":"https:\/\/www.rengoenlanoticia.cl\/prensa\/wp-json\/wp\/v2\/tags?post=2104"}],"curies":[{"name":"wp","href":"https:\/\/api.w.org\/{rel}","templated":true}]}}