{"id":2099,"date":"2025-03-25T20:38:03","date_gmt":"2025-03-25T20:38:03","guid":{"rendered":"https:\/\/www.rengoenlanoticia.cl\/prensa\/?p=2099"},"modified":"2025-03-25T20:38:37","modified_gmt":"2025-03-25T20:38:37","slug":"autoridades-abordan-avances-desde-la-promulgacion-de-la-ley-tea-2","status":"publish","type":"post","link":"https:\/\/www.rengoenlanoticia.cl\/prensa\/2025\/03\/25\/autoridades-abordan-avances-desde-la-promulgacion-de-la-ley-tea-2\/","title":{"rendered":"Autoridades abordan avances desde la promulgaci\u00f3n de la Ley TEA"},"content":{"rendered":"\n<p>A dos a\u00f1os desde que comenz\u00f3 a ser una realidad en la b\u00fasqueda de igualdad de oportunidades para personas con trastorno del espectro autista.<\/p>\n\n\n\n<p>Han pasado dos a\u00f1os desde que el Presidente Gabriel Boric promulg\u00f3 la Ley TEA, en el a\u00f1o 2023, avanzando en garantizar la igualdad de oportunidades y la inclusi\u00f3n social de personas con trastorno del espectro autista, con el objetivo de ir eliminando la discriminaci\u00f3n.<\/p>\n\n\n\n<p>\u201cSe trata de una ley dirigida a ni\u00f1as, ni\u00f1os, j\u00f3venes, madres, padres y adultos con condici\u00f3n del espectro autista que han luchado durante tantos a\u00f1os, y tal como dijo el presidente Boric al promulgar la normativa, han luchado desde mucho antes de que siquiera nos imagin\u00e1ramos el visibilizar y concientizar sobre el autismo en Chile\u201d, destac\u00f3 el Delegado Presidencial de O\u2019Higgins (DPR), Fabio L\u00f3pez, al abordar la Ley TEA que cumpli\u00f3 este mes dos a\u00f1os desde su promulgaci\u00f3n, convirti\u00e9ndose en uno de los grandes hitos llevados a cabo durante los tres primeros a\u00f1os de gesti\u00f3n del Gobierno.<\/p>\n\n\n\n<p>La Ley TEA establece la promoci\u00f3n de la inclusi\u00f3n, atenci\u00f3n integral y protecci\u00f3n de los derechos de las personas con trastorno del espectro autista en el \u00e1mbito social, de salud y educaci\u00f3n, lo que cobra mayor fuerza al analizar estad\u00edsticas nacionales que dicen que uno de cada 54 ni\u00f1os que nacen en Chile forman parte de la condici\u00f3n del espectro autista.<\/p>\n\n\n\n<p>Pero los avances que busca esta Ley no solo van dirigidos a lo que sucede al interior de las escuelas, que obviamente tienen mucho que decir sobre el particular, sino que a toda la sociedad, la que tiene que integrar, en todos los espacios, \u201cporque lo esencial es asegurar la vida independiente y la igualdad de oportunidades para quienes tienen TEA, pero con acciones concretas como las que en nuestras diferentes secretar\u00edas ministeriales han estado llevando a cabo\u201d, indic\u00f3 el Delegado Presidencial.<\/p>\n\n\n\n<figure class=\"wp-block-image size-large\"><img loading=\"lazy\" decoding=\"async\" width=\"1024\" height=\"435\" src=\"https:\/\/www.rengoenlanoticia.cl\/prensa\/wp-content\/uploads\/2025\/03\/WhatsApp-Image-2025-03-20-at-9.54.58-AM-1024x435.jpeg\" alt=\"\" class=\"wp-image-2101\" srcset=\"https:\/\/www.rengoenlanoticia.cl\/prensa\/wp-content\/uploads\/2025\/03\/WhatsApp-Image-2025-03-20-at-9.54.58-AM-1024x435.jpeg 1024w, https:\/\/www.rengoenlanoticia.cl\/prensa\/wp-content\/uploads\/2025\/03\/WhatsApp-Image-2025-03-20-at-9.54.58-AM-300x128.jpeg 300w, https:\/\/www.rengoenlanoticia.cl\/prensa\/wp-content\/uploads\/2025\/03\/WhatsApp-Image-2025-03-20-at-9.54.58-AM-768x327.jpeg 768w, https:\/\/www.rengoenlanoticia.cl\/prensa\/wp-content\/uploads\/2025\/03\/WhatsApp-Image-2025-03-20-at-9.54.58-AM-110x47.jpeg 110w, https:\/\/www.rengoenlanoticia.cl\/prensa\/wp-content\/uploads\/2025\/03\/WhatsApp-Image-2025-03-20-at-9.54.58-AM-200x85.jpeg 200w, https:\/\/www.rengoenlanoticia.cl\/prensa\/wp-content\/uploads\/2025\/03\/WhatsApp-Image-2025-03-20-at-9.54.58-AM-380x162.jpeg 380w, https:\/\/www.rengoenlanoticia.cl\/prensa\/wp-content\/uploads\/2025\/03\/WhatsApp-Image-2025-03-20-at-9.54.58-AM-255x108.jpeg 255w, https:\/\/www.rengoenlanoticia.cl\/prensa\/wp-content\/uploads\/2025\/03\/WhatsApp-Image-2025-03-20-at-9.54.58-AM-550x234.jpeg 550w, https:\/\/www.rengoenlanoticia.cl\/prensa\/wp-content\/uploads\/2025\/03\/WhatsApp-Image-2025-03-20-at-9.54.58-AM-800x340.jpeg 800w, https:\/\/www.rengoenlanoticia.cl\/prensa\/wp-content\/uploads\/2025\/03\/WhatsApp-Image-2025-03-20-at-9.54.58-AM-1160x493.jpeg 1160w, https:\/\/www.rengoenlanoticia.cl\/prensa\/wp-content\/uploads\/2025\/03\/WhatsApp-Image-2025-03-20-at-9.54.58-AM.jpeg 1251w\" sizes=\"auto, (max-width: 1024px) 100vw, 1024px\" \/><\/figure>\n\n\n\n<p>A\u00f1adi\u00f3 Fabio L\u00f3pez que, con esta ley, el Estado de Chile asumi\u00f3 el deber de asegurar la vida independiente y la autonom\u00eda, pero para ello tambi\u00e9n es necesaria la detecci\u00f3n temprana y el derecho a la salud de las personas con espectro autistas, que es un piso fundamental para garantizar su autonom\u00eda a lo largo de su vida. \u201cEn lo concreto, se han estado desarrollando progresivamente una red de servicios para poder hacer tamizaje, diagn\u00f3stico y atenci\u00f3n espec\u00edfica del TEA, considerando ciertos atributos como la integralidad, la interdisciplinariedad y la oportunidad, entre otros\u201d, dijo el DPR.<\/p>\n\n\n\n<p>Pero esta b\u00fasqueda de igualdad de oportunidades no estar\u00eda completa sin la educaci\u00f3n, y sobre ello, la seremi de esa cartera, Alyson Hadad, explic\u00f3 que \u201cdesde el Ministerio de Educaci\u00f3n trabajamos cada d\u00eda para que los establecimientos educacionales desarrollen una educaci\u00f3n inclusiva y de calidad. En ese marco, la Ley N\u207021.545 promueve que se generen condiciones para garantizar no s\u00f3lo el acceso a la educaci\u00f3n, sino tambi\u00e9n la participaci\u00f3n, la permanencia y el progreso de las trayectorias educativas de ni\u00f1os y ni\u00f1as\u201d.<\/p>\n\n\n\n<p>Alyson Hadad a\u00f1adi\u00f3 que \u201celiminar cualquier forma de discriminaci\u00f3n arbitraria es una tarea permanente, as\u00ed como tambi\u00e9n desarrollar acciones formativas destinadas a profesionales y asistentes de la educaci\u00f3n, prueba de ello son los masivos encuentros realizados en la regi\u00f3n, con importantes y reconocidos expositores expertos en el tema, como son los doctores Amanda C\u00e9spedes y Pablo Espoz. Toda esta normativa y los conocimientos de neurodivergencias deben tener impacto en los reglamentos y procedimientos internos de los establecimientos educacionales, atendiendo a la diversidad de nuestras y nuestros estudiantes, con el fin de generar espacios educativos inclusivos\u201d.<\/p>\n\n\n\n<p>De igual forma, la seremi de Desarrollo Social y Familia, Nayadeth Ahumada, abord\u00f3 el compromiso impl\u00edcito en la Ley TEA por parte del Ministerio de Desarrollo Social. \u201cA dos a\u00f1os de la promulgaci\u00f3n Ley de Autismo, seguimos avanzando en la inclusi\u00f3n, atenci\u00f3n integral y protecci\u00f3n de los derechos de las personas autistas, donde a trav\u00e9s de Senadis hemos impulsado diferentes mesas de trabajo en esta materia. Esta ley tambi\u00e9n va muy relacionada con lo que estamos trabajando como Gobierno, respecto a la creaci\u00f3n del Sistema Nacional de Apoyos y Cuidados, Chile Cuida, donde como sociedad debemos hacernos cargo de los cuidados\u201d, dijo Nayadeth Ahumada.<\/p>\n\n\n\n<p>Otro de los grandes avances de la Ley TEA se han visto reflejados en el \u00e1rea del trabajo, donde \u00abla agenda laboral y previsional del gobierno del presidente Boric abarca adem\u00e1s a la Inclusi\u00f3n como un principio fundamental, tanto la promulgaci\u00f3n de la Ley TEA como la reforma a la Ley de Inclusi\u00f3n Laboral aprobada el a\u00f1o pasado son muestras contundentes de aquello\u00bb, seg\u00fan destac\u00f3 el seremi del Trabajo y Previsi\u00f3n Social, Jaime Chamorro, resaltando avances espec\u00edficos que est\u00e1n asociados a esta ley, como que permite a los trabajadores notificar a la Direcci\u00f3n del Trabajo el hecho de tener un hijo, hija o menor bajo su tutela legal, diagnosticado con Trastorno del Espectro Autista, y que cursa ense\u00f1anza parvularia, b\u00e1sica o media. Este aviso posibilita hacer uso del permiso para ausentarse cuando se presente una emergencia en el establecimiento educacional, y el tiempo que destinen a la atenci\u00f3n de estas emergencias, ser\u00e1 considerado como trabajado para todos los efectos legales.<\/p>\n","protected":false},"excerpt":{"rendered":"A dos a\u00f1os desde que comenz\u00f3 a ser una realidad en la b\u00fasqueda de igualdad de oportunidades para&hellip;\n","protected":false},"author":1,"featured_media":2100,"comment_status":"open","ping_status":"open","sticky":false,"template":"","format":"standard","meta":{"_monsterinsights_skip_tracking":false,"_monsterinsights_sitenote_active":false,"_monsterinsights_sitenote_note":"","_monsterinsights_sitenote_category":0,"footnotes":""},"categories":[8],"tags":[],"class_list":{"0":"post-2099","1":"post","2":"type-post","3":"status-publish","4":"format-standard","5":"has-post-thumbnail","7":"category-portada"},"aioseo_notices":[],"_links":{"self":[{"href":"https:\/\/www.rengoenlanoticia.cl\/prensa\/wp-json\/wp\/v2\/posts\/2099","targetHints":{"allow":["GET"]}}],"collection":[{"href":"https:\/\/www.rengoenlanoticia.cl\/prensa\/wp-json\/wp\/v2\/posts"}],"about":[{"href":"https:\/\/www.rengoenlanoticia.cl\/prensa\/wp-json\/wp\/v2\/types\/post"}],"author":[{"embeddable":true,"href":"https:\/\/www.rengoenlanoticia.cl\/prensa\/wp-json\/wp\/v2\/users\/1"}],"replies":[{"embeddable":true,"href":"https:\/\/www.rengoenlanoticia.cl\/prensa\/wp-json\/wp\/v2\/comments?post=2099"}],"version-history":[{"count":2,"href":"https:\/\/www.rengoenlanoticia.cl\/prensa\/wp-json\/wp\/v2\/posts\/2099\/revisions"}],"predecessor-version":[{"id":2103,"href":"https:\/\/www.rengoenlanoticia.cl\/prensa\/wp-json\/wp\/v2\/posts\/2099\/revisions\/2103"}],"wp:featuredmedia":[{"embeddable":true,"href":"https:\/\/www.rengoenlanoticia.cl\/prensa\/wp-json\/wp\/v2\/media\/2100"}],"wp:attachment":[{"href":"https:\/\/www.rengoenlanoticia.cl\/prensa\/wp-json\/wp\/v2\/media?parent=2099"}],"wp:term":[{"taxonomy":"category","embeddable":true,"href":"https:\/\/www.rengoenlanoticia.cl\/prensa\/wp-json\/wp\/v2\/categories?post=2099"},{"taxonomy":"post_tag","embeddable":true,"href":"https:\/\/www.rengoenlanoticia.cl\/prensa\/wp-json\/wp\/v2\/tags?post=2099"}],"curies":[{"name":"wp","href":"https:\/\/api.w.org\/{rel}","templated":true}]}}