{"id":2095,"date":"2025-03-25T20:32:18","date_gmt":"2025-03-25T20:32:18","guid":{"rendered":"https:\/\/www.rengoenlanoticia.cl\/prensa\/?p=2095"},"modified":"2025-03-25T20:32:45","modified_gmt":"2025-03-25T20:32:45","slug":"estudio-revela-que-la-region-de-ohiggins-esta-bajo-medios-nacionales-en-consumo-de-alcohol-y-drogas","status":"publish","type":"post","link":"https:\/\/www.rengoenlanoticia.cl\/prensa\/2025\/03\/25\/estudio-revela-que-la-region-de-ohiggins-esta-bajo-medios-nacionales-en-consumo-de-alcohol-y-drogas\/","title":{"rendered":"Estudio revela que la regi\u00f3n de O&#8217;Higgins est\u00e1 bajo medios nacionales en consumo de alcohol y drogas"},"content":{"rendered":"\n<p>\u2022 XV Estudio Nacional de Drogas en Poblaci\u00f3n Escolar, muestra de SENDA que se aplic\u00f3 a 1.873 ni\u00f1os y 1.933 ni\u00f1as de establecimientos educacionales de Rancagua, Coltauco, Graneros, Machal\u00ed, Chimbarongo, San Fernando, San Vicente, Rengo y Santa Cruz.<\/p>\n\n\n\n<p>Rancagua, Martes 25 de marzo 2025.- Valorizando que, \u201cgracias al XV Estudio Nacional de Drogas en Poblaci\u00f3n Escolar (ENPE), sabemos c\u00f3mo estamos trabajando y avanzando en este tema como sociedad\u201d, el Delegado Presidencial de O&#8217;Higgins, Fabio L\u00f3pez dio a conocer junto a la seremi de Educaci\u00f3n, Alyson Hadad, y al Director regional de SENDA, Carlos Leyton, los principales resultados regionales del Estudio que revel\u00f3 que la regi\u00f3n presenta una estabilizaci\u00f3n del consumo y no experiment\u00f3 alzas estad\u00edsticamente significativas, destac\u00e1ndose el aumento en la percepci\u00f3n de riesgo tanto en marihuana como en alcohol, mientras que en el resto de sustancias se mantiene alta. De acuerdo a los resultados del estudio, la regi\u00f3n se encuentra por debajo de la media nacional en todas las sustancias encuestadas.<\/p>\n\n\n\n<p>La distribuci\u00f3n de la muestra por sexo fue de 1.873 hombres y 1.933 mujeres, y contempl\u00f3 establecimientos de Rancagua, Coltauco, Graneros, Machal\u00ed, Chimbarongo, San Fernando, San Vicente, Rengo y Santa Cruz.<\/p>\n\n\n\n<p>Al respecto, el Delegado Presidencial se\u00f1al\u00f3 que este estudio se aplic\u00f3 a nivel regional a 3.810 alumnos que representan a 47.006 estudiantes de Octavo B\u00e1sico a Cuarto Medio de colegios p\u00fablicos, particulares subvencionados y particulares pagados. \u00abLos resultados de esta encuesta, en el \u00e1rea del consumo de alcohol y tabaco, nos indican que vamos por un buen camino, pues no ha tenido aumento; pero sabemos que a\u00fan queda mucho trabajo por hacer, ya que los indicadores en otras \u00e1reas no fueron tan optimistas como en las primeras mencionadas. Nuestra meta siempre ser\u00e1 que nuestros ni\u00f1os, ni\u00f1as y j\u00f3venes no sufran con el flagelo de la droga\u00bb, dijo el Delegado.<\/p>\n\n\n\n<p>A\u00f1adi\u00f3 Fabio L\u00f3pez que \u201cseguiremos fortaleciendo el trabajo en el \u00e1rea de la prevenci\u00f3n y en la seguridad para que cada vez menos individuos quieran traer ese tipo de nefastas mercanc\u00edas a nuestra regi\u00f3n\u201d.<\/p>\n\n\n\n<p>En cifras, la autoridad resalt\u00f3 que la prevalencia descendi\u00f3 a nivel nacional de 1,9% en el 2021, a 1,3% en el 2023 en consumo de tabaco, y en O&#8217;Higgins descendi\u00f3 a 1,2%.- En el caso del consumo de alcohol, de 24% a 22,7%, y en la regi\u00f3n descendi\u00f3 a 22,3%.- Donde las cifras no fueron tan alentadoras fue en la prevalencia del consumo de coca\u00edna y pasta base, que vari\u00f3 de 1,9% a 2,7%.-<\/p>\n\n\n\n<p>El estudio revela que&nbsp;la tendencia a la baja est\u00e1 vinculada con una alta percepci\u00f3n de riesgo de consumir tabaco de manera diaria (83,6%).&nbsp;Adem\u00e1s, la percepci\u00f3n de riesgo de consumo de alcohol diario sube (52,8% en 2021 a 57,5% en 2023) y el porcentaje de estudiantes que afirman que les ser\u00eda f\u00e1cil conseguir alcohol aumenta de 28,3% en 2021 a 31,4% en 2023.&nbsp;Asimismo,&nbsp;se aprecia seg\u00fan la ENPE, un aumento de la percepci\u00f3n de riesgo en el consumo de marihuana (36,2% en 2023 dicen que usar marihuana frecuentemente es riesgoso).<\/p>\n\n\n\n<p>Sobre lo anterior, la seremi de Educaci\u00f3n, Alyson Hadad, explic\u00f3 que \u00abreconocemos este instrumento como un apoyo a la formaci\u00f3n que nos permite enfocarnos en el trabajo futuro, pero adem\u00e1s continuar como Ministerio de Educaci\u00f3n eliminando aquellas barreras no acad\u00e9micas, que permiti\u00f3 el desarrollo integral de los estudiantes y sus aprendizajes. En ese sentido, el consumo de drogas y alcohol es una amenaza constante para nuestros ni\u00f1os, ni\u00f1as, adolescentes y estudiantes en general\u00bb.<\/p>\n\n\n\n<p>Por su parte, el Director regional de SENDA, Carlos Leyton, abord\u00f3 la g\u00e9nesis del estudio, que data en Chile de hace 30 a\u00f1os, \u00abpermitiendo medir la evoluci\u00f3n del consumo de droga en la poblaci\u00f3n escolar. Este a\u00f1o, los resultados del estudio, muestran una tendencia en general a la estabilizaci\u00f3n del consumo de las principales drogas que se miden, que ser\u00edan pasta base, coca\u00edna, alcohol, tabaco y marihuana. Ello significa que los chicos y chicas que est\u00e1n insertos en los establecimientos educativos no est\u00e1n consumiendo m\u00e1s de lo que consum\u00edan en los \u00faltimos dos a\u00f1os\u201d.<\/p>\n\n\n\n<p>Asimismo, Carlos Leyton valor\u00f3 que \u201cno ha habido un aumento de consumo de sustancia, y es una excelente noticia, y a\u00fan mejor porque la percepci\u00f3n de riesgo que tienen los estudiantes respecto al consumo de marihuana y alcohol, ha ido aumentando progresivamente en la regi\u00f3n. Y tal como dijo nuestro Delegado Presidencial, la regi\u00f3n de O&#8217;Higgins est\u00e1 por debajo de la media nacional, y por lo tanto tenemos una regi\u00f3n con tasas de consumo m\u00e1s bajas que en el pa\u00eds\u201d.<\/p>\n","protected":false},"excerpt":{"rendered":"\u2022 XV Estudio Nacional de Drogas en Poblaci\u00f3n Escolar, muestra de SENDA que se aplic\u00f3 a 1.873 ni\u00f1os&hellip;\n","protected":false},"author":1,"featured_media":2096,"comment_status":"open","ping_status":"open","sticky":false,"template":"","format":"standard","meta":{"_monsterinsights_skip_tracking":false,"_monsterinsights_sitenote_active":false,"_monsterinsights_sitenote_note":"","_monsterinsights_sitenote_category":0,"footnotes":""},"categories":[8],"tags":[],"class_list":{"0":"post-2095","1":"post","2":"type-post","3":"status-publish","4":"format-standard","5":"has-post-thumbnail","7":"category-portada"},"aioseo_notices":[],"_links":{"self":[{"href":"https:\/\/www.rengoenlanoticia.cl\/prensa\/wp-json\/wp\/v2\/posts\/2095","targetHints":{"allow":["GET"]}}],"collection":[{"href":"https:\/\/www.rengoenlanoticia.cl\/prensa\/wp-json\/wp\/v2\/posts"}],"about":[{"href":"https:\/\/www.rengoenlanoticia.cl\/prensa\/wp-json\/wp\/v2\/types\/post"}],"author":[{"embeddable":true,"href":"https:\/\/www.rengoenlanoticia.cl\/prensa\/wp-json\/wp\/v2\/users\/1"}],"replies":[{"embeddable":true,"href":"https:\/\/www.rengoenlanoticia.cl\/prensa\/wp-json\/wp\/v2\/comments?post=2095"}],"version-history":[{"count":2,"href":"https:\/\/www.rengoenlanoticia.cl\/prensa\/wp-json\/wp\/v2\/posts\/2095\/revisions"}],"predecessor-version":[{"id":2098,"href":"https:\/\/www.rengoenlanoticia.cl\/prensa\/wp-json\/wp\/v2\/posts\/2095\/revisions\/2098"}],"wp:featuredmedia":[{"embeddable":true,"href":"https:\/\/www.rengoenlanoticia.cl\/prensa\/wp-json\/wp\/v2\/media\/2096"}],"wp:attachment":[{"href":"https:\/\/www.rengoenlanoticia.cl\/prensa\/wp-json\/wp\/v2\/media?parent=2095"}],"wp:term":[{"taxonomy":"category","embeddable":true,"href":"https:\/\/www.rengoenlanoticia.cl\/prensa\/wp-json\/wp\/v2\/categories?post=2095"},{"taxonomy":"post_tag","embeddable":true,"href":"https:\/\/www.rengoenlanoticia.cl\/prensa\/wp-json\/wp\/v2\/tags?post=2095"}],"curies":[{"name":"wp","href":"https:\/\/api.w.org\/{rel}","templated":true}]}}