{"id":2090,"date":"2025-03-25T00:50:44","date_gmt":"2025-03-25T00:50:44","guid":{"rendered":"https:\/\/www.rengoenlanoticia.cl\/prensa\/?p=2090"},"modified":"2025-03-25T00:51:17","modified_gmt":"2025-03-25T00:51:17","slug":"joven-fue-sorprendido-vendiendo-marihuana-a-las-afuera-del-liceo-tomas-marin-de-poveda-de-rengo","status":"publish","type":"post","link":"https:\/\/www.rengoenlanoticia.cl\/prensa\/2025\/03\/25\/joven-fue-sorprendido-vendiendo-marihuana-a-las-afuera-del-liceo-tomas-marin-de-poveda-de-rengo\/","title":{"rendered":"Joven fue sorprendido vendiendo Marihuana a las afuera del Liceo Tom\u00e1s Mar\u00edn de Poveda de Rengo"},"content":{"rendered":"\n<p><strong>Este joven se encontraba firmando mensualmente por el mismo delito<\/strong>.<\/p>\n\n\n\n<p>La Secci\u00f3n motorizada de la Cuarta Comisar\u00eda de Rengo, alrededor de las 17:30 horas aproximadamente de hoy lunes 24 de marzo, \u00a0instantes en que efectuaba patrullajes preventivos por la Plaza de armas de la comuna, espec\u00edficamente frente al Liceo Polit\u00e9cnico Tom\u00e1s Mar\u00edn de Poveda, \u00a0procede a la fiscalizaci\u00f3n de un sujeto quien al ver la presencia del personal policial, huy\u00f3 con el fin de evadir la fiscalizaci\u00f3n policial, estos realizando un seguimiento, lograron su control y apreciando que portaba 06 bolsas transparentes de nylon y 18 envoltorios de papel cuadriculados contenedores de marihuana, adem\u00e1s de la suma de $100.000 cien mil pesos en dinero en efectivo de diversas denominaciones, procediendo a su detenci\u00f3n por el delito de microtr\u00e1fico.<\/p>\n\n\n\n<figure class=\"wp-block-image size-large\"><img loading=\"lazy\" decoding=\"async\" width=\"1024\" height=\"660\" src=\"https:\/\/www.rengoenlanoticia.cl\/prensa\/wp-content\/uploads\/2025\/03\/WhatsApp-Image-2025-03-24-at-18.34.19-1024x660.jpeg\" alt=\"\" class=\"wp-image-2092\" srcset=\"https:\/\/www.rengoenlanoticia.cl\/prensa\/wp-content\/uploads\/2025\/03\/WhatsApp-Image-2025-03-24-at-18.34.19-1024x660.jpeg 1024w, https:\/\/www.rengoenlanoticia.cl\/prensa\/wp-content\/uploads\/2025\/03\/WhatsApp-Image-2025-03-24-at-18.34.19-300x194.jpeg 300w, https:\/\/www.rengoenlanoticia.cl\/prensa\/wp-content\/uploads\/2025\/03\/WhatsApp-Image-2025-03-24-at-18.34.19-768x495.jpeg 768w, https:\/\/www.rengoenlanoticia.cl\/prensa\/wp-content\/uploads\/2025\/03\/WhatsApp-Image-2025-03-24-at-18.34.19-1536x991.jpeg 1536w, https:\/\/www.rengoenlanoticia.cl\/prensa\/wp-content\/uploads\/2025\/03\/WhatsApp-Image-2025-03-24-at-18.34.19-110x71.jpeg 110w, https:\/\/www.rengoenlanoticia.cl\/prensa\/wp-content\/uploads\/2025\/03\/WhatsApp-Image-2025-03-24-at-18.34.19-200x129.jpeg 200w, https:\/\/www.rengoenlanoticia.cl\/prensa\/wp-content\/uploads\/2025\/03\/WhatsApp-Image-2025-03-24-at-18.34.19-380x245.jpeg 380w, https:\/\/www.rengoenlanoticia.cl\/prensa\/wp-content\/uploads\/2025\/03\/WhatsApp-Image-2025-03-24-at-18.34.19-255x164.jpeg 255w, https:\/\/www.rengoenlanoticia.cl\/prensa\/wp-content\/uploads\/2025\/03\/WhatsApp-Image-2025-03-24-at-18.34.19-550x355.jpeg 550w, https:\/\/www.rengoenlanoticia.cl\/prensa\/wp-content\/uploads\/2025\/03\/WhatsApp-Image-2025-03-24-at-18.34.19-800x516.jpeg 800w, https:\/\/www.rengoenlanoticia.cl\/prensa\/wp-content\/uploads\/2025\/03\/WhatsApp-Image-2025-03-24-at-18.34.19-1160x748.jpeg 1160w, https:\/\/www.rengoenlanoticia.cl\/prensa\/wp-content\/uploads\/2025\/03\/WhatsApp-Image-2025-03-24-at-18.34.19.jpeg 1600w\" sizes=\"auto, (max-width: 1024px) 100vw, 1024px\" \/><\/figure>\n\n\n\n<p>Adicionalmente dentro de patrullajes preventivos efectuados por la villa primavera se procede a la detenci\u00f3n del ciudadano de iniciales L.A.S.T, 23 a\u00f1os, de nacionalidad boliviana quien manten\u00eda una orden de detenci\u00f3n vigente por el delito de conducci\u00f3n sin la licencia profesional.<\/p>\n\n\n\n<p>Ambos son puestos a disposici\u00f3n del ministerio p\u00fablico pasando a control de detenci\u00f3n.<\/p>\n","protected":false},"excerpt":{"rendered":"Este joven se encontraba firmando mensualmente por el mismo delito. La Secci\u00f3n motorizada de la Cuarta Comisar\u00eda de&hellip;\n","protected":false},"author":1,"featured_media":2091,"comment_status":"open","ping_status":"open","sticky":false,"template":"","format":"standard","meta":{"_monsterinsights_skip_tracking":false,"_monsterinsights_sitenote_active":false,"_monsterinsights_sitenote_note":"","_monsterinsights_sitenote_category":0,"footnotes":""},"categories":[5,8],"tags":[],"class_list":{"0":"post-2090","1":"post","2":"type-post","3":"status-publish","4":"format-standard","5":"has-post-thumbnail","7":"category-policial","8":"category-portada"},"aioseo_notices":[],"_links":{"self":[{"href":"https:\/\/www.rengoenlanoticia.cl\/prensa\/wp-json\/wp\/v2\/posts\/2090","targetHints":{"allow":["GET"]}}],"collection":[{"href":"https:\/\/www.rengoenlanoticia.cl\/prensa\/wp-json\/wp\/v2\/posts"}],"about":[{"href":"https:\/\/www.rengoenlanoticia.cl\/prensa\/wp-json\/wp\/v2\/types\/post"}],"author":[{"embeddable":true,"href":"https:\/\/www.rengoenlanoticia.cl\/prensa\/wp-json\/wp\/v2\/users\/1"}],"replies":[{"embeddable":true,"href":"https:\/\/www.rengoenlanoticia.cl\/prensa\/wp-json\/wp\/v2\/comments?post=2090"}],"version-history":[{"count":2,"href":"https:\/\/www.rengoenlanoticia.cl\/prensa\/wp-json\/wp\/v2\/posts\/2090\/revisions"}],"predecessor-version":[{"id":2094,"href":"https:\/\/www.rengoenlanoticia.cl\/prensa\/wp-json\/wp\/v2\/posts\/2090\/revisions\/2094"}],"wp:featuredmedia":[{"embeddable":true,"href":"https:\/\/www.rengoenlanoticia.cl\/prensa\/wp-json\/wp\/v2\/media\/2091"}],"wp:attachment":[{"href":"https:\/\/www.rengoenlanoticia.cl\/prensa\/wp-json\/wp\/v2\/media?parent=2090"}],"wp:term":[{"taxonomy":"category","embeddable":true,"href":"https:\/\/www.rengoenlanoticia.cl\/prensa\/wp-json\/wp\/v2\/categories?post=2090"},{"taxonomy":"post_tag","embeddable":true,"href":"https:\/\/www.rengoenlanoticia.cl\/prensa\/wp-json\/wp\/v2\/tags?post=2090"}],"curies":[{"name":"wp","href":"https:\/\/api.w.org\/{rel}","templated":true}]}}