{"id":2085,"date":"2025-03-25T00:20:22","date_gmt":"2025-03-25T00:20:22","guid":{"rendered":"https:\/\/www.rengoenlanoticia.cl\/prensa\/?p=2085"},"modified":"2025-03-25T00:20:55","modified_gmt":"2025-03-25T00:20:55","slug":"conaf-decreta-restriccion-para-el-uso-del-fuego-en-pumanque-lolol-y-la-provincia-de-cardenal-caro","status":"publish","type":"post","link":"https:\/\/www.rengoenlanoticia.cl\/prensa\/2025\/03\/25\/conaf-decreta-restriccion-para-el-uso-del-fuego-en-pumanque-lolol-y-la-provincia-de-cardenal-caro\/","title":{"rendered":"CONAF decreta restricci\u00f3n para el uso del fuego en Pumanque, Lolol y la provincia de Cardenal Caro"},"content":{"rendered":"\n<p><\/p>\n\n\n\n<p><strong>La medida adoptada por CONAF no permite realizar quemas agr\u00edcolas o forestales en estos territorios en periodos de mayor probabilidad de ocurrencia y propagaci\u00f3n de incendios forestales.<\/strong><\/p>\n\n\n\n<p>Las comunas de Pumanque y Lolol, de la provincia de Colchagua y toda la Provincia de Cardenal Caro, de la Regi\u00f3n de O\u2019Higgins, se encuentran actualmente con la restricci\u00f3n de uso del fuego para la realizaci\u00f3n de quemas de los desechos agr\u00edcolas o forestales, medida que busca prevenir la ocurrencia de incendios forestales.<\/p>\n\n\n\n<p>As\u00ed lo inform\u00f3 la directora ejecutiva de la Corporaci\u00f3n Nacional Forestal (CONAF), A\u00edda Baldini, quien explic\u00f3 que \u201cla adopci\u00f3n de estas restricciones obedecen principalmente a condiciones ambientales desfavorables para mantener el fuego bajo control en este tipo de quemas y la recurrencia o simultaneidad de incendios forestales en estas zonas. Por ello, hacemos un llamado a respetar estas restricciones y as\u00ed nos ayudan en el conjunto de medidas de prevenci\u00f3n que se est\u00e1n realizando a nivel nacional\u201d.<\/p>\n\n\n\n<p>A parte de las restricciones en las comunas de Pumanque y Lolol, adem\u00e1s de toda la provincia de Cardenal Caro, en el resto de las comunas los usuarios y usuarias que necesiten realizar quemas agr\u00edcolas deben concurrir a alguna oficina de CONAF para solicitar su comprobante de aviso de quemas de desechos agr\u00edcolas o forestales que otorga la Corporaci\u00f3n.<\/p>\n\n\n\n<p>CU\u00d1A SEREMI<\/p>\n\n\n\n<p>Considerando que las quemas controladas son una potencial causa de incendios forestales, en las actuales condiciones meteorol\u00f3gicas, el Seremi de Agricultura, Cristi\u00e1n Silva, realiz\u00f3 un llamado a todo el sector del agro y forestal a apegarse a la normativa y a no exponerse a multas y sanciones.<\/p>\n\n\n\n<p>\u201cRealizar quemas durante este periodo de prohibici\u00f3n es un delito y se pueden recibir sanciones que van de presidio menor en su grados m\u00ednimo a medio, de 61 d\u00edas a 3 a\u00f1os de c\u00e1rcel, y multas que van de 11 a 50 UTM\u201d.<\/p>\n\n\n\n<p>El director regional de CONAF, Oscar Galdames, enfatiz\u00f3 en el hecho que, en Chile, \u201cel 99,7 % de los incendios forestales son causados por el ser humano, ya sean de forma accidental, negligentes o intencionales. Esto nos indica que debemos sensibilizar a la poblaci\u00f3n en la aplicaci\u00f3n de medidas preventivas que tiendan a un cambio cultural que incorpore acciones de mitigaci\u00f3n\u201d.<\/p>\n\n\n\n<p>En el caso de las quemas controladas, \u201cestas deben realizarse cumpliendo las prescripciones t\u00e9cnicas indicadas por CONAF para asegurar el uso adecuado del fuego. Entre las medidas a considerar est\u00e1n la construcci\u00f3n de cortafuegos, tener disponible agua, contar con el n\u00famero apropiado de personas, realizarlas en las fechas y horarios que indique el respectivo aviso de quemas que se obtiene en las oficinas receptoras que la Corporaci\u00f3n tiene habilitadas en esta regi\u00f3n\u201d.<\/p>\n","protected":false},"excerpt":{"rendered":"La medida adoptada por CONAF no permite realizar quemas agr\u00edcolas o forestales en estos territorios en periodos de&hellip;\n","protected":false},"author":1,"featured_media":2087,"comment_status":"open","ping_status":"open","sticky":false,"template":"","format":"standard","meta":{"_monsterinsights_skip_tracking":false,"_monsterinsights_sitenote_active":false,"_monsterinsights_sitenote_note":"","_monsterinsights_sitenote_category":0,"footnotes":""},"categories":[8],"tags":[],"class_list":{"0":"post-2085","1":"post","2":"type-post","3":"status-publish","4":"format-standard","5":"has-post-thumbnail","7":"category-portada"},"aioseo_notices":[],"_links":{"self":[{"href":"https:\/\/www.rengoenlanoticia.cl\/prensa\/wp-json\/wp\/v2\/posts\/2085","targetHints":{"allow":["GET"]}}],"collection":[{"href":"https:\/\/www.rengoenlanoticia.cl\/prensa\/wp-json\/wp\/v2\/posts"}],"about":[{"href":"https:\/\/www.rengoenlanoticia.cl\/prensa\/wp-json\/wp\/v2\/types\/post"}],"author":[{"embeddable":true,"href":"https:\/\/www.rengoenlanoticia.cl\/prensa\/wp-json\/wp\/v2\/users\/1"}],"replies":[{"embeddable":true,"href":"https:\/\/www.rengoenlanoticia.cl\/prensa\/wp-json\/wp\/v2\/comments?post=2085"}],"version-history":[{"count":2,"href":"https:\/\/www.rengoenlanoticia.cl\/prensa\/wp-json\/wp\/v2\/posts\/2085\/revisions"}],"predecessor-version":[{"id":2089,"href":"https:\/\/www.rengoenlanoticia.cl\/prensa\/wp-json\/wp\/v2\/posts\/2085\/revisions\/2089"}],"wp:featuredmedia":[{"embeddable":true,"href":"https:\/\/www.rengoenlanoticia.cl\/prensa\/wp-json\/wp\/v2\/media\/2087"}],"wp:attachment":[{"href":"https:\/\/www.rengoenlanoticia.cl\/prensa\/wp-json\/wp\/v2\/media?parent=2085"}],"wp:term":[{"taxonomy":"category","embeddable":true,"href":"https:\/\/www.rengoenlanoticia.cl\/prensa\/wp-json\/wp\/v2\/categories?post=2085"},{"taxonomy":"post_tag","embeddable":true,"href":"https:\/\/www.rengoenlanoticia.cl\/prensa\/wp-json\/wp\/v2\/tags?post=2085"}],"curies":[{"name":"wp","href":"https:\/\/api.w.org\/{rel}","templated":true}]}}