{"id":2074,"date":"2025-03-25T00:07:49","date_gmt":"2025-03-25T00:07:49","guid":{"rendered":"https:\/\/www.rengoenlanoticia.cl\/prensa\/?p=2074"},"modified":"2025-03-25T00:08:27","modified_gmt":"2025-03-25T00:08:27","slug":"mop-ohiggins-presento-cartera-de-licitaciones-2025-con-una-inversion-de-mas-de-120-mil-millones","status":"publish","type":"post","link":"https:\/\/www.rengoenlanoticia.cl\/prensa\/2025\/03\/25\/mop-ohiggins-presento-cartera-de-licitaciones-2025-con-una-inversion-de-mas-de-120-mil-millones\/","title":{"rendered":"MOP O\u2019Higgins present\u00f3 cartera de licitaciones 2025 con una inversi\u00f3n de m\u00e1s de $120 mil millones"},"content":{"rendered":"\n<p><em>El plan contempla 68 iniciativas en conectividad vial, agua potable rural, gesti\u00f3n h\u00eddrica y edificaci\u00f3n p\u00fablica, reforzando la alianza p\u00fablico-privada para el desarrollo regional.<\/em><\/p>\n\n\n\n<p>El Ministerio de Obras P\u00fablicas&nbsp; de la regi\u00f3n de O\u2019Higgins present\u00f3 su Cartera de Licitaciones 2025, que considera un total de 68 iniciativas con una inversi\u00f3n superior a los $120 mil millones. De este monto, $114 mil millones corresponden a inversi\u00f3n sectorial y $6 mil millones a inversi\u00f3n extra sectorial, consolidando un robusto plan de infraestructura en la regi\u00f3n.<\/p>\n\n\n\n<figure class=\"wp-block-image size-large\"><img loading=\"lazy\" decoding=\"async\" width=\"1024\" height=\"461\" src=\"https:\/\/www.rengoenlanoticia.cl\/prensa\/wp-content\/uploads\/2025\/03\/10.-Cartera-de-Licitaciones-1024x461.jpeg\" alt=\"\" class=\"wp-image-2077\" srcset=\"https:\/\/www.rengoenlanoticia.cl\/prensa\/wp-content\/uploads\/2025\/03\/10.-Cartera-de-Licitaciones-1024x461.jpeg 1024w, https:\/\/www.rengoenlanoticia.cl\/prensa\/wp-content\/uploads\/2025\/03\/10.-Cartera-de-Licitaciones-300x135.jpeg 300w, https:\/\/www.rengoenlanoticia.cl\/prensa\/wp-content\/uploads\/2025\/03\/10.-Cartera-de-Licitaciones-768x346.jpeg 768w, https:\/\/www.rengoenlanoticia.cl\/prensa\/wp-content\/uploads\/2025\/03\/10.-Cartera-de-Licitaciones-1536x692.jpeg 1536w, https:\/\/www.rengoenlanoticia.cl\/prensa\/wp-content\/uploads\/2025\/03\/10.-Cartera-de-Licitaciones-2048x922.jpeg 2048w, https:\/\/www.rengoenlanoticia.cl\/prensa\/wp-content\/uploads\/2025\/03\/10.-Cartera-de-Licitaciones-110x50.jpeg 110w, https:\/\/www.rengoenlanoticia.cl\/prensa\/wp-content\/uploads\/2025\/03\/10.-Cartera-de-Licitaciones-200x90.jpeg 200w, https:\/\/www.rengoenlanoticia.cl\/prensa\/wp-content\/uploads\/2025\/03\/10.-Cartera-de-Licitaciones-380x171.jpeg 380w, https:\/\/www.rengoenlanoticia.cl\/prensa\/wp-content\/uploads\/2025\/03\/10.-Cartera-de-Licitaciones-255x115.jpeg 255w, https:\/\/www.rengoenlanoticia.cl\/prensa\/wp-content\/uploads\/2025\/03\/10.-Cartera-de-Licitaciones-550x248.jpeg 550w, https:\/\/www.rengoenlanoticia.cl\/prensa\/wp-content\/uploads\/2025\/03\/10.-Cartera-de-Licitaciones-800x360.jpeg 800w, https:\/\/www.rengoenlanoticia.cl\/prensa\/wp-content\/uploads\/2025\/03\/10.-Cartera-de-Licitaciones-1160x522.jpeg 1160w, https:\/\/www.rengoenlanoticia.cl\/prensa\/wp-content\/uploads\/2025\/03\/10.-Cartera-de-Licitaciones-scaled.jpeg 2560w\" sizes=\"auto, (max-width: 1024px) 100vw, 1024px\" \/><\/figure>\n\n\n\n<p>La actividad, que convoc\u00f3 a representantes de las empresas que integran el Registro de Contratistas del MOP y socios de la C\u00e1mara Chilena de la Construcci\u00f3n de O\u2019Higgins, reafirm\u00f3 el compromiso del sector privado con la reactivaci\u00f3n econ\u00f3mica y el fortalecimiento de la alianza p\u00fablico-privada en el desarrollo regional.<\/p>\n\n\n\n<figure class=\"wp-block-image size-large\"><img loading=\"lazy\" decoding=\"async\" width=\"1024\" height=\"461\" src=\"https:\/\/www.rengoenlanoticia.cl\/prensa\/wp-content\/uploads\/2025\/03\/11.-Cartera-de-Licitaciones-1024x461.jpeg\" alt=\"\" class=\"wp-image-2076\" srcset=\"https:\/\/www.rengoenlanoticia.cl\/prensa\/wp-content\/uploads\/2025\/03\/11.-Cartera-de-Licitaciones-1024x461.jpeg 1024w, https:\/\/www.rengoenlanoticia.cl\/prensa\/wp-content\/uploads\/2025\/03\/11.-Cartera-de-Licitaciones-300x135.jpeg 300w, https:\/\/www.rengoenlanoticia.cl\/prensa\/wp-content\/uploads\/2025\/03\/11.-Cartera-de-Licitaciones-768x346.jpeg 768w, https:\/\/www.rengoenlanoticia.cl\/prensa\/wp-content\/uploads\/2025\/03\/11.-Cartera-de-Licitaciones-1536x692.jpeg 1536w, https:\/\/www.rengoenlanoticia.cl\/prensa\/wp-content\/uploads\/2025\/03\/11.-Cartera-de-Licitaciones-2048x922.jpeg 2048w, https:\/\/www.rengoenlanoticia.cl\/prensa\/wp-content\/uploads\/2025\/03\/11.-Cartera-de-Licitaciones-110x50.jpeg 110w, https:\/\/www.rengoenlanoticia.cl\/prensa\/wp-content\/uploads\/2025\/03\/11.-Cartera-de-Licitaciones-200x90.jpeg 200w, https:\/\/www.rengoenlanoticia.cl\/prensa\/wp-content\/uploads\/2025\/03\/11.-Cartera-de-Licitaciones-380x171.jpeg 380w, https:\/\/www.rengoenlanoticia.cl\/prensa\/wp-content\/uploads\/2025\/03\/11.-Cartera-de-Licitaciones-255x115.jpeg 255w, https:\/\/www.rengoenlanoticia.cl\/prensa\/wp-content\/uploads\/2025\/03\/11.-Cartera-de-Licitaciones-550x248.jpeg 550w, https:\/\/www.rengoenlanoticia.cl\/prensa\/wp-content\/uploads\/2025\/03\/11.-Cartera-de-Licitaciones-800x360.jpeg 800w, https:\/\/www.rengoenlanoticia.cl\/prensa\/wp-content\/uploads\/2025\/03\/11.-Cartera-de-Licitaciones-1160x522.jpeg 1160w, https:\/\/www.rengoenlanoticia.cl\/prensa\/wp-content\/uploads\/2025\/03\/11.-Cartera-de-Licitaciones-scaled.jpeg 2560w\" sizes=\"auto, (max-width: 1024px) 100vw, 1024px\" \/><\/figure>\n\n\n\n<p>El seremi (s) del MOP O\u2019Higgins, Roberto Soto, destac\u00f3 la relevancia de esta cartera, se\u00f1alando que <strong>\u201cpara continuar en la senda de crecimiento en 2025, dinamizar la econom\u00eda y fomentar la inversi\u00f3n, el Gobierno, a trav\u00e9s de la ministra Jessica L\u00f3pez, ha priorizado el desarrollo y potenciar la infraestructura con obras p\u00fablicas en todo nuestro pa\u00eds. Estas iniciativas no solo impulsar\u00e1n la construcci\u00f3n, y el desarrollo regional, sino que tambi\u00e9n generar\u00e1 empleo y mejorar\u00e1 la calidad de vida de las comunidades en sus territorios\u201d<\/strong>.<\/p>\n\n\n\n<p>Por su parte, el presidente del Comit\u00e9 de Contratistas Generales e Infraestructura de la C\u00e1mara Chilena de la Construcci\u00f3n (CChC) de O\u2019Higgins, Francisco Cornejo, indic\u00f3 que, <strong>\u201cesta presentaci\u00f3n nos permite, como empresas, conocer qu\u00e9 rubros del MOP tienen recursos disponibles, facilitando nuestra proyecci\u00f3n y la mantenci\u00f3n del empleo. Es positivo ver c\u00f3mo el Ministerio ha diversificado sus recursos, dando oportunidades a empresas m\u00e1s peque\u00f1as para que tambi\u00e9n puedan postular. Invitamos a m\u00e1s empresas a sumarse, porque representa una gran oportunidad para el desarrollo de la industria de la construcci\u00f3n en la regi\u00f3n, adem\u00e1s de impulsar la econom\u00eda local y fortalecer la actividad productiva para que beneficie a sus habitantes\u00bb<\/strong>.<\/p>\n\n\n\n<p><strong>INVERSI\u00d3N POR DIRECCI\u00d3N<\/strong><\/p>\n\n\n\n<figure class=\"wp-block-image size-large\"><img loading=\"lazy\" decoding=\"async\" width=\"1024\" height=\"461\" src=\"https:\/\/www.rengoenlanoticia.cl\/prensa\/wp-content\/uploads\/2025\/03\/1.-Foto-H-30-1024x461.jpeg\" alt=\"\" class=\"wp-image-2078\" srcset=\"https:\/\/www.rengoenlanoticia.cl\/prensa\/wp-content\/uploads\/2025\/03\/1.-Foto-H-30-1024x461.jpeg 1024w, https:\/\/www.rengoenlanoticia.cl\/prensa\/wp-content\/uploads\/2025\/03\/1.-Foto-H-30-300x135.jpeg 300w, https:\/\/www.rengoenlanoticia.cl\/prensa\/wp-content\/uploads\/2025\/03\/1.-Foto-H-30-768x346.jpeg 768w, https:\/\/www.rengoenlanoticia.cl\/prensa\/wp-content\/uploads\/2025\/03\/1.-Foto-H-30-1536x691.jpeg 1536w, https:\/\/www.rengoenlanoticia.cl\/prensa\/wp-content\/uploads\/2025\/03\/1.-Foto-H-30-2048x922.jpeg 2048w, https:\/\/www.rengoenlanoticia.cl\/prensa\/wp-content\/uploads\/2025\/03\/1.-Foto-H-30-110x50.jpeg 110w, https:\/\/www.rengoenlanoticia.cl\/prensa\/wp-content\/uploads\/2025\/03\/1.-Foto-H-30-200x90.jpeg 200w, https:\/\/www.rengoenlanoticia.cl\/prensa\/wp-content\/uploads\/2025\/03\/1.-Foto-H-30-380x171.jpeg 380w, https:\/\/www.rengoenlanoticia.cl\/prensa\/wp-content\/uploads\/2025\/03\/1.-Foto-H-30-255x115.jpeg 255w, https:\/\/www.rengoenlanoticia.cl\/prensa\/wp-content\/uploads\/2025\/03\/1.-Foto-H-30-550x248.jpeg 550w, https:\/\/www.rengoenlanoticia.cl\/prensa\/wp-content\/uploads\/2025\/03\/1.-Foto-H-30-800x360.jpeg 800w, https:\/\/www.rengoenlanoticia.cl\/prensa\/wp-content\/uploads\/2025\/03\/1.-Foto-H-30-1160x522.jpeg 1160w, https:\/\/www.rengoenlanoticia.cl\/prensa\/wp-content\/uploads\/2025\/03\/1.-Foto-H-30-scaled.jpeg 2560w\" sizes=\"auto, (max-width: 1024px) 100vw, 1024px\" \/><\/figure>\n\n\n\n<p>La <strong>Direcci\u00f3n de Vialidad<\/strong> lidera la inversi\u00f3n con m\u00e1s de $63.063 millones, considerando 23 licitaciones. Entre las obras destacan el mejoramiento de la Ruta H-45-G, en el tramo Cuesta Chada, con una inversi\u00f3n de $6.800 millones, la construcci\u00f3n del Puente Clonqui y sus accesos en la comuna de Machal\u00ed, por $3.600 millones, y la conservaci\u00f3n global mixta de caminos en la provincia de Colchagua, con una inversi\u00f3n de $8.500 millones. Tambi\u00e9n se suman trabajos de conservaci\u00f3n de caminos en Lolol, Nancagua y Ch\u00e9pica, por m\u00e1s de $4.000 millones, entre otras iniciativas.<\/p>\n\n\n\n<figure class=\"wp-block-image size-large\"><img loading=\"lazy\" decoding=\"async\" width=\"1024\" height=\"576\" src=\"https:\/\/www.rengoenlanoticia.cl\/prensa\/wp-content\/uploads\/2025\/03\/8.-Foto-2-Puente-Yerbas-Buenas-1024x576.jpg\" alt=\"\" class=\"wp-image-2079\" srcset=\"https:\/\/www.rengoenlanoticia.cl\/prensa\/wp-content\/uploads\/2025\/03\/8.-Foto-2-Puente-Yerbas-Buenas-1024x576.jpg 1024w, https:\/\/www.rengoenlanoticia.cl\/prensa\/wp-content\/uploads\/2025\/03\/8.-Foto-2-Puente-Yerbas-Buenas-300x169.jpg 300w, https:\/\/www.rengoenlanoticia.cl\/prensa\/wp-content\/uploads\/2025\/03\/8.-Foto-2-Puente-Yerbas-Buenas-768x432.jpg 768w, https:\/\/www.rengoenlanoticia.cl\/prensa\/wp-content\/uploads\/2025\/03\/8.-Foto-2-Puente-Yerbas-Buenas-110x62.jpg 110w, https:\/\/www.rengoenlanoticia.cl\/prensa\/wp-content\/uploads\/2025\/03\/8.-Foto-2-Puente-Yerbas-Buenas-200x112.jpg 200w, https:\/\/www.rengoenlanoticia.cl\/prensa\/wp-content\/uploads\/2025\/03\/8.-Foto-2-Puente-Yerbas-Buenas-380x214.jpg 380w, https:\/\/www.rengoenlanoticia.cl\/prensa\/wp-content\/uploads\/2025\/03\/8.-Foto-2-Puente-Yerbas-Buenas-255x143.jpg 255w, https:\/\/www.rengoenlanoticia.cl\/prensa\/wp-content\/uploads\/2025\/03\/8.-Foto-2-Puente-Yerbas-Buenas-550x309.jpg 550w, https:\/\/www.rengoenlanoticia.cl\/prensa\/wp-content\/uploads\/2025\/03\/8.-Foto-2-Puente-Yerbas-Buenas-800x450.jpg 800w, https:\/\/www.rengoenlanoticia.cl\/prensa\/wp-content\/uploads\/2025\/03\/8.-Foto-2-Puente-Yerbas-Buenas-1160x652.jpg 1160w, https:\/\/www.rengoenlanoticia.cl\/prensa\/wp-content\/uploads\/2025\/03\/8.-Foto-2-Puente-Yerbas-Buenas.jpg 1348w\" sizes=\"auto, (max-width: 1024px) 100vw, 1024px\" \/><\/figure>\n\n\n\n<p>La <strong>Direcci\u00f3n de Obras Hidr\u00e1ulicas<\/strong> ejecutar\u00e1 10 licitaciones con una inversi\u00f3n de $4.493 millones. Entre los proyectos destacan la conservaci\u00f3n de defensas fluviales en el sector de Y\u00e1quil en Nancagua, con una inversi\u00f3n de $1.000 millones, la conservaci\u00f3n de cauces con maquinaria en el r\u00edo Cachapoal, en sectores como Puente Coinco, Tres Puentes, Monte Lorenzo e Idahue, por m\u00e1s de $900 millones, y la conservaci\u00f3n de cauces naturales en San Pedro de Alc\u00e1ntara, Paredones y Navidad, tambi\u00e9n con una inversi\u00f3n superior a los $900 millones.<\/p>\n\n\n\n<figure class=\"wp-block-image size-large\"><img loading=\"lazy\" decoding=\"async\" width=\"1024\" height=\"684\" src=\"https:\/\/www.rengoenlanoticia.cl\/prensa\/wp-content\/uploads\/2025\/03\/5.-Foto-Servicio-Sanitario-Rural-1024x684.jpeg\" alt=\"\" class=\"wp-image-2075\" srcset=\"https:\/\/www.rengoenlanoticia.cl\/prensa\/wp-content\/uploads\/2025\/03\/5.-Foto-Servicio-Sanitario-Rural-1024x684.jpeg 1024w, https:\/\/www.rengoenlanoticia.cl\/prensa\/wp-content\/uploads\/2025\/03\/5.-Foto-Servicio-Sanitario-Rural-300x200.jpeg 300w, https:\/\/www.rengoenlanoticia.cl\/prensa\/wp-content\/uploads\/2025\/03\/5.-Foto-Servicio-Sanitario-Rural-768x513.jpeg 768w, https:\/\/www.rengoenlanoticia.cl\/prensa\/wp-content\/uploads\/2025\/03\/5.-Foto-Servicio-Sanitario-Rural-1536x1025.jpeg 1536w, https:\/\/www.rengoenlanoticia.cl\/prensa\/wp-content\/uploads\/2025\/03\/5.-Foto-Servicio-Sanitario-Rural-110x73.jpeg 110w, https:\/\/www.rengoenlanoticia.cl\/prensa\/wp-content\/uploads\/2025\/03\/5.-Foto-Servicio-Sanitario-Rural-200x134.jpeg 200w, https:\/\/www.rengoenlanoticia.cl\/prensa\/wp-content\/uploads\/2025\/03\/5.-Foto-Servicio-Sanitario-Rural-380x254.jpeg 380w, https:\/\/www.rengoenlanoticia.cl\/prensa\/wp-content\/uploads\/2025\/03\/5.-Foto-Servicio-Sanitario-Rural-255x170.jpeg 255w, https:\/\/www.rengoenlanoticia.cl\/prensa\/wp-content\/uploads\/2025\/03\/5.-Foto-Servicio-Sanitario-Rural-550x367.jpeg 550w, https:\/\/www.rengoenlanoticia.cl\/prensa\/wp-content\/uploads\/2025\/03\/5.-Foto-Servicio-Sanitario-Rural-800x534.jpeg 800w, https:\/\/www.rengoenlanoticia.cl\/prensa\/wp-content\/uploads\/2025\/03\/5.-Foto-Servicio-Sanitario-Rural-1160x774.jpeg 1160w, https:\/\/www.rengoenlanoticia.cl\/prensa\/wp-content\/uploads\/2025\/03\/5.-Foto-Servicio-Sanitario-Rural.jpeg 1600w\" sizes=\"auto, (max-width: 1024px) 100vw, 1024px\" \/><\/figure>\n\n\n\n<p>Respecto a los <strong>Servicios Servicio Sanitario Rural (SSR)<\/strong>, estos contemplan 14 licitaciones por un total de $46.063 millones. Entre las iniciativas destacan el mejoramiento y ampliaci\u00f3n del Sistema de Agua Potable Rural El Rosario, en Litueche, con una inversi\u00f3n de m\u00e1s de $15.000 millones, la optimizaci\u00f3n del Sistema de Agua Potable en Salto Los Yuyos, Pichidegua, por $5.500 millones, y el mejoramiento del Servicio de Agua Potable en Rinconada de Alcones, en Marchig\u00fce, con una inversi\u00f3n de $4.055 millones. Tambi\u00e9n se considera la optimizaci\u00f3n del SSR Carmen Los Lingues, en San Fernando, con una inversi\u00f3n de $3.200 millones.<\/p>\n\n\n\n<p>Por su parte, la <strong>Direcci\u00f3n General de Aguas (DGA)<\/strong> cuenta con un plan de licitaciones por $1.719 millones, que incluye la reconstrucci\u00f3n de la estaci\u00f3n pluviom\u00e9trica en el r\u00edo Cachapoal, ante la junta con el r\u00edo Claro; y la reconstrucci\u00f3n de la estaci\u00f3n del estero Nilahue en Santa Teresa, con una inversi\u00f3n de $350 millones cada una. Adem\u00e1s, se considera la ampliaci\u00f3n y construcci\u00f3n de cuatro estaciones piezom\u00e9tricas, con una inversi\u00f3n de $250 millones.<\/p>\n\n\n\n<p>Cabe destacar que la <strong>Direcci\u00f3n de Aeropuertos<\/strong> tiene prevista una licitaci\u00f3n por $1.500 millones para ejecutar obras de conservaci\u00f3n en los aer\u00f3dromos de Rancagua y Pichilemu. Estas obras permitir\u00e1n preservar las condiciones en que se encuentra la infraestructura de ambos recintos, de manera de facilitar las operaciones de aviaci\u00f3n civil y de las brigadas a\u00e9reas dedicadas a la prevenci\u00f3n y extinci\u00f3n de incendios forestales.<\/p>\n\n\n\n<figure class=\"wp-block-image size-full\"><img loading=\"lazy\" decoding=\"async\" width=\"960\" height=\"559\" src=\"https:\/\/www.rengoenlanoticia.cl\/prensa\/wp-content\/uploads\/2025\/03\/Aerodromo-La-Independencia-Rgua.jpg\" alt=\"\" class=\"wp-image-2080\" srcset=\"https:\/\/www.rengoenlanoticia.cl\/prensa\/wp-content\/uploads\/2025\/03\/Aerodromo-La-Independencia-Rgua.jpg 960w, https:\/\/www.rengoenlanoticia.cl\/prensa\/wp-content\/uploads\/2025\/03\/Aerodromo-La-Independencia-Rgua-300x175.jpg 300w, https:\/\/www.rengoenlanoticia.cl\/prensa\/wp-content\/uploads\/2025\/03\/Aerodromo-La-Independencia-Rgua-768x447.jpg 768w, https:\/\/www.rengoenlanoticia.cl\/prensa\/wp-content\/uploads\/2025\/03\/Aerodromo-La-Independencia-Rgua-110x64.jpg 110w, https:\/\/www.rengoenlanoticia.cl\/prensa\/wp-content\/uploads\/2025\/03\/Aerodromo-La-Independencia-Rgua-200x116.jpg 200w, https:\/\/www.rengoenlanoticia.cl\/prensa\/wp-content\/uploads\/2025\/03\/Aerodromo-La-Independencia-Rgua-380x221.jpg 380w, https:\/\/www.rengoenlanoticia.cl\/prensa\/wp-content\/uploads\/2025\/03\/Aerodromo-La-Independencia-Rgua-255x148.jpg 255w, https:\/\/www.rengoenlanoticia.cl\/prensa\/wp-content\/uploads\/2025\/03\/Aerodromo-La-Independencia-Rgua-550x320.jpg 550w, https:\/\/www.rengoenlanoticia.cl\/prensa\/wp-content\/uploads\/2025\/03\/Aerodromo-La-Independencia-Rgua-800x466.jpg 800w\" sizes=\"auto, (max-width: 960px) 100vw, 960px\" \/><\/figure>\n\n\n\n<p>En tanto, la <strong>Direcci\u00f3n de Arquitectura<\/strong> contempla una inversi\u00f3n extra sectorial importante de m\u00e1s de $6.000 millones, en materia de edificaci\u00f3n p\u00fablica, con proyectos como la ampliaci\u00f3n del Complejo Deportivo Gultro, en Olivar, con una inversi\u00f3n de $2.300 millones, y la reposici\u00f3n de las compa\u00f1\u00edas de Bomberos de Olivar y Malloa, con una inversi\u00f3n de $1.500 millones respectivamente, financiadas con recursos del Gobierno Regional.<\/p>\n\n\n\n<p>Al finalizar la actividad, el seremi (s) del MOP O\u2019Higgins, Roberto Soto, enfatiz\u00f3 el impacto de esta inversi\u00f3n indicando que <strong>\u201cesta serie de iniciativas responde al Plan Nacional de Licitaciones 2025 del MOP, que contempla 560 contratos a nivel nacional, con una inversi\u00f3n total de $2,2 billones, anunciados por la ministra Jessica L\u00f3pez. Con esta cartera, el MOP O\u2019Higgins reafirma su compromiso con el desarrollo de infraestructura clave para la regi\u00f3n, impulsando la reactivaci\u00f3n econ\u00f3mica, la seguridad h\u00eddrica, la conectividad y la calidad de vida de sus habitantes\u201d<\/strong>.<\/p>\n\n\n\n<figure class=\"wp-block-image size-large\"><img loading=\"lazy\" decoding=\"async\" width=\"1024\" height=\"461\" src=\"https:\/\/www.rengoenlanoticia.cl\/prensa\/wp-content\/uploads\/2025\/03\/2.-Foto-Edificio-Sector-Justicia-1024x461.jpg\" alt=\"\" class=\"wp-image-2081\" srcset=\"https:\/\/www.rengoenlanoticia.cl\/prensa\/wp-content\/uploads\/2025\/03\/2.-Foto-Edificio-Sector-Justicia-1024x461.jpg 1024w, https:\/\/www.rengoenlanoticia.cl\/prensa\/wp-content\/uploads\/2025\/03\/2.-Foto-Edificio-Sector-Justicia-300x135.jpg 300w, https:\/\/www.rengoenlanoticia.cl\/prensa\/wp-content\/uploads\/2025\/03\/2.-Foto-Edificio-Sector-Justicia-768x345.jpg 768w, https:\/\/www.rengoenlanoticia.cl\/prensa\/wp-content\/uploads\/2025\/03\/2.-Foto-Edificio-Sector-Justicia-1536x691.jpg 1536w, https:\/\/www.rengoenlanoticia.cl\/prensa\/wp-content\/uploads\/2025\/03\/2.-Foto-Edificio-Sector-Justicia-2048x921.jpg 2048w, https:\/\/www.rengoenlanoticia.cl\/prensa\/wp-content\/uploads\/2025\/03\/2.-Foto-Edificio-Sector-Justicia-110x49.jpg 110w, https:\/\/www.rengoenlanoticia.cl\/prensa\/wp-content\/uploads\/2025\/03\/2.-Foto-Edificio-Sector-Justicia-200x90.jpg 200w, https:\/\/www.rengoenlanoticia.cl\/prensa\/wp-content\/uploads\/2025\/03\/2.-Foto-Edificio-Sector-Justicia-380x171.jpg 380w, https:\/\/www.rengoenlanoticia.cl\/prensa\/wp-content\/uploads\/2025\/03\/2.-Foto-Edificio-Sector-Justicia-255x115.jpg 255w, https:\/\/www.rengoenlanoticia.cl\/prensa\/wp-content\/uploads\/2025\/03\/2.-Foto-Edificio-Sector-Justicia-550x247.jpg 550w, https:\/\/www.rengoenlanoticia.cl\/prensa\/wp-content\/uploads\/2025\/03\/2.-Foto-Edificio-Sector-Justicia-800x360.jpg 800w, https:\/\/www.rengoenlanoticia.cl\/prensa\/wp-content\/uploads\/2025\/03\/2.-Foto-Edificio-Sector-Justicia-1160x522.jpg 1160w, https:\/\/www.rengoenlanoticia.cl\/prensa\/wp-content\/uploads\/2025\/03\/2.-Foto-Edificio-Sector-Justicia.jpg 2108w\" sizes=\"auto, (max-width: 1024px) 100vw, 1024px\" \/><\/figure>\n\n\n\n<figure class=\"wp-block-image size-large\"><img loading=\"lazy\" decoding=\"async\" width=\"1024\" height=\"576\" src=\"https:\/\/www.rengoenlanoticia.cl\/prensa\/wp-content\/uploads\/2025\/03\/6.-Fotos-construccion-Cuartel-de-Peumo-1024x576.jpeg\" alt=\"\" class=\"wp-image-2082\" srcset=\"https:\/\/www.rengoenlanoticia.cl\/prensa\/wp-content\/uploads\/2025\/03\/6.-Fotos-construccion-Cuartel-de-Peumo-1024x576.jpeg 1024w, https:\/\/www.rengoenlanoticia.cl\/prensa\/wp-content\/uploads\/2025\/03\/6.-Fotos-construccion-Cuartel-de-Peumo-300x169.jpeg 300w, https:\/\/www.rengoenlanoticia.cl\/prensa\/wp-content\/uploads\/2025\/03\/6.-Fotos-construccion-Cuartel-de-Peumo-768x432.jpeg 768w, https:\/\/www.rengoenlanoticia.cl\/prensa\/wp-content\/uploads\/2025\/03\/6.-Fotos-construccion-Cuartel-de-Peumo-1536x864.jpeg 1536w, https:\/\/www.rengoenlanoticia.cl\/prensa\/wp-content\/uploads\/2025\/03\/6.-Fotos-construccion-Cuartel-de-Peumo-110x62.jpeg 110w, https:\/\/www.rengoenlanoticia.cl\/prensa\/wp-content\/uploads\/2025\/03\/6.-Fotos-construccion-Cuartel-de-Peumo-200x113.jpeg 200w, https:\/\/www.rengoenlanoticia.cl\/prensa\/wp-content\/uploads\/2025\/03\/6.-Fotos-construccion-Cuartel-de-Peumo-380x214.jpeg 380w, https:\/\/www.rengoenlanoticia.cl\/prensa\/wp-content\/uploads\/2025\/03\/6.-Fotos-construccion-Cuartel-de-Peumo-255x143.jpeg 255w, https:\/\/www.rengoenlanoticia.cl\/prensa\/wp-content\/uploads\/2025\/03\/6.-Fotos-construccion-Cuartel-de-Peumo-550x309.jpeg 550w, https:\/\/www.rengoenlanoticia.cl\/prensa\/wp-content\/uploads\/2025\/03\/6.-Fotos-construccion-Cuartel-de-Peumo-800x450.jpeg 800w, https:\/\/www.rengoenlanoticia.cl\/prensa\/wp-content\/uploads\/2025\/03\/6.-Fotos-construccion-Cuartel-de-Peumo-1160x653.jpeg 1160w, https:\/\/www.rengoenlanoticia.cl\/prensa\/wp-content\/uploads\/2025\/03\/6.-Fotos-construccion-Cuartel-de-Peumo.jpeg 1600w\" sizes=\"auto, (max-width: 1024px) 100vw, 1024px\" \/><\/figure>\n","protected":false},"excerpt":{"rendered":"El plan contempla 68 iniciativas en conectividad vial, agua potable rural, gesti\u00f3n h\u00eddrica y edificaci\u00f3n p\u00fablica, reforzando la&hellip;\n","protected":false},"author":1,"featured_media":2075,"comment_status":"open","ping_status":"open","sticky":false,"template":"","format":"standard","meta":{"_monsterinsights_skip_tracking":false,"_monsterinsights_sitenote_active":false,"_monsterinsights_sitenote_note":"","_monsterinsights_sitenote_category":0,"footnotes":""},"categories":[8],"tags":[],"class_list":{"0":"post-2074","1":"post","2":"type-post","3":"status-publish","4":"format-standard","5":"has-post-thumbnail","7":"category-portada"},"aioseo_notices":[],"_links":{"self":[{"href":"https:\/\/www.rengoenlanoticia.cl\/prensa\/wp-json\/wp\/v2\/posts\/2074","targetHints":{"allow":["GET"]}}],"collection":[{"href":"https:\/\/www.rengoenlanoticia.cl\/prensa\/wp-json\/wp\/v2\/posts"}],"about":[{"href":"https:\/\/www.rengoenlanoticia.cl\/prensa\/wp-json\/wp\/v2\/types\/post"}],"author":[{"embeddable":true,"href":"https:\/\/www.rengoenlanoticia.cl\/prensa\/wp-json\/wp\/v2\/users\/1"}],"replies":[{"embeddable":true,"href":"https:\/\/www.rengoenlanoticia.cl\/prensa\/wp-json\/wp\/v2\/comments?post=2074"}],"version-history":[{"count":2,"href":"https:\/\/www.rengoenlanoticia.cl\/prensa\/wp-json\/wp\/v2\/posts\/2074\/revisions"}],"predecessor-version":[{"id":2084,"href":"https:\/\/www.rengoenlanoticia.cl\/prensa\/wp-json\/wp\/v2\/posts\/2074\/revisions\/2084"}],"wp:featuredmedia":[{"embeddable":true,"href":"https:\/\/www.rengoenlanoticia.cl\/prensa\/wp-json\/wp\/v2\/media\/2075"}],"wp:attachment":[{"href":"https:\/\/www.rengoenlanoticia.cl\/prensa\/wp-json\/wp\/v2\/media?parent=2074"}],"wp:term":[{"taxonomy":"category","embeddable":true,"href":"https:\/\/www.rengoenlanoticia.cl\/prensa\/wp-json\/wp\/v2\/categories?post=2074"},{"taxonomy":"post_tag","embeddable":true,"href":"https:\/\/www.rengoenlanoticia.cl\/prensa\/wp-json\/wp\/v2\/tags?post=2074"}],"curies":[{"name":"wp","href":"https:\/\/api.w.org\/{rel}","templated":true}]}}