{"id":2070,"date":"2025-03-24T23:54:57","date_gmt":"2025-03-24T23:54:57","guid":{"rendered":"https:\/\/www.rengoenlanoticia.cl\/prensa\/?p=2070"},"modified":"2025-03-24T23:55:38","modified_gmt":"2025-03-24T23:55:38","slug":"la-fuerza-de-las-ideas-mueve-segegob-abre-las-postulaciones-al-fondo-de-fortalecimiento-de-organizaciones-de-interes-publico-2025","status":"publish","type":"post","link":"https:\/\/www.rengoenlanoticia.cl\/prensa\/2025\/03\/24\/la-fuerza-de-las-ideas-mueve-segegob-abre-las-postulaciones-al-fondo-de-fortalecimiento-de-organizaciones-de-interes-publico-2025\/","title":{"rendered":"La fuerza de las ideas mueve: Segegob abre las postulaciones al Fondo de Fortalecimiento de Organizaciones de Inter\u00e9s P\u00fablico 2025"},"content":{"rendered":"\n<p><\/p>\n\n\n\n<p>Un total de $1.645 millones de pesos, un 4% m\u00e1s que el a\u00f1o pasado, ofrece en su versi\u00f3n 2025 el Fondo de Fortalecimiento de Organizaciones de Inter\u00e9s P\u00fablico (FFOIP) del Ministerio Secretar\u00eda General de Gobierno. Bajo el eslogan \u201c<em>La fuerza de las ideas mueve\u201d<\/em>, este fondo concursable tiene por objetivo apoyar el trabajo de organizaciones sociales que trabajen en la promoci\u00f3n de derechos ciudadanos, equidad de g\u00e9nero, asistencia social, educaci\u00f3n, salud, medio ambiente y otras tem\u00e1ticas.<\/p>\n\n\n\n<p>Las organizaciones podr\u00e1n acceder a un m\u00e1ximo de $2 millones cuando se trate de proyectos locales (una comuna), $4 millones para aquellos de car\u00e1cter regional (dos o m\u00e1s comunas de una misma regi\u00f3n) y un l\u00edmite de $10 millones para iniciativas de alcance nacional (m\u00e1s de una regi\u00f3n). En O\u2019Higgins el monto total a entregar supera los 98 millones de pesos.<\/p>\n\n\n\n<p>Los proyectos deber\u00e1n enfocarse en promover los derechos humanos, el enfoque de g\u00e9nero o tener un impacto concreto en el territorio. Adem\u00e1s, este a\u00f1o, por segunda vez y gracias a una alianza con la&nbsp;Subsecretar\u00eda de la Ni\u00f1ez, el FFOIP contempla una l\u00ednea tem\u00e1tica para el fortalecimiento de la participaci\u00f3n ciudadana de ni\u00f1os, ni\u00f1as y adolescentes. Esta l\u00ednea cuenta con un presupuesto de $354 millones de pesos dirigido a organizaciones que desarrollen proyectos a nivel local para promover la participaci\u00f3n social y comunitaria de ni\u00f1os, ni\u00f1as y adolescentes.<\/p>\n\n\n\n<p>La subsecretaria general de Gobierno,&nbsp;Nicole Cardoch, destac\u00f3 que&nbsp;<em>\u201clos ni\u00f1os, ni\u00f1as y adolescentes no son el futuro de Chile<\/em><em>, sino su presente. Por eso, queremos apoyar los proyectos de organizaciones sociales que hoy est\u00e1n trabajando para que ellos y ellas tengan un papel activo en la construcci\u00f3n de nuestra sociedad, de las pol\u00edticas p\u00fablicas y de nuestras comunidades. Sus voces y acciones son fundamentales para fortalecer nuestra democracia\u201d<\/em><em>.<\/em><\/p>\n\n\n\n<p>Por su parte, la subsecretaria de la Ni\u00f1ez,&nbsp;Ver\u00f3nica Silva, resalt\u00f3 que&nbsp;<em>\u201cdesde la Subsecretar\u00eda de la Ni\u00f1ez tenemos el desaf\u00edo de incentivar espacios y mecanismos que favorezcan la participaci\u00f3n de ni\u00f1os, ni\u00f1as y adolescentes. Que sus preocupaciones, ideas y propuestas sean parte de la toma de decisiones en el ciclo de las pol\u00edticas p\u00fablicas. Es por ello que este a\u00f1o junto a la Secretar\u00eda General de Gobierno buscamos convocar a Organizaciones de Inter\u00e9s P\u00fablico que, entre sus objetivos y l\u00edneas de acci\u00f3n, se enfoquen en proteger y promover la participaci\u00f3n social y comunitaria efectiva de ni\u00f1os, ni\u00f1as y adolescentes\u201d<\/em><em>.<\/em><\/p>\n\n\n\n<figure class=\"wp-block-image size-large\"><img loading=\"lazy\" decoding=\"async\" width=\"1024\" height=\"576\" src=\"https:\/\/www.rengoenlanoticia.cl\/prensa\/wp-content\/uploads\/2025\/03\/486081500_937635438570304_6333962449517661782_n-1024x576.jpg\" alt=\"\" class=\"wp-image-2072\" srcset=\"https:\/\/www.rengoenlanoticia.cl\/prensa\/wp-content\/uploads\/2025\/03\/486081500_937635438570304_6333962449517661782_n-1024x576.jpg 1024w, https:\/\/www.rengoenlanoticia.cl\/prensa\/wp-content\/uploads\/2025\/03\/486081500_937635438570304_6333962449517661782_n-300x169.jpg 300w, https:\/\/www.rengoenlanoticia.cl\/prensa\/wp-content\/uploads\/2025\/03\/486081500_937635438570304_6333962449517661782_n-768x432.jpg 768w, https:\/\/www.rengoenlanoticia.cl\/prensa\/wp-content\/uploads\/2025\/03\/486081500_937635438570304_6333962449517661782_n-1536x864.jpg 1536w, https:\/\/www.rengoenlanoticia.cl\/prensa\/wp-content\/uploads\/2025\/03\/486081500_937635438570304_6333962449517661782_n-110x62.jpg 110w, https:\/\/www.rengoenlanoticia.cl\/prensa\/wp-content\/uploads\/2025\/03\/486081500_937635438570304_6333962449517661782_n-200x113.jpg 200w, https:\/\/www.rengoenlanoticia.cl\/prensa\/wp-content\/uploads\/2025\/03\/486081500_937635438570304_6333962449517661782_n-380x214.jpg 380w, https:\/\/www.rengoenlanoticia.cl\/prensa\/wp-content\/uploads\/2025\/03\/486081500_937635438570304_6333962449517661782_n-255x143.jpg 255w, https:\/\/www.rengoenlanoticia.cl\/prensa\/wp-content\/uploads\/2025\/03\/486081500_937635438570304_6333962449517661782_n-550x309.jpg 550w, https:\/\/www.rengoenlanoticia.cl\/prensa\/wp-content\/uploads\/2025\/03\/486081500_937635438570304_6333962449517661782_n-800x450.jpg 800w, https:\/\/www.rengoenlanoticia.cl\/prensa\/wp-content\/uploads\/2025\/03\/486081500_937635438570304_6333962449517661782_n-1160x653.jpg 1160w, https:\/\/www.rengoenlanoticia.cl\/prensa\/wp-content\/uploads\/2025\/03\/486081500_937635438570304_6333962449517661782_n.jpg 2048w\" sizes=\"auto, (max-width: 1024px) 100vw, 1024px\" \/><\/figure>\n\n\n\n<p>Al respecto, el seremi de Gobierno de O\u00b4Higgins, Carlos Carrasco Olea, realiz\u00f3 un llamado a las organizaciones a postular a los Fondos de Fortalecimiento, \u201cen definitiva lo que nos interesa como Gobierno es que la gente se re\u00fana, converse, se organice, se junte y pueda llevar a cabo lo que son sus iniciativas. Para eso existen montos, que en iniciativas locales, est\u00e1n en el umbral de los dos millones de pesos, que sin duda es un espaldarazo a las organizaciones. Necesitamos un pueblo organizado, deliberante, interpelante y muy consciente\u201d, enfatiz\u00f3 la autoridad local.<\/p>\n\n\n\n<p><strong>\u00bfTienes un proyecto con impacto social pero te falta apoyo?<\/strong><\/p>\n\n\n\n<p>Postula al Fondo de Fortalecimiento de Organizaciones de Inter\u00e9s P\u00fablico, porque&nbsp;<strong>#LaFuerzaDeLasIdeasmueve<\/strong><\/p>\n\n\n\n<p>M\u00e1s informaci\u00f3n y postulaciones en: &nbsp;<a href=\"https:\/\/fondodefortalecimiento.gob.cl\/\">www.fondodefortalecimiento.gob.cl<\/a><\/p>\n\n\n\n<p><strong>Hasta el 17 de abril, tienes la oportunidad de enviar tu postulaci\u00f3n en su formato presencial, y hasta el 02 de mayo en l\u00ednea.<\/strong><\/p>\n","protected":false},"excerpt":{"rendered":"Un total de $1.645 millones de pesos, un 4% m\u00e1s que el a\u00f1o pasado, ofrece en su versi\u00f3n&hellip;\n","protected":false},"author":1,"featured_media":2071,"comment_status":"open","ping_status":"open","sticky":false,"template":"","format":"standard","meta":{"_monsterinsights_skip_tracking":false,"_monsterinsights_sitenote_active":false,"_monsterinsights_sitenote_note":"","_monsterinsights_sitenote_category":0,"footnotes":""},"categories":[8],"tags":[],"class_list":{"0":"post-2070","1":"post","2":"type-post","3":"status-publish","4":"format-standard","5":"has-post-thumbnail","7":"category-portada"},"aioseo_notices":[],"_links":{"self":[{"href":"https:\/\/www.rengoenlanoticia.cl\/prensa\/wp-json\/wp\/v2\/posts\/2070","targetHints":{"allow":["GET"]}}],"collection":[{"href":"https:\/\/www.rengoenlanoticia.cl\/prensa\/wp-json\/wp\/v2\/posts"}],"about":[{"href":"https:\/\/www.rengoenlanoticia.cl\/prensa\/wp-json\/wp\/v2\/types\/post"}],"author":[{"embeddable":true,"href":"https:\/\/www.rengoenlanoticia.cl\/prensa\/wp-json\/wp\/v2\/users\/1"}],"replies":[{"embeddable":true,"href":"https:\/\/www.rengoenlanoticia.cl\/prensa\/wp-json\/wp\/v2\/comments?post=2070"}],"version-history":[{"count":1,"href":"https:\/\/www.rengoenlanoticia.cl\/prensa\/wp-json\/wp\/v2\/posts\/2070\/revisions"}],"predecessor-version":[{"id":2073,"href":"https:\/\/www.rengoenlanoticia.cl\/prensa\/wp-json\/wp\/v2\/posts\/2070\/revisions\/2073"}],"wp:featuredmedia":[{"embeddable":true,"href":"https:\/\/www.rengoenlanoticia.cl\/prensa\/wp-json\/wp\/v2\/media\/2071"}],"wp:attachment":[{"href":"https:\/\/www.rengoenlanoticia.cl\/prensa\/wp-json\/wp\/v2\/media?parent=2070"}],"wp:term":[{"taxonomy":"category","embeddable":true,"href":"https:\/\/www.rengoenlanoticia.cl\/prensa\/wp-json\/wp\/v2\/categories?post=2070"},{"taxonomy":"post_tag","embeddable":true,"href":"https:\/\/www.rengoenlanoticia.cl\/prensa\/wp-json\/wp\/v2\/tags?post=2070"}],"curies":[{"name":"wp","href":"https:\/\/api.w.org\/{rel}","templated":true}]}}