{"id":2066,"date":"2025-03-24T23:51:03","date_gmt":"2025-03-24T23:51:03","guid":{"rendered":"https:\/\/www.rengoenlanoticia.cl\/prensa\/?p=2066"},"modified":"2025-03-24T23:51:27","modified_gmt":"2025-03-24T23:51:27","slug":"television-nacional-y-el-desarrollo-regional","status":"publish","type":"post","link":"https:\/\/www.rengoenlanoticia.cl\/prensa\/2025\/03\/24\/television-nacional-y-el-desarrollo-regional\/","title":{"rendered":"Televisi\u00f3n Nacional y el desarrollo regional"},"content":{"rendered":"\n<p>Contar con un robusto ecosistema medial, que contemple medios de comunicaci\u00f3n p\u00fablicos y privados, donde entreguen informaci\u00f3n de calidad, que sean pluralistas, y comprometidos con los valores de la democracia, es fundamental para consolidar el desarrollo de Chile y sus regiones.<\/p>\n\n\n\n<p>Construir una sociedad democr\u00e1tica es una tarea del d\u00eda a d\u00eda que tiene sin duda muchas dificultades y en la que los medios de comunicaci\u00f3n tienen un papel insoslayable.<\/p>\n\n\n\n<p>En nuestro pa\u00eds, el modelo de televisi\u00f3n p\u00fablica, simbolizado por Televisi\u00f3n Nacional de Chile (TVN), ha contribuido a fortalecer la discusi\u00f3n p\u00fablica a partir de la recuperaci\u00f3n democr\u00e1tica luego de 17 a\u00f1os de dictadura. Asimismo, consolida en el d\u00eda a d\u00eda la identidad nacional, desarrolla con \u00e9xito el \u00fanico canal familiar y educativo en se\u00f1al abierta NTV, y ofrece una oportunidad de conexi\u00f3n de los chilenos y chilenas que est\u00e1n en otros pa\u00edses con su se\u00f1al internacional.<\/p>\n\n\n\n<p>Adem\u00e1s, aporta con sus centros regionales un alto est\u00e1ndar informativo que va de la mano con la construcci\u00f3n de la identidad regional, siempre necesaria en un pa\u00eds que a\u00fan adolece de los lastres del centralismo. Sin embargo, a diferencia de los modelos europeos, nuestra televisi\u00f3n p\u00fablica adolece de un problema central que tiene que ver con su financiamiento. Mientras los pa\u00edses europeos entienden que es imprescindible financiar desde lo p\u00fablico espacios informativos pluralistas, independientes y de calidad para poder aspirar a democracias consolidadas y s\u00f3lidas, en Chile sometemos a nuestro canal p\u00fablico al autofinanciamiento, es decir a competir por una inversi\u00f3n publicitaria que es cada vez m\u00e1s peque\u00f1a.<\/p>\n\n\n\n<p>De esta forma, TVN tiene que financiarse sobre la base de la publicidad y competir con las se\u00f1ales privadas pero al mismo tiempo \u2013y ah\u00ed est\u00e1 el problema- ofrecer servicios adicionales que tienen un costo enorme y que son absolutamente necesarios para la sociedad chilena, como la se\u00f1al internacional y sus centros regionales.<\/p>\n\n\n\n<p>Para el Gobierno del Presidente Gabriel Boric es fundamental consolidar espacios informativos democr\u00e1ticos y pluralistas y el rol de TVN en dicho escenario es crucial. Para ello est\u00e1 impulsando modificaciones al sistema de financiamiento que rige a la se\u00f1al p\u00fablica, especialmente en sus centros regionales, que permiten que la informaci\u00f3n local pueda llegar a toda la comunidad.<\/p>\n\n\n\n<p>Este proyecto propone un modelo de financiamiento mixto. Se trata de crear un fondo de naturaleza p\u00fablico-privada, con una regulaci\u00f3n que permita asegurar que su objeto no sea modificado en el tiempo. Este se formar\u00e1 a partir del aporte de 30 millones de d\u00f3lares que el Fisco deber\u00e1 enterar en un plazo m\u00e1ximo de 3 a\u00f1os. Asimismo, permite los aportes que personas naturales y jur\u00eddicas y entidades privadas realicen a dicho fondo, quienes podr\u00e1n percibir beneficios tributarios, creando est\u00edmulos a los aportes que el sector privado pueda realizar.<\/p>\n\n\n\n<p>Esta modificaci\u00f3n de la estructura de financiamiento de TVN permitir\u00e1 al canal poder financiar a sus centros regionales y no cambia la dependencia de la publicidad que permanecer\u00e1 en la se\u00f1al central.<\/p>\n\n\n\n<p>Poder contar con respaldo financiero permanente para los centros regionales permitir\u00e1 profundizar y perfeccionar a\u00fan m\u00e1s una labor informativa y period\u00edstica de calidad que es imprescindible para alcanzar mejores est\u00e1ndares de desarrollo regional. TVN Red O\u2019Higgins ha cumplido con creces esas premisas y esperamos que con un buen respaldo siga en esa senda.<\/p>\n","protected":false},"excerpt":{"rendered":"Contar con un robusto ecosistema medial, que contemple medios de comunicaci\u00f3n p\u00fablicos y privados, donde entreguen informaci\u00f3n de&hellip;\n","protected":false},"author":1,"featured_media":2067,"comment_status":"open","ping_status":"open","sticky":false,"template":"","format":"standard","meta":{"_monsterinsights_skip_tracking":false,"_monsterinsights_sitenote_active":false,"_monsterinsights_sitenote_note":"","_monsterinsights_sitenote_category":0,"footnotes":""},"categories":[8],"tags":[],"class_list":{"0":"post-2066","1":"post","2":"type-post","3":"status-publish","4":"format-standard","5":"has-post-thumbnail","7":"category-portada"},"aioseo_notices":[],"_links":{"self":[{"href":"https:\/\/www.rengoenlanoticia.cl\/prensa\/wp-json\/wp\/v2\/posts\/2066","targetHints":{"allow":["GET"]}}],"collection":[{"href":"https:\/\/www.rengoenlanoticia.cl\/prensa\/wp-json\/wp\/v2\/posts"}],"about":[{"href":"https:\/\/www.rengoenlanoticia.cl\/prensa\/wp-json\/wp\/v2\/types\/post"}],"author":[{"embeddable":true,"href":"https:\/\/www.rengoenlanoticia.cl\/prensa\/wp-json\/wp\/v2\/users\/1"}],"replies":[{"embeddable":true,"href":"https:\/\/www.rengoenlanoticia.cl\/prensa\/wp-json\/wp\/v2\/comments?post=2066"}],"version-history":[{"count":2,"href":"https:\/\/www.rengoenlanoticia.cl\/prensa\/wp-json\/wp\/v2\/posts\/2066\/revisions"}],"predecessor-version":[{"id":2069,"href":"https:\/\/www.rengoenlanoticia.cl\/prensa\/wp-json\/wp\/v2\/posts\/2066\/revisions\/2069"}],"wp:featuredmedia":[{"embeddable":true,"href":"https:\/\/www.rengoenlanoticia.cl\/prensa\/wp-json\/wp\/v2\/media\/2067"}],"wp:attachment":[{"href":"https:\/\/www.rengoenlanoticia.cl\/prensa\/wp-json\/wp\/v2\/media?parent=2066"}],"wp:term":[{"taxonomy":"category","embeddable":true,"href":"https:\/\/www.rengoenlanoticia.cl\/prensa\/wp-json\/wp\/v2\/categories?post=2066"},{"taxonomy":"post_tag","embeddable":true,"href":"https:\/\/www.rengoenlanoticia.cl\/prensa\/wp-json\/wp\/v2\/tags?post=2066"}],"curies":[{"name":"wp","href":"https:\/\/api.w.org\/{rel}","templated":true}]}}