{"id":2062,"date":"2025-03-24T23:42:07","date_gmt":"2025-03-24T23:42:07","guid":{"rendered":"https:\/\/www.rengoenlanoticia.cl\/prensa\/?p=2062"},"modified":"2025-03-24T23:42:26","modified_gmt":"2025-03-24T23:42:26","slug":"seremi-de-salud-realiza-visita-a-hospederia-del-hogar-de-cristo-en-el-marco-del-dia-mundial-de-la-tuberculosis","status":"publish","type":"post","link":"https:\/\/www.rengoenlanoticia.cl\/prensa\/2025\/03\/24\/seremi-de-salud-realiza-visita-a-hospederia-del-hogar-de-cristo-en-el-marco-del-dia-mundial-de-la-tuberculosis\/","title":{"rendered":"Seremi de Salud realiza visita a Hospeder\u00eda del Hogar de Cristo en el marco del D\u00eda Mundial de la Tuberculosis"},"content":{"rendered":"\n<p><\/p>\n\n\n\n<p>Con la finalidad de preservar la salud de las personas, la Seremi de Salud en conjunto con el personal del Cesfam N\u00b01, realizaron una visita a la Hospeder\u00eda del Hogar de Cristo, en el marco de D\u00eda Mundial de la Tuberculosis.<\/p>\n\n\n\n<p>La instancia fue propicia para educar sobre la enfermedad, dar a conocer los s\u00edntomas, y adicionalmente realizar test r\u00e1pidos de VIH, baciloscopia y vacunaci\u00f3n contra la Influenza.<\/p>\n\n\n\n<p>Al respecto, la Seremi de Salud Dra. Carolina Torres Pinto, se\u00f1al\u00f3 que \u201ces un desaf\u00edo sanitario el poder avanzar en la eliminaci\u00f3n de esta enfermedad y desde la Seremi de Salud se trabaja con el programa de control de la erradicaci\u00f3n de la tuberculosis. Estamos en la Hospeder\u00eda del Hogar de Cristo, trabajando con la poblaci\u00f3n de riesgo, acercando la vacunaci\u00f3n en el contexto de enfermedades respiratorias; agradecida de que se nos abran las puertas y vamos a seguir trabajando coordinados con la red asistencial, en este caso con el Cesfam N\u00b01, que han hecho educaci\u00f3n hacia las personas que son beneficiarios de este programa y as\u00ed, intersectorialmente seguir avanzando en desaf\u00edos que requieren a mucho m\u00e1s que el sector salud para poder resolver esta enfermedad, esta crisis epid\u00e9mica que se ha definido a nivel internacional\u201d.<\/p>\n\n\n\n<p>Por su parte, Monserrat Duarte, jefa de operaci\u00f3n social del Hogar de Cristo en la regi\u00f3n de O&#8217;Higgins manifest\u00f3 que \u201cla actividad que se est\u00e1 realizando, es fundamental para nosotros, ya que apunta a la prevenci\u00f3n de una enfermedad muy importante que afecta particularmente a las personas en situaci\u00f3n de calle, que es la tuberculosis. Estamos trabajando con la Serem\u00eda de Salud y con el Cesfam N\u00b01, para realizar todo tipo de actividades que permitan mejorar la salud de las personas que atendemos. Estamos abiertos como Hogar de Cristo, a continuar en este trabajo de cooperaci\u00f3n mutua\u201d.<\/p>\n\n\n\n<p><strong>En cifras:<\/strong><\/p>\n\n\n\n<p>En la Regi\u00f3n de O\u2019Higgins, la tuberculosis ha mostrado una tendencia estable en los \u00faltimos 10 a\u00f1os. En 2022, la tasa cruda de notificaci\u00f3n fue de 9.6 casos por 100.000 habitantes.<\/p>\n\n\n\n<p>Durante 2023, se notificaron 145 casos, mientras que en 2024 registraron 117 casos y en lo que va del 2025 tenemos 12 casos notificados.<\/p>\n\n\n\n<p>Las comunas con mayor cantidad de casos en 2024 fueron: Rancagua, Graneros, San Fernando, Las Cabras y Graneros.<\/p>\n\n\n\n<p>Por g\u00e9nero, el 59% de los casos fueron hombres y el 41% mujeres. El rango etario fue de 21 a 90 a\u00f1os, con una mediana de 53 a\u00f1os.<\/p>\n","protected":false},"excerpt":{"rendered":"Con la finalidad de preservar la salud de las personas, la Seremi de Salud en conjunto con el&hellip;\n","protected":false},"author":1,"featured_media":2063,"comment_status":"open","ping_status":"open","sticky":false,"template":"","format":"standard","meta":{"_monsterinsights_skip_tracking":false,"_monsterinsights_sitenote_active":false,"_monsterinsights_sitenote_note":"","_monsterinsights_sitenote_category":0,"footnotes":""},"categories":[8],"tags":[],"class_list":{"0":"post-2062","1":"post","2":"type-post","3":"status-publish","4":"format-standard","5":"has-post-thumbnail","7":"category-portada"},"aioseo_notices":[],"_links":{"self":[{"href":"https:\/\/www.rengoenlanoticia.cl\/prensa\/wp-json\/wp\/v2\/posts\/2062","targetHints":{"allow":["GET"]}}],"collection":[{"href":"https:\/\/www.rengoenlanoticia.cl\/prensa\/wp-json\/wp\/v2\/posts"}],"about":[{"href":"https:\/\/www.rengoenlanoticia.cl\/prensa\/wp-json\/wp\/v2\/types\/post"}],"author":[{"embeddable":true,"href":"https:\/\/www.rengoenlanoticia.cl\/prensa\/wp-json\/wp\/v2\/users\/1"}],"replies":[{"embeddable":true,"href":"https:\/\/www.rengoenlanoticia.cl\/prensa\/wp-json\/wp\/v2\/comments?post=2062"}],"version-history":[{"count":2,"href":"https:\/\/www.rengoenlanoticia.cl\/prensa\/wp-json\/wp\/v2\/posts\/2062\/revisions"}],"predecessor-version":[{"id":2065,"href":"https:\/\/www.rengoenlanoticia.cl\/prensa\/wp-json\/wp\/v2\/posts\/2062\/revisions\/2065"}],"wp:featuredmedia":[{"embeddable":true,"href":"https:\/\/www.rengoenlanoticia.cl\/prensa\/wp-json\/wp\/v2\/media\/2063"}],"wp:attachment":[{"href":"https:\/\/www.rengoenlanoticia.cl\/prensa\/wp-json\/wp\/v2\/media?parent=2062"}],"wp:term":[{"taxonomy":"category","embeddable":true,"href":"https:\/\/www.rengoenlanoticia.cl\/prensa\/wp-json\/wp\/v2\/categories?post=2062"},{"taxonomy":"post_tag","embeddable":true,"href":"https:\/\/www.rengoenlanoticia.cl\/prensa\/wp-json\/wp\/v2\/tags?post=2062"}],"curies":[{"name":"wp","href":"https:\/\/api.w.org\/{rel}","templated":true}]}}