{"id":2055,"date":"2025-03-22T21:03:45","date_gmt":"2025-03-22T21:03:45","guid":{"rendered":"https:\/\/www.rengoenlanoticia.cl\/prensa\/?p=2055"},"modified":"2025-03-22T21:04:12","modified_gmt":"2025-03-22T21:04:12","slug":"la-diputada-marta-gonzalez-destaca-la-aprobacion-del-sistema-nacional-de-cuidados-junto-a-cuidadoras-de-ohiggins","status":"publish","type":"post","link":"https:\/\/www.rengoenlanoticia.cl\/prensa\/2025\/03\/22\/la-diputada-marta-gonzalez-destaca-la-aprobacion-del-sistema-nacional-de-cuidados-junto-a-cuidadoras-de-ohiggins\/","title":{"rendered":"La diputada Marta Gonz\u00e1lez destaca la aprobaci\u00f3n del Sistema Nacional de Cuidados junto a cuidadoras de O\u2019Higgins"},"content":{"rendered":"\n<p>Con la presencia de cuidadoras de la Regi\u00f3n de O&#8217;Higgins, el Congreso Nacional aprob\u00f3 esta semana el Sistema Nacional de Apoyos y Cuidados, un proyecto que promete transformar la labor de cuidados en Chile. Tras siete meses de debate, el proyecto logr\u00f3 104 votos a favor, 16 en contra y 3 abstenciones.<\/p>\n\n\n\n<p>La diputada Marta Gonz\u00e1lez, que ha sido una firme defensora del proyecto, celebr\u00f3 la aprobaci\u00f3n junto a las integrantes de la agrupaci\u00f3n <em>Yo Cuido<\/em>, a quienes invit\u00f3 a la tribuna del Congreso. \u201cEste es uno de esos d\u00edas felices que se viven en el Congreso, cuando las luchas de muchos a\u00f1os finalmente se concretan\u201d, destac\u00f3 la diputada.<\/p>\n\n\n\n<figure class=\"wp-block-image size-large\"><img loading=\"lazy\" decoding=\"async\" width=\"1024\" height=\"682\" src=\"https:\/\/www.rengoenlanoticia.cl\/prensa\/wp-content\/uploads\/2025\/03\/WhatsApp-Image-2025-03-21-at-19.04.51-2-1024x682.jpeg\" alt=\"\" class=\"wp-image-2057\" srcset=\"https:\/\/www.rengoenlanoticia.cl\/prensa\/wp-content\/uploads\/2025\/03\/WhatsApp-Image-2025-03-21-at-19.04.51-2-1024x682.jpeg 1024w, https:\/\/www.rengoenlanoticia.cl\/prensa\/wp-content\/uploads\/2025\/03\/WhatsApp-Image-2025-03-21-at-19.04.51-2-300x200.jpeg 300w, https:\/\/www.rengoenlanoticia.cl\/prensa\/wp-content\/uploads\/2025\/03\/WhatsApp-Image-2025-03-21-at-19.04.51-2-768x512.jpeg 768w, https:\/\/www.rengoenlanoticia.cl\/prensa\/wp-content\/uploads\/2025\/03\/WhatsApp-Image-2025-03-21-at-19.04.51-2-1536x1023.jpeg 1536w, https:\/\/www.rengoenlanoticia.cl\/prensa\/wp-content\/uploads\/2025\/03\/WhatsApp-Image-2025-03-21-at-19.04.51-2-110x73.jpeg 110w, https:\/\/www.rengoenlanoticia.cl\/prensa\/wp-content\/uploads\/2025\/03\/WhatsApp-Image-2025-03-21-at-19.04.51-2-200x133.jpeg 200w, https:\/\/www.rengoenlanoticia.cl\/prensa\/wp-content\/uploads\/2025\/03\/WhatsApp-Image-2025-03-21-at-19.04.51-2-380x253.jpeg 380w, https:\/\/www.rengoenlanoticia.cl\/prensa\/wp-content\/uploads\/2025\/03\/WhatsApp-Image-2025-03-21-at-19.04.51-2-255x170.jpeg 255w, https:\/\/www.rengoenlanoticia.cl\/prensa\/wp-content\/uploads\/2025\/03\/WhatsApp-Image-2025-03-21-at-19.04.51-2-550x366.jpeg 550w, https:\/\/www.rengoenlanoticia.cl\/prensa\/wp-content\/uploads\/2025\/03\/WhatsApp-Image-2025-03-21-at-19.04.51-2-800x533.jpeg 800w, https:\/\/www.rengoenlanoticia.cl\/prensa\/wp-content\/uploads\/2025\/03\/WhatsApp-Image-2025-03-21-at-19.04.51-2-1160x773.jpeg 1160w, https:\/\/www.rengoenlanoticia.cl\/prensa\/wp-content\/uploads\/2025\/03\/WhatsApp-Image-2025-03-21-at-19.04.51-2.jpeg 1600w\" sizes=\"auto, (max-width: 1024px) 100vw, 1024px\" \/><\/figure>\n\n\n\n<p>El proyecto busca garantizar que todas las personas puedan recibir cuidados adecuados y tambi\u00e9n reconocer el trabajo de quienes cuidan, un sector hist\u00f3ricamente invisibilizado. \u201cEste proyecto es un triunfo para todas esas mujeres que, d\u00eda a d\u00eda, se esfuerzan en cuidar a sus seres queridos, muchas veces sin el reconocimiento ni los recursos adecuados\u201d, agreg\u00f3 Gonz\u00e1lez.<\/p>\n\n\n\n<p>Mar\u00eda Eugenia Ahumada, presidenta de <em>Yo Cuido<\/em>, tambi\u00e9n celebr\u00f3 el avance: \u201cHoy es un d\u00eda hist\u00f3rico para la agrupaci\u00f3n <em>Yo Cuido<\/em>, que ha trabajado incansablemente durante siete a\u00f1os. Ellas han sido las principales impulsoras de las bases para la creaci\u00f3n del Sistema Nacional de Cuidados, luchando junto a compa\u00f1eras desde Coquimbo hasta Valdivia. Y hoy, con el apoyo de la diputada Marta Gonz\u00e1lez, que nos comprendi\u00f3 desde el primer momento, logramos dar un paso fundamental\u201d.<\/p>\n\n\n\n<figure class=\"wp-block-image size-large\"><img loading=\"lazy\" decoding=\"async\" width=\"1024\" height=\"682\" src=\"https:\/\/www.rengoenlanoticia.cl\/prensa\/wp-content\/uploads\/2025\/03\/74dc44df-2ecc-478c-827b-8de0548eddf6-1024x682.jpeg\" alt=\"\" class=\"wp-image-2058\" srcset=\"https:\/\/www.rengoenlanoticia.cl\/prensa\/wp-content\/uploads\/2025\/03\/74dc44df-2ecc-478c-827b-8de0548eddf6-1024x682.jpeg 1024w, https:\/\/www.rengoenlanoticia.cl\/prensa\/wp-content\/uploads\/2025\/03\/74dc44df-2ecc-478c-827b-8de0548eddf6-300x200.jpeg 300w, https:\/\/www.rengoenlanoticia.cl\/prensa\/wp-content\/uploads\/2025\/03\/74dc44df-2ecc-478c-827b-8de0548eddf6-768x512.jpeg 768w, https:\/\/www.rengoenlanoticia.cl\/prensa\/wp-content\/uploads\/2025\/03\/74dc44df-2ecc-478c-827b-8de0548eddf6-1536x1023.jpeg 1536w, https:\/\/www.rengoenlanoticia.cl\/prensa\/wp-content\/uploads\/2025\/03\/74dc44df-2ecc-478c-827b-8de0548eddf6-110x73.jpeg 110w, https:\/\/www.rengoenlanoticia.cl\/prensa\/wp-content\/uploads\/2025\/03\/74dc44df-2ecc-478c-827b-8de0548eddf6-200x133.jpeg 200w, https:\/\/www.rengoenlanoticia.cl\/prensa\/wp-content\/uploads\/2025\/03\/74dc44df-2ecc-478c-827b-8de0548eddf6-380x253.jpeg 380w, https:\/\/www.rengoenlanoticia.cl\/prensa\/wp-content\/uploads\/2025\/03\/74dc44df-2ecc-478c-827b-8de0548eddf6-255x170.jpeg 255w, https:\/\/www.rengoenlanoticia.cl\/prensa\/wp-content\/uploads\/2025\/03\/74dc44df-2ecc-478c-827b-8de0548eddf6-550x366.jpeg 550w, https:\/\/www.rengoenlanoticia.cl\/prensa\/wp-content\/uploads\/2025\/03\/74dc44df-2ecc-478c-827b-8de0548eddf6-800x533.jpeg 800w, https:\/\/www.rengoenlanoticia.cl\/prensa\/wp-content\/uploads\/2025\/03\/74dc44df-2ecc-478c-827b-8de0548eddf6-1160x773.jpeg 1160w, https:\/\/www.rengoenlanoticia.cl\/prensa\/wp-content\/uploads\/2025\/03\/74dc44df-2ecc-478c-827b-8de0548eddf6.jpeg 1600w\" sizes=\"auto, (max-width: 1024px) 100vw, 1024px\" \/><\/figure>\n\n\n\n<p>Gonz\u00e1lez tambi\u00e9n destac\u00f3 la importancia de las agrupaciones de cuidadoras y su trabajo para que el proyecto fuera una realidad. \u201cDesde el primer momento que conocimos a la agrupaci\u00f3n <em>Yo Cuido<\/em> no pudimos m\u00e1s que prestarles todo nuestro apoyo por la tremenda lucha que ellas estaban dando. Adem\u00e1s de su labor de cuidados, ellas se organizaron y pusieron en el debate p\u00fablico la importancia de la labor de cuidados, de poder cuidar y ser cuidados en alg\u00fan momento de la vida. Y hoy esa gran lucha est\u00e1 siendo un proyecto de ley, est\u00e1 siendo un sistema nacional de cuidados y eso es un tremendo trabajo\u00bb, coment\u00f3.<\/p>\n\n\n\n<p>Sobre los pr\u00f3ximos pasos, Gonz\u00e1lez subray\u00f3 que, aunque el sistema ya est\u00e1 aprobado, queda mucho por mejorar. \u201cNos falta mucho por recorrer y perfeccionar en este sistema, pero este programa tendr\u00e1 m\u00e1s \u00e9xito porque las agrupaciones estar\u00e1n detr\u00e1s, vigilando que esto se cumpla, que se mejore, y emplazando a los diputados para que en cada discusi\u00f3n del presupuesto el Sistema Nacional de Cuidados sea mejorado. Porque es lo que Chile necesita, no solo reconocer la importancia vital, sino tambi\u00e9n en lo econ\u00f3mico, en lo concreto\u00bb, explic\u00f3 la diputada.<\/p>\n\n\n\n<p>La diputada tambi\u00e9n agradeci\u00f3 a las ministras de la Mujer y de Desarrollo Social, Antonia Orellana y Javiera Toro, por el trabajo realizado en visibilizar a las cuidadoras. \u201cAgradezco profundamente la visi\u00f3n social que han tenido las ministras. Las cuidadoras en Chile estuvieron hist\u00f3ricamente postergadas e invisibilizadas, y fue este gobierno el que las incluy\u00f3 en el cuarto pilar social, reconociendo su trabajo y avanzando en medidas concretas de apoyo\u201d, afirm\u00f3.<\/p>\n\n\n\n<figure class=\"wp-block-image size-large\"><img loading=\"lazy\" decoding=\"async\" width=\"1024\" height=\"324\" src=\"https:\/\/www.rengoenlanoticia.cl\/prensa\/wp-content\/uploads\/2025\/03\/WhatsApp-Image-2025-03-21-at-19.04.51-1-1024x324.jpeg\" alt=\"\" class=\"wp-image-2059\" srcset=\"https:\/\/www.rengoenlanoticia.cl\/prensa\/wp-content\/uploads\/2025\/03\/WhatsApp-Image-2025-03-21-at-19.04.51-1-1024x324.jpeg 1024w, https:\/\/www.rengoenlanoticia.cl\/prensa\/wp-content\/uploads\/2025\/03\/WhatsApp-Image-2025-03-21-at-19.04.51-1-300x95.jpeg 300w, https:\/\/www.rengoenlanoticia.cl\/prensa\/wp-content\/uploads\/2025\/03\/WhatsApp-Image-2025-03-21-at-19.04.51-1-768x243.jpeg 768w, https:\/\/www.rengoenlanoticia.cl\/prensa\/wp-content\/uploads\/2025\/03\/WhatsApp-Image-2025-03-21-at-19.04.51-1-110x35.jpeg 110w, https:\/\/www.rengoenlanoticia.cl\/prensa\/wp-content\/uploads\/2025\/03\/WhatsApp-Image-2025-03-21-at-19.04.51-1-200x63.jpeg 200w, https:\/\/www.rengoenlanoticia.cl\/prensa\/wp-content\/uploads\/2025\/03\/WhatsApp-Image-2025-03-21-at-19.04.51-1-380x120.jpeg 380w, https:\/\/www.rengoenlanoticia.cl\/prensa\/wp-content\/uploads\/2025\/03\/WhatsApp-Image-2025-03-21-at-19.04.51-1-255x81.jpeg 255w, https:\/\/www.rengoenlanoticia.cl\/prensa\/wp-content\/uploads\/2025\/03\/WhatsApp-Image-2025-03-21-at-19.04.51-1-550x174.jpeg 550w, https:\/\/www.rengoenlanoticia.cl\/prensa\/wp-content\/uploads\/2025\/03\/WhatsApp-Image-2025-03-21-at-19.04.51-1-800x253.jpeg 800w, https:\/\/www.rengoenlanoticia.cl\/prensa\/wp-content\/uploads\/2025\/03\/WhatsApp-Image-2025-03-21-at-19.04.51-1-1160x367.jpeg 1160w, https:\/\/www.rengoenlanoticia.cl\/prensa\/wp-content\/uploads\/2025\/03\/WhatsApp-Image-2025-03-21-at-19.04.51-1.jpeg 1441w\" sizes=\"auto, (max-width: 1024px) 100vw, 1024px\" \/><\/figure>\n\n\n\n<p>Asimismo, Gonz\u00e1lez agradeci\u00f3 a Nayadeth Ahumada Herrera, Seremi de Desarrollo Social y Familia de O&#8217;Higgins, por su impulso en los di\u00e1logos ciudadanos <em>\u201cHablemos de Cuidados\u201d<\/em>, que fueron clave para la elaboraci\u00f3n del Sistema Nacional de Apoyos y Cuidados. \u201cGracias a su trabajo, recogimos testimonios valiosos que nos permitieron construir este sistema desde las necesidades reales de las cuidadoras\u201d, destac\u00f3 la diputada.<\/p>\n\n\n\n<p>El proyecto, ahora aprobado por la C\u00e1mara de Diputados, pasar\u00e1 al Senado para su discusi\u00f3n final. Gonz\u00e1lez concluy\u00f3: \u201cEsperamos que este proyecto siga su curso con la urgencia que requiere, para que pronto pueda implementarse a nivel nacional\u201d.<\/p>\n","protected":false},"excerpt":{"rendered":"Con la presencia de cuidadoras de la Regi\u00f3n de O&#8217;Higgins, el Congreso Nacional aprob\u00f3 esta semana el Sistema&hellip;\n","protected":false},"author":1,"featured_media":2056,"comment_status":"open","ping_status":"open","sticky":false,"template":"","format":"standard","meta":{"_monsterinsights_skip_tracking":false,"_monsterinsights_sitenote_active":false,"_monsterinsights_sitenote_note":"","_monsterinsights_sitenote_category":0,"footnotes":""},"categories":[11,8],"tags":[],"class_list":{"0":"post-2055","1":"post","2":"type-post","3":"status-publish","4":"format-standard","5":"has-post-thumbnail","7":"category-politica","8":"category-portada"},"aioseo_notices":[],"_links":{"self":[{"href":"https:\/\/www.rengoenlanoticia.cl\/prensa\/wp-json\/wp\/v2\/posts\/2055","targetHints":{"allow":["GET"]}}],"collection":[{"href":"https:\/\/www.rengoenlanoticia.cl\/prensa\/wp-json\/wp\/v2\/posts"}],"about":[{"href":"https:\/\/www.rengoenlanoticia.cl\/prensa\/wp-json\/wp\/v2\/types\/post"}],"author":[{"embeddable":true,"href":"https:\/\/www.rengoenlanoticia.cl\/prensa\/wp-json\/wp\/v2\/users\/1"}],"replies":[{"embeddable":true,"href":"https:\/\/www.rengoenlanoticia.cl\/prensa\/wp-json\/wp\/v2\/comments?post=2055"}],"version-history":[{"count":2,"href":"https:\/\/www.rengoenlanoticia.cl\/prensa\/wp-json\/wp\/v2\/posts\/2055\/revisions"}],"predecessor-version":[{"id":2061,"href":"https:\/\/www.rengoenlanoticia.cl\/prensa\/wp-json\/wp\/v2\/posts\/2055\/revisions\/2061"}],"wp:featuredmedia":[{"embeddable":true,"href":"https:\/\/www.rengoenlanoticia.cl\/prensa\/wp-json\/wp\/v2\/media\/2056"}],"wp:attachment":[{"href":"https:\/\/www.rengoenlanoticia.cl\/prensa\/wp-json\/wp\/v2\/media?parent=2055"}],"wp:term":[{"taxonomy":"category","embeddable":true,"href":"https:\/\/www.rengoenlanoticia.cl\/prensa\/wp-json\/wp\/v2\/categories?post=2055"},{"taxonomy":"post_tag","embeddable":true,"href":"https:\/\/www.rengoenlanoticia.cl\/prensa\/wp-json\/wp\/v2\/tags?post=2055"}],"curies":[{"name":"wp","href":"https:\/\/api.w.org\/{rel}","templated":true}]}}