{"id":2046,"date":"2025-03-22T20:56:59","date_gmt":"2025-03-22T20:56:59","guid":{"rendered":"https:\/\/www.rengoenlanoticia.cl\/prensa\/?p=2046"},"modified":"2025-03-22T20:57:24","modified_gmt":"2025-03-22T20:57:24","slug":"oficina-de-integracion-comunitaria-de-carabineros-de-rengo-visita-escuelas-especiales","status":"publish","type":"post","link":"https:\/\/www.rengoenlanoticia.cl\/prensa\/2025\/03\/22\/oficina-de-integracion-comunitaria-de-carabineros-de-rengo-visita-escuelas-especiales\/","title":{"rendered":"Oficina de Integraci\u00f3n Comunitaria de Carabineros de Rengo visita Escuelas Especiales"},"content":{"rendered":"\n<p>Este viernes 21 de marzo y en el marco del d\u00eda internacional del S\u00edndrome de Down, la Oficina de Integraci\u00f3n Comunitaria de la 4ta. Comisar\u00eda Rengo, visit\u00f3 las Escuelas Especiales \u00abSan Expedito\u00bb y \u00bb Teresa Naretto de Nicoletti\u00bb, ocasi\u00f3n en la cual los ni\u00f1os y ni\u00f1as compartieron junto a los Carabineros y el ejemplar Canino \u00abFelicia\u00bb, con la finalidad de concientizar a la sociedad sobre esta condici\u00f3n y promover la inclusi\u00f3n e integraci\u00f3n.<\/p>\n\n\n\n<figure class=\"wp-block-image size-large\"><img loading=\"lazy\" decoding=\"async\" width=\"1024\" height=\"768\" src=\"https:\/\/www.rengoenlanoticia.cl\/prensa\/wp-content\/uploads\/2025\/03\/WhatsApp-Image-2025-03-21-at-12.20.00-1024x768.jpeg\" alt=\"\" class=\"wp-image-2048\" srcset=\"https:\/\/www.rengoenlanoticia.cl\/prensa\/wp-content\/uploads\/2025\/03\/WhatsApp-Image-2025-03-21-at-12.20.00-1024x768.jpeg 1024w, https:\/\/www.rengoenlanoticia.cl\/prensa\/wp-content\/uploads\/2025\/03\/WhatsApp-Image-2025-03-21-at-12.20.00-300x225.jpeg 300w, https:\/\/www.rengoenlanoticia.cl\/prensa\/wp-content\/uploads\/2025\/03\/WhatsApp-Image-2025-03-21-at-12.20.00-768x576.jpeg 768w, https:\/\/www.rengoenlanoticia.cl\/prensa\/wp-content\/uploads\/2025\/03\/WhatsApp-Image-2025-03-21-at-12.20.00-110x83.jpeg 110w, https:\/\/www.rengoenlanoticia.cl\/prensa\/wp-content\/uploads\/2025\/03\/WhatsApp-Image-2025-03-21-at-12.20.00-200x150.jpeg 200w, https:\/\/www.rengoenlanoticia.cl\/prensa\/wp-content\/uploads\/2025\/03\/WhatsApp-Image-2025-03-21-at-12.20.00-380x285.jpeg 380w, https:\/\/www.rengoenlanoticia.cl\/prensa\/wp-content\/uploads\/2025\/03\/WhatsApp-Image-2025-03-21-at-12.20.00-255x191.jpeg 255w, https:\/\/www.rengoenlanoticia.cl\/prensa\/wp-content\/uploads\/2025\/03\/WhatsApp-Image-2025-03-21-at-12.20.00-550x413.jpeg 550w, https:\/\/www.rengoenlanoticia.cl\/prensa\/wp-content\/uploads\/2025\/03\/WhatsApp-Image-2025-03-21-at-12.20.00-800x600.jpeg 800w, https:\/\/www.rengoenlanoticia.cl\/prensa\/wp-content\/uploads\/2025\/03\/WhatsApp-Image-2025-03-21-at-12.20.00-1160x870.jpeg 1160w, https:\/\/www.rengoenlanoticia.cl\/prensa\/wp-content\/uploads\/2025\/03\/WhatsApp-Image-2025-03-21-at-12.20.00.jpeg 1280w\" sizes=\"auto, (max-width: 1024px) 100vw, 1024px\" \/><\/figure>\n\n\n\n<figure class=\"wp-block-image size-full\"><img loading=\"lazy\" decoding=\"async\" width=\"960\" height=\"669\" src=\"https:\/\/www.rengoenlanoticia.cl\/prensa\/wp-content\/uploads\/2025\/03\/WhatsApp-Image-2025-03-21-at-12.20.01.jpeg\" alt=\"\" class=\"wp-image-2049\" srcset=\"https:\/\/www.rengoenlanoticia.cl\/prensa\/wp-content\/uploads\/2025\/03\/WhatsApp-Image-2025-03-21-at-12.20.01.jpeg 960w, https:\/\/www.rengoenlanoticia.cl\/prensa\/wp-content\/uploads\/2025\/03\/WhatsApp-Image-2025-03-21-at-12.20.01-300x209.jpeg 300w, https:\/\/www.rengoenlanoticia.cl\/prensa\/wp-content\/uploads\/2025\/03\/WhatsApp-Image-2025-03-21-at-12.20.01-768x535.jpeg 768w, https:\/\/www.rengoenlanoticia.cl\/prensa\/wp-content\/uploads\/2025\/03\/WhatsApp-Image-2025-03-21-at-12.20.01-110x77.jpeg 110w, https:\/\/www.rengoenlanoticia.cl\/prensa\/wp-content\/uploads\/2025\/03\/WhatsApp-Image-2025-03-21-at-12.20.01-200x139.jpeg 200w, https:\/\/www.rengoenlanoticia.cl\/prensa\/wp-content\/uploads\/2025\/03\/WhatsApp-Image-2025-03-21-at-12.20.01-380x265.jpeg 380w, https:\/\/www.rengoenlanoticia.cl\/prensa\/wp-content\/uploads\/2025\/03\/WhatsApp-Image-2025-03-21-at-12.20.01-255x178.jpeg 255w, https:\/\/www.rengoenlanoticia.cl\/prensa\/wp-content\/uploads\/2025\/03\/WhatsApp-Image-2025-03-21-at-12.20.01-550x383.jpeg 550w, https:\/\/www.rengoenlanoticia.cl\/prensa\/wp-content\/uploads\/2025\/03\/WhatsApp-Image-2025-03-21-at-12.20.01-800x558.jpeg 800w\" sizes=\"auto, (max-width: 960px) 100vw, 960px\" \/><\/figure>\n\n\n\n<figure class=\"wp-block-image size-large\"><img loading=\"lazy\" decoding=\"async\" width=\"1024\" height=\"768\" src=\"https:\/\/www.rengoenlanoticia.cl\/prensa\/wp-content\/uploads\/2025\/03\/WhatsApp-Image-2025-03-21-at-12.20.02-1024x768.jpeg\" alt=\"\" class=\"wp-image-2050\" srcset=\"https:\/\/www.rengoenlanoticia.cl\/prensa\/wp-content\/uploads\/2025\/03\/WhatsApp-Image-2025-03-21-at-12.20.02-1024x768.jpeg 1024w, https:\/\/www.rengoenlanoticia.cl\/prensa\/wp-content\/uploads\/2025\/03\/WhatsApp-Image-2025-03-21-at-12.20.02-300x225.jpeg 300w, https:\/\/www.rengoenlanoticia.cl\/prensa\/wp-content\/uploads\/2025\/03\/WhatsApp-Image-2025-03-21-at-12.20.02-768x576.jpeg 768w, https:\/\/www.rengoenlanoticia.cl\/prensa\/wp-content\/uploads\/2025\/03\/WhatsApp-Image-2025-03-21-at-12.20.02-110x83.jpeg 110w, https:\/\/www.rengoenlanoticia.cl\/prensa\/wp-content\/uploads\/2025\/03\/WhatsApp-Image-2025-03-21-at-12.20.02-200x150.jpeg 200w, https:\/\/www.rengoenlanoticia.cl\/prensa\/wp-content\/uploads\/2025\/03\/WhatsApp-Image-2025-03-21-at-12.20.02-380x285.jpeg 380w, https:\/\/www.rengoenlanoticia.cl\/prensa\/wp-content\/uploads\/2025\/03\/WhatsApp-Image-2025-03-21-at-12.20.02-255x191.jpeg 255w, https:\/\/www.rengoenlanoticia.cl\/prensa\/wp-content\/uploads\/2025\/03\/WhatsApp-Image-2025-03-21-at-12.20.02-550x413.jpeg 550w, https:\/\/www.rengoenlanoticia.cl\/prensa\/wp-content\/uploads\/2025\/03\/WhatsApp-Image-2025-03-21-at-12.20.02-800x600.jpeg 800w, https:\/\/www.rengoenlanoticia.cl\/prensa\/wp-content\/uploads\/2025\/03\/WhatsApp-Image-2025-03-21-at-12.20.02-1160x870.jpeg 1160w, https:\/\/www.rengoenlanoticia.cl\/prensa\/wp-content\/uploads\/2025\/03\/WhatsApp-Image-2025-03-21-at-12.20.02.jpeg 1280w\" sizes=\"auto, (max-width: 1024px) 100vw, 1024px\" \/><\/figure>\n\n\n\n<figure class=\"wp-block-image size-large\"><img loading=\"lazy\" decoding=\"async\" width=\"1024\" height=\"768\" src=\"https:\/\/www.rengoenlanoticia.cl\/prensa\/wp-content\/uploads\/2025\/03\/WhatsApp-Image-2025-03-21-at-12.20.03-1-1024x768.jpeg\" alt=\"\" class=\"wp-image-2051\" srcset=\"https:\/\/www.rengoenlanoticia.cl\/prensa\/wp-content\/uploads\/2025\/03\/WhatsApp-Image-2025-03-21-at-12.20.03-1-1024x768.jpeg 1024w, https:\/\/www.rengoenlanoticia.cl\/prensa\/wp-content\/uploads\/2025\/03\/WhatsApp-Image-2025-03-21-at-12.20.03-1-300x225.jpeg 300w, https:\/\/www.rengoenlanoticia.cl\/prensa\/wp-content\/uploads\/2025\/03\/WhatsApp-Image-2025-03-21-at-12.20.03-1-768x576.jpeg 768w, https:\/\/www.rengoenlanoticia.cl\/prensa\/wp-content\/uploads\/2025\/03\/WhatsApp-Image-2025-03-21-at-12.20.03-1-110x83.jpeg 110w, https:\/\/www.rengoenlanoticia.cl\/prensa\/wp-content\/uploads\/2025\/03\/WhatsApp-Image-2025-03-21-at-12.20.03-1-200x150.jpeg 200w, https:\/\/www.rengoenlanoticia.cl\/prensa\/wp-content\/uploads\/2025\/03\/WhatsApp-Image-2025-03-21-at-12.20.03-1-380x285.jpeg 380w, https:\/\/www.rengoenlanoticia.cl\/prensa\/wp-content\/uploads\/2025\/03\/WhatsApp-Image-2025-03-21-at-12.20.03-1-255x191.jpeg 255w, https:\/\/www.rengoenlanoticia.cl\/prensa\/wp-content\/uploads\/2025\/03\/WhatsApp-Image-2025-03-21-at-12.20.03-1-550x413.jpeg 550w, https:\/\/www.rengoenlanoticia.cl\/prensa\/wp-content\/uploads\/2025\/03\/WhatsApp-Image-2025-03-21-at-12.20.03-1-800x600.jpeg 800w, https:\/\/www.rengoenlanoticia.cl\/prensa\/wp-content\/uploads\/2025\/03\/WhatsApp-Image-2025-03-21-at-12.20.03-1-1160x870.jpeg 1160w, https:\/\/www.rengoenlanoticia.cl\/prensa\/wp-content\/uploads\/2025\/03\/WhatsApp-Image-2025-03-21-at-12.20.03-1.jpeg 1280w\" sizes=\"auto, (max-width: 1024px) 100vw, 1024px\" \/><\/figure>\n\n\n\n<figure class=\"wp-block-image size-large\"><img loading=\"lazy\" decoding=\"async\" width=\"1024\" height=\"768\" src=\"https:\/\/www.rengoenlanoticia.cl\/prensa\/wp-content\/uploads\/2025\/03\/WhatsApp-Image-2025-03-21-at-12.20.03-1024x768.jpeg\" alt=\"\" class=\"wp-image-2052\" srcset=\"https:\/\/www.rengoenlanoticia.cl\/prensa\/wp-content\/uploads\/2025\/03\/WhatsApp-Image-2025-03-21-at-12.20.03-1024x768.jpeg 1024w, https:\/\/www.rengoenlanoticia.cl\/prensa\/wp-content\/uploads\/2025\/03\/WhatsApp-Image-2025-03-21-at-12.20.03-300x225.jpeg 300w, https:\/\/www.rengoenlanoticia.cl\/prensa\/wp-content\/uploads\/2025\/03\/WhatsApp-Image-2025-03-21-at-12.20.03-768x576.jpeg 768w, https:\/\/www.rengoenlanoticia.cl\/prensa\/wp-content\/uploads\/2025\/03\/WhatsApp-Image-2025-03-21-at-12.20.03-110x83.jpeg 110w, https:\/\/www.rengoenlanoticia.cl\/prensa\/wp-content\/uploads\/2025\/03\/WhatsApp-Image-2025-03-21-at-12.20.03-200x150.jpeg 200w, https:\/\/www.rengoenlanoticia.cl\/prensa\/wp-content\/uploads\/2025\/03\/WhatsApp-Image-2025-03-21-at-12.20.03-380x285.jpeg 380w, https:\/\/www.rengoenlanoticia.cl\/prensa\/wp-content\/uploads\/2025\/03\/WhatsApp-Image-2025-03-21-at-12.20.03-255x191.jpeg 255w, https:\/\/www.rengoenlanoticia.cl\/prensa\/wp-content\/uploads\/2025\/03\/WhatsApp-Image-2025-03-21-at-12.20.03-550x413.jpeg 550w, https:\/\/www.rengoenlanoticia.cl\/prensa\/wp-content\/uploads\/2025\/03\/WhatsApp-Image-2025-03-21-at-12.20.03-800x600.jpeg 800w, https:\/\/www.rengoenlanoticia.cl\/prensa\/wp-content\/uploads\/2025\/03\/WhatsApp-Image-2025-03-21-at-12.20.03-1160x870.jpeg 1160w, https:\/\/www.rengoenlanoticia.cl\/prensa\/wp-content\/uploads\/2025\/03\/WhatsApp-Image-2025-03-21-at-12.20.03.jpeg 1280w\" sizes=\"auto, (max-width: 1024px) 100vw, 1024px\" \/><\/figure>\n","protected":false},"excerpt":{"rendered":"Este viernes 21 de marzo y en el marco del d\u00eda internacional del S\u00edndrome de Down, la Oficina&hellip;\n","protected":false},"author":1,"featured_media":2047,"comment_status":"open","ping_status":"open","sticky":false,"template":"","format":"standard","meta":{"_monsterinsights_skip_tracking":false,"_monsterinsights_sitenote_active":false,"_monsterinsights_sitenote_note":"","_monsterinsights_sitenote_category":0,"footnotes":""},"categories":[8],"tags":[],"class_list":{"0":"post-2046","1":"post","2":"type-post","3":"status-publish","4":"format-standard","5":"has-post-thumbnail","7":"category-portada"},"aioseo_notices":[],"_links":{"self":[{"href":"https:\/\/www.rengoenlanoticia.cl\/prensa\/wp-json\/wp\/v2\/posts\/2046","targetHints":{"allow":["GET"]}}],"collection":[{"href":"https:\/\/www.rengoenlanoticia.cl\/prensa\/wp-json\/wp\/v2\/posts"}],"about":[{"href":"https:\/\/www.rengoenlanoticia.cl\/prensa\/wp-json\/wp\/v2\/types\/post"}],"author":[{"embeddable":true,"href":"https:\/\/www.rengoenlanoticia.cl\/prensa\/wp-json\/wp\/v2\/users\/1"}],"replies":[{"embeddable":true,"href":"https:\/\/www.rengoenlanoticia.cl\/prensa\/wp-json\/wp\/v2\/comments?post=2046"}],"version-history":[{"count":2,"href":"https:\/\/www.rengoenlanoticia.cl\/prensa\/wp-json\/wp\/v2\/posts\/2046\/revisions"}],"predecessor-version":[{"id":2054,"href":"https:\/\/www.rengoenlanoticia.cl\/prensa\/wp-json\/wp\/v2\/posts\/2046\/revisions\/2054"}],"wp:featuredmedia":[{"embeddable":true,"href":"https:\/\/www.rengoenlanoticia.cl\/prensa\/wp-json\/wp\/v2\/media\/2047"}],"wp:attachment":[{"href":"https:\/\/www.rengoenlanoticia.cl\/prensa\/wp-json\/wp\/v2\/media?parent=2046"}],"wp:term":[{"taxonomy":"category","embeddable":true,"href":"https:\/\/www.rengoenlanoticia.cl\/prensa\/wp-json\/wp\/v2\/categories?post=2046"},{"taxonomy":"post_tag","embeddable":true,"href":"https:\/\/www.rengoenlanoticia.cl\/prensa\/wp-json\/wp\/v2\/tags?post=2046"}],"curies":[{"name":"wp","href":"https:\/\/api.w.org\/{rel}","templated":true}]}}