{"id":2042,"date":"2025-03-22T20:49:02","date_gmt":"2025-03-22T20:49:02","guid":{"rendered":"https:\/\/www.rengoenlanoticia.cl\/prensa\/?p=2042"},"modified":"2025-03-22T20:49:23","modified_gmt":"2025-03-22T20:49:23","slug":"condenan-a-3-anos-y-un-dia-de-presidio-efectivo-a-autor-de-robo-en-bienes-nacionales","status":"publish","type":"post","link":"https:\/\/www.rengoenlanoticia.cl\/prensa\/2025\/03\/22\/condenan-a-3-anos-y-un-dia-de-presidio-efectivo-a-autor-de-robo-en-bienes-nacionales\/","title":{"rendered":"Condenan a 3 a\u00f1os y un d\u00eda de presidio efectivo a autor de robo en bienes nacionales"},"content":{"rendered":"\n<p><br>El Tribunal de Juicio Oral en lo Penal de Santa Cruz conden\u00f3 a Jos\u00e9 Alejandro Castillo Morales a la pena de cumplimiento efectivo de 3 a\u00f1os y un d\u00eda de presidio, m\u00e1s las accesorias legales de inhabilitaci\u00f3n absoluta perpetua para derechos pol\u00edticos y la inhabilitaci\u00f3n absoluta para cargos y oficios p\u00fablicos durante el tiempo de la condena, en calidad de autor de tres delitos consumados de robo en bienes nacionales de uso p\u00fablico. Il\u00edcitos perpetrados en junio de 2023, en la comuna de Pichilemu.<\/p>\n\n\n\n<p>En fallo un\u00e1nime (causa rol 10-2025), el tribunal  dio por acreditado, m\u00e1s all\u00e1 de toda duda razonable, que el 11 de junio de 2023, Jos\u00e9 Alejandro Castillo Morales y un segundo sujeto forzaron y sustrajeron desde tres veh\u00edculos estacionados en la calle Eugenio D\u00edaz Lira, frente a la discoteca Las Waitaras, en la comuna de Pichilemu, dinero en efectivo, tarjetas de d\u00e9bito y cr\u00e9dito, prendas de vestir, perfumes y joyas. Posteriormente se retiraron del lugar con las especies avaluadas en $3.000.000.<\/p>\n\n\n\n<p>\u201cFinalmente, habiendo el acusado ejecutado directa y personalmente las acciones constitutivas del verbo rector del tipo penal (en conjunto con un tercero) le cupo por tanto al mismo intervenci\u00f3n delictiva en calidad de autor ejecutor. Asimismo, la identidad del acusado como autor del delito fue determinada tanto por el reconocimiento hecho por personal policial en virtud de registros f\u00edlmicos como por la detenci\u00f3n del mismo con uno de los efectos del delito, circunstancia que por lo dem\u00e1s fue reconocida por el propio acusado\u201d, consigna el fallo.<\/p>\n","protected":false},"excerpt":{"rendered":"El Tribunal de Juicio Oral en lo Penal de Santa Cruz conden\u00f3 a Jos\u00e9 Alejandro Castillo Morales a&hellip;\n","protected":false},"author":1,"featured_media":2043,"comment_status":"open","ping_status":"open","sticky":false,"template":"","format":"standard","meta":{"_monsterinsights_skip_tracking":false,"_monsterinsights_sitenote_active":false,"_monsterinsights_sitenote_note":"","_monsterinsights_sitenote_category":0,"footnotes":""},"categories":[8],"tags":[],"class_list":{"0":"post-2042","1":"post","2":"type-post","3":"status-publish","4":"format-standard","5":"has-post-thumbnail","7":"category-portada"},"aioseo_notices":[],"_links":{"self":[{"href":"https:\/\/www.rengoenlanoticia.cl\/prensa\/wp-json\/wp\/v2\/posts\/2042","targetHints":{"allow":["GET"]}}],"collection":[{"href":"https:\/\/www.rengoenlanoticia.cl\/prensa\/wp-json\/wp\/v2\/posts"}],"about":[{"href":"https:\/\/www.rengoenlanoticia.cl\/prensa\/wp-json\/wp\/v2\/types\/post"}],"author":[{"embeddable":true,"href":"https:\/\/www.rengoenlanoticia.cl\/prensa\/wp-json\/wp\/v2\/users\/1"}],"replies":[{"embeddable":true,"href":"https:\/\/www.rengoenlanoticia.cl\/prensa\/wp-json\/wp\/v2\/comments?post=2042"}],"version-history":[{"count":2,"href":"https:\/\/www.rengoenlanoticia.cl\/prensa\/wp-json\/wp\/v2\/posts\/2042\/revisions"}],"predecessor-version":[{"id":2045,"href":"https:\/\/www.rengoenlanoticia.cl\/prensa\/wp-json\/wp\/v2\/posts\/2042\/revisions\/2045"}],"wp:featuredmedia":[{"embeddable":true,"href":"https:\/\/www.rengoenlanoticia.cl\/prensa\/wp-json\/wp\/v2\/media\/2043"}],"wp:attachment":[{"href":"https:\/\/www.rengoenlanoticia.cl\/prensa\/wp-json\/wp\/v2\/media?parent=2042"}],"wp:term":[{"taxonomy":"category","embeddable":true,"href":"https:\/\/www.rengoenlanoticia.cl\/prensa\/wp-json\/wp\/v2\/categories?post=2042"},{"taxonomy":"post_tag","embeddable":true,"href":"https:\/\/www.rengoenlanoticia.cl\/prensa\/wp-json\/wp\/v2\/tags?post=2042"}],"curies":[{"name":"wp","href":"https:\/\/api.w.org\/{rel}","templated":true}]}}