{"id":1821,"date":"2025-03-17T23:50:42","date_gmt":"2025-03-17T23:50:42","guid":{"rendered":"https:\/\/www.rengoenlanoticia.cl\/prensa\/?p=1821"},"modified":"2025-03-17T23:51:01","modified_gmt":"2025-03-17T23:51:01","slug":"seremi-de-salud-recorre-las-cabras-en-el-marco-de-la-campana-invierno-2025","status":"publish","type":"post","link":"https:\/\/www.rengoenlanoticia.cl\/prensa\/2025\/03\/17\/seremi-de-salud-recorre-las-cabras-en-el-marco-de-la-campana-invierno-2025\/","title":{"rendered":"Seremi de Salud recorre Las Cabras en el marco de la Campa\u00f1a Invierno 2025"},"content":{"rendered":"\n<p><\/p>\n\n\n\n<p>Con la finalidad de impulsar y concientizar sobre la importancia de la vacunaci\u00f3n en v\u00edsperas del invierno, la Seremi de Salud O\u00b4Higgins, Dra. Carolina Torres Pinto, recorri\u00f3 la comuna de Las Cabras, donde visit\u00f3 diversas postas y Cesfam.<\/p>\n\n\n\n<p>La Autoridad Sanitaria constat\u00f3 en terreno como se est\u00e1 desarrollando el proceso de vacunaci\u00f3n, donde adem\u00e1s de compartir con los equipos de salud, pudo resaltar al alcalde Juan Pablo Flores, sobre la campa\u00f1a de vacunaci\u00f3n.<\/p>\n\n\n\n<figure class=\"wp-block-image size-full\"><img loading=\"lazy\" decoding=\"async\" width=\"733\" height=\"466\" src=\"https:\/\/www.rengoenlanoticia.cl\/prensa\/wp-content\/uploads\/2025\/03\/03d1c748-2813-40ed-bd2b-6f8e64f3b216.jpeg\" alt=\"\" class=\"wp-image-1823\" srcset=\"https:\/\/www.rengoenlanoticia.cl\/prensa\/wp-content\/uploads\/2025\/03\/03d1c748-2813-40ed-bd2b-6f8e64f3b216.jpeg 733w, https:\/\/www.rengoenlanoticia.cl\/prensa\/wp-content\/uploads\/2025\/03\/03d1c748-2813-40ed-bd2b-6f8e64f3b216-300x191.jpeg 300w, https:\/\/www.rengoenlanoticia.cl\/prensa\/wp-content\/uploads\/2025\/03\/03d1c748-2813-40ed-bd2b-6f8e64f3b216-110x70.jpeg 110w, https:\/\/www.rengoenlanoticia.cl\/prensa\/wp-content\/uploads\/2025\/03\/03d1c748-2813-40ed-bd2b-6f8e64f3b216-200x127.jpeg 200w, https:\/\/www.rengoenlanoticia.cl\/prensa\/wp-content\/uploads\/2025\/03\/03d1c748-2813-40ed-bd2b-6f8e64f3b216-380x242.jpeg 380w, https:\/\/www.rengoenlanoticia.cl\/prensa\/wp-content\/uploads\/2025\/03\/03d1c748-2813-40ed-bd2b-6f8e64f3b216-255x162.jpeg 255w, https:\/\/www.rengoenlanoticia.cl\/prensa\/wp-content\/uploads\/2025\/03\/03d1c748-2813-40ed-bd2b-6f8e64f3b216-550x350.jpeg 550w\" sizes=\"auto, (max-width: 733px) 100vw, 733px\" \/><\/figure>\n\n\n\n<p>\u201cEstamos muy contentos y agradecidos de la recepci\u00f3n del equipo de la Comuna de Las Cabras, en donde hemos visualizado en postas y en el centro de salud familiar el proceso de vacunaci\u00f3n. Las personas han respondido muy favorablemente. Queremos invitar a todo el p\u00fablico objetivo a que se acerquen tempranamente, no solamente en esta comuna, sino en toda la regi\u00f3n, a los establecimientos de salud para que puedan recibir su inmunizaci\u00f3n, ya sea de Influenza, COVID, o si corresponden los m\u00e1s peque\u00f1itos, para protegernos respecto al Virus Respiratorio Sincicial. Las tres vacunas se est\u00e1n administrando en la comuna, y en todo el territorio de la regi\u00f3n, para as\u00ed estar preparados para el invierno lo antes posible\u201d, se\u00f1al\u00f3 la Dra. Torres Pinto.<\/p>\n\n\n\n<p>Por su parte, Wilson Tobar, enfermero, encargado del sector azul del Cesfam Las Cabras, manifest\u00f3 que los habitantes de esta localidad han sido receptivos en cuanto a la puesta en marcha de manera temprana de la jornada de vacunaci\u00f3n perteneciente a la Campa\u00f1a Invierno.<\/p>\n\n\n\n<p>\u201cNosotros partimos desde el primero de marzo con lo que es la Campa\u00f1a de Vacunaci\u00f3n y hemos estado coordinando las vacunas con las diferentes postas, nosotros llamamos tambi\u00e9n a los pacientes para invitarlos a la vacunaci\u00f3n y se ha ido coordinando en base a la poblaci\u00f3n objetivo que tenemos\u201d, explic\u00f3 el profesional de la salud.<\/p>\n\n\n\n<p>Cabe resaltar que los grupos prioritarios para la vacunaci\u00f3n son:<\/p>\n\n\n\n<p>\u2022&nbsp;&nbsp;&nbsp;&nbsp;&nbsp;&nbsp;&nbsp; Personal de salud (p\u00fablico y privado)<\/p>\n\n\n\n<p>\u2022&nbsp;&nbsp;&nbsp;&nbsp;&nbsp;&nbsp;&nbsp; Personas de 60 a\u00f1os y m\u00e1s<\/p>\n\n\n\n<p>\u2022&nbsp;&nbsp;&nbsp;&nbsp;&nbsp;&nbsp;&nbsp; Personas con patolog\u00edas cr\u00f3nicas (desde los 6 meses en Covid-19 y entre los 11 y 59 a\u00f1os en Influenza)<\/p>\n\n\n\n<p>\u2022&nbsp;&nbsp;&nbsp;&nbsp;&nbsp;&nbsp;&nbsp; Gestantes y cuidadores de personas mayores y funcionarios de ELEAM.<\/p>\n\n\n\n<p>\u2022&nbsp;&nbsp;&nbsp;&nbsp;&nbsp;&nbsp;&nbsp; En el caso particular de la vacuna contra Influenza, tambi\u00e9n incorpora a los ni\u00f1os y ni\u00f1as desde los seis meses hasta quinto b\u00e1sico y docentes y asistentes de la educaci\u00f3n preescolar y escolar hasta octavo b\u00e1sico.<\/p>\n\n\n\n<p>Por otro lado, la campa\u00f1a tambi\u00e9n incluye la inmunizaci\u00f3n contra el Virus Respiratorio Sincicial, que se administrar\u00e1 por segundo a\u00f1o consecutivo de manera gratuita y universal a los lactantes nacidos a partir del 1 de octubre de 2024 y reci\u00e9n nacidos en las maternidades.<\/p>\n\n\n\n<p>La Seremi de Salud invita a toda la poblaci\u00f3n de la regi\u00f3n a estar informada a trav\u00e9s de los canales oficiales y aprovechar esta oportunidad para proteger su salud y la de sus seres queridos durante la temporada de invierno.<\/p>\n\n\n\n<p>Puedes visitar la web <a href=\"http:\/\/www.minsal.cl\">www.minsal.cl<\/a> y encontrar tu punto de vacunaci\u00f3n m\u00e1s cercano y ante cualquier duda lo puedes resolver en el Fono Salud Responde 600 360 7777.<\/p>\n","protected":false},"excerpt":{"rendered":"Con la finalidad de impulsar y concientizar sobre la importancia de la vacunaci\u00f3n en v\u00edsperas del invierno, la&hellip;\n","protected":false},"author":1,"featured_media":1822,"comment_status":"open","ping_status":"open","sticky":false,"template":"","format":"standard","meta":{"_monsterinsights_skip_tracking":false,"_monsterinsights_sitenote_active":false,"_monsterinsights_sitenote_note":"","_monsterinsights_sitenote_category":0,"footnotes":""},"categories":[8],"tags":[],"class_list":{"0":"post-1821","1":"post","2":"type-post","3":"status-publish","4":"format-standard","5":"has-post-thumbnail","7":"category-portada"},"aioseo_notices":[],"_links":{"self":[{"href":"https:\/\/www.rengoenlanoticia.cl\/prensa\/wp-json\/wp\/v2\/posts\/1821","targetHints":{"allow":["GET"]}}],"collection":[{"href":"https:\/\/www.rengoenlanoticia.cl\/prensa\/wp-json\/wp\/v2\/posts"}],"about":[{"href":"https:\/\/www.rengoenlanoticia.cl\/prensa\/wp-json\/wp\/v2\/types\/post"}],"author":[{"embeddable":true,"href":"https:\/\/www.rengoenlanoticia.cl\/prensa\/wp-json\/wp\/v2\/users\/1"}],"replies":[{"embeddable":true,"href":"https:\/\/www.rengoenlanoticia.cl\/prensa\/wp-json\/wp\/v2\/comments?post=1821"}],"version-history":[{"count":2,"href":"https:\/\/www.rengoenlanoticia.cl\/prensa\/wp-json\/wp\/v2\/posts\/1821\/revisions"}],"predecessor-version":[{"id":1825,"href":"https:\/\/www.rengoenlanoticia.cl\/prensa\/wp-json\/wp\/v2\/posts\/1821\/revisions\/1825"}],"wp:featuredmedia":[{"embeddable":true,"href":"https:\/\/www.rengoenlanoticia.cl\/prensa\/wp-json\/wp\/v2\/media\/1822"}],"wp:attachment":[{"href":"https:\/\/www.rengoenlanoticia.cl\/prensa\/wp-json\/wp\/v2\/media?parent=1821"}],"wp:term":[{"taxonomy":"category","embeddable":true,"href":"https:\/\/www.rengoenlanoticia.cl\/prensa\/wp-json\/wp\/v2\/categories?post=1821"},{"taxonomy":"post_tag","embeddable":true,"href":"https:\/\/www.rengoenlanoticia.cl\/prensa\/wp-json\/wp\/v2\/tags?post=1821"}],"curies":[{"name":"wp","href":"https:\/\/api.w.org\/{rel}","templated":true}]}}