{"id":1812,"date":"2025-03-17T00:49:26","date_gmt":"2025-03-17T00:49:26","guid":{"rendered":"https:\/\/www.rengoenlanoticia.cl\/prensa\/?p=1812"},"modified":"2025-03-17T23:43:05","modified_gmt":"2025-03-17T23:43:05","slug":"senador-juan-luis-castro-exige-conocer-acciones-de-la-delegacion-presidencial-para-enfrentar-la-criminalidad-en-graneros","status":"publish","type":"post","link":"https:\/\/www.rengoenlanoticia.cl\/prensa\/2025\/03\/17\/senador-juan-luis-castro-exige-conocer-acciones-de-la-delegacion-presidencial-para-enfrentar-la-criminalidad-en-graneros\/","title":{"rendered":"Senador Juan Luis Castro exige conocer acciones de la Delegaci\u00f3n Presidencial para enfrentar la criminalidad en Graneros\u00a0"},"content":{"rendered":"\n<p><\/p>\n\n\n\n<p><strong><em>En diciembre del a\u00f1o 2023, el hoy ex subsecretario del Interior, Manuel Monsalve, orden\u00f3 un plan de trabajo para la comuna a prop\u00f3sito de los delitos e incivilidades que ya alertaban a los vecinos. &nbsp;<\/em><\/strong><\/p>\n\n\n\n<p>Tras el reciente asesinato de un matrimonio en la comuna de Graneros, ocurrido la madrugada del 12 de marzo, el senador por la regi\u00f3n de O\u2019Higgins, Juan Luis Castro, pidi\u00f3 a la Delegaci\u00f3n Presidencial un informe detallado sobre las acciones concretas que el Ministerio del Interior, representado en la regi\u00f3n por Fabio L\u00f3pez, ha desempe\u00f1ado para enfrentar la creciente criminalidad en Graneros.<\/p>\n\n\n\n<p>El senador Castro record\u00f3 que, en diciembre de 2023, tras la visita del entonces subsecretario del Interior, Manuel Monsalve, se estableci\u00f3 un plan de prevenci\u00f3n del delito y crimen organizado en Graneros.&nbsp;Este plan surgi\u00f3 como respuesta a la creciente preocupaci\u00f3n por la inseguridad en la comuna, manifestada por la Uni\u00f3n Comunal y respaldada por autoridades locales.<\/p>\n\n\n\n<p>En esa ocasi\u00f3n, se llev\u00f3 a cabo una masiva reuni\u00f3n de seguridad con autoridades y vecinos que buscaba abordar problemas como la migraci\u00f3n irregular, el tr\u00e1fico de drogas y los robos con violencia.<\/p>\n\n\n\n<p>\u00abFrente al dram\u00e1tico crimen ocurrido en Graneros, quiero informar que hace 15 meses, con la presencia del ex subsecretario del Interior, Manuel Monsalve, se estableci\u00f3 un plan de prevenci\u00f3n del delito de crimen organizado. Asist\u00ed a dos reuniones posteriores, pero despu\u00e9s no supe m\u00e1s. Estoy solicitando a la Delegaci\u00f3n Presidencial Regional, responsable desde el Ministerio del Interior, que informe sobre las medidas adoptadas desde la creaci\u00f3n de ese plan en diciembre de 2023 hasta ahora, especialmente considerando hechos tan graves como el delito cometido recientemente, que refleja un descontrol del crimen organizado en Graneros\u00bb, enfatiz\u00f3 el senador Castro.<\/p>\n\n\n\n<p>El legislador subray\u00f3 que Graneros, junto con Rancagua y San Fernando, se encuentra en una situaci\u00f3n cr\u00edtica seg\u00fan estad\u00edsticas del Ministerio P\u00fablico y la Polic\u00eda.&nbsp;\u00abLo inaceptable debe llevarnos a cuestionar si se han cumplido o no los planes establecidos, advirtiendo que esta situaci\u00f3n pod\u00eda suceder desde hace 15 meses\u00bb, concluy\u00f3.<\/p>\n","protected":false},"excerpt":{"rendered":"En diciembre del a\u00f1o 2023, el hoy ex subsecretario del Interior, Manuel Monsalve, orden\u00f3 un plan de trabajo&hellip;\n","protected":false},"author":1,"featured_media":1813,"comment_status":"open","ping_status":"open","sticky":false,"template":"","format":"standard","meta":{"_monsterinsights_skip_tracking":false,"_monsterinsights_sitenote_active":false,"_monsterinsights_sitenote_note":"","_monsterinsights_sitenote_category":0,"footnotes":""},"categories":[11],"tags":[],"class_list":{"0":"post-1812","1":"post","2":"type-post","3":"status-publish","4":"format-standard","5":"has-post-thumbnail","7":"category-politica"},"aioseo_notices":[],"_links":{"self":[{"href":"https:\/\/www.rengoenlanoticia.cl\/prensa\/wp-json\/wp\/v2\/posts\/1812","targetHints":{"allow":["GET"]}}],"collection":[{"href":"https:\/\/www.rengoenlanoticia.cl\/prensa\/wp-json\/wp\/v2\/posts"}],"about":[{"href":"https:\/\/www.rengoenlanoticia.cl\/prensa\/wp-json\/wp\/v2\/types\/post"}],"author":[{"embeddable":true,"href":"https:\/\/www.rengoenlanoticia.cl\/prensa\/wp-json\/wp\/v2\/users\/1"}],"replies":[{"embeddable":true,"href":"https:\/\/www.rengoenlanoticia.cl\/prensa\/wp-json\/wp\/v2\/comments?post=1812"}],"version-history":[{"count":2,"href":"https:\/\/www.rengoenlanoticia.cl\/prensa\/wp-json\/wp\/v2\/posts\/1812\/revisions"}],"predecessor-version":[{"id":1816,"href":"https:\/\/www.rengoenlanoticia.cl\/prensa\/wp-json\/wp\/v2\/posts\/1812\/revisions\/1816"}],"wp:featuredmedia":[{"embeddable":true,"href":"https:\/\/www.rengoenlanoticia.cl\/prensa\/wp-json\/wp\/v2\/media\/1813"}],"wp:attachment":[{"href":"https:\/\/www.rengoenlanoticia.cl\/prensa\/wp-json\/wp\/v2\/media?parent=1812"}],"wp:term":[{"taxonomy":"category","embeddable":true,"href":"https:\/\/www.rengoenlanoticia.cl\/prensa\/wp-json\/wp\/v2\/categories?post=1812"},{"taxonomy":"post_tag","embeddable":true,"href":"https:\/\/www.rengoenlanoticia.cl\/prensa\/wp-json\/wp\/v2\/tags?post=1812"}],"curies":[{"name":"wp","href":"https:\/\/api.w.org\/{rel}","templated":true}]}}