{"id":1797,"date":"2025-03-11T00:40:48","date_gmt":"2025-03-11T00:40:48","guid":{"rendered":"https:\/\/www.rengoenlanoticia.cl\/prensa\/?p=1797"},"modified":"2025-03-17T00:42:11","modified_gmt":"2025-03-17T00:42:11","slug":"ohiggins-brilla-en-el-turismo-creativo-pro-ohiggins-y-corfo-impulsan-eventos-internacionales","status":"publish","type":"post","link":"https:\/\/www.rengoenlanoticia.cl\/prensa\/2025\/03\/11\/ohiggins-brilla-en-el-turismo-creativo-pro-ohiggins-y-corfo-impulsan-eventos-internacionales\/","title":{"rendered":"O\u2019Higgins brilla en el Turismo Creativo: Pro O\u2019Higgins y Corfo impulsan eventos internacionales"},"content":{"rendered":"\n<p>\u00b7&nbsp;&nbsp;&nbsp;&nbsp;&nbsp;&nbsp;&nbsp;&nbsp;&nbsp;La iniciativa forma parte de un programa Viraliza de alta convocatoria que recorrer\u00e1 la regi\u00f3n para hablar de turismo naranja, agricultura sostenible y miner\u00eda verde.<\/p>\n\n\n\n<p>Impulsa O\u2019Higgins Fortalece es el programa con el que Corporaci\u00f3n Pro O\u2019Higgins y Corfo, recorrer\u00e1n la regi\u00f3n buscando resaltar la riqueza cultural, natural y productiva de O\u2019Higgins, a trav\u00e9s de tres eventos internacionales con enfoques innovadores que incluyen tem\u00e1ticas como el turismo naranja, la agricultura sostenible y la miner\u00eda verde.<\/p>\n\n\n\n<p>Para el director regional de Corfo O\u2019Higgins, \u00d3scar \u00c1vila, este programa,&nbsp;<em>\u201cbusca reforzar la cultura del emprendimiento y la innovaci\u00f3n, por eso apoyamos estos eventos internacionales, para que los emprendedores asociados a los sectores del turismo, agricultura y miner\u00eda, puedan vincularse con el ecosistema, adquirir conocimientos, habilidades y buenas pr\u00e1cticas en estas tem\u00e1ticas. Dejamos a todo el ecosistema regional invitado a participar de forma gratuita de estos eventos que se desarrollar\u00e1n en la regi\u00f3n\u201d.<\/em><\/p>\n\n\n\n<p>El gerente general de Corporaci\u00f3n Pro O\u2019Higgins, Braulio Guzm\u00e1n, valor\u00f3 que la mirada del Comit\u00e9 de Desarrollo Productivo de Corfo est\u00e9 enfocada en impulsar la regi\u00f3n&nbsp;como un destino en turismo creativo y responsable, promoviendo un desarrollo econ\u00f3mico sostenible.<\/p>\n\n\n\n<p><em>\u201cEstos tres eventos no solo destacar\u00e1n la diversidad y el potencial de O&#8217;Higgins, sino que tambi\u00e9n brindan oportunidades de aprendizaje, intercambio y colaboraci\u00f3n para los emprendedores de la regi\u00f3n, ya que tendremos interesantes conferencistas y talleristas nacionales e internacionales, lo que, sin duda, ser\u00e1 un espacio para generar, inspirar y conectar con nuevas oportunidades\u201d,&nbsp;<\/em>expres\u00f3 Guzm\u00e1n.<\/p>\n\n\n\n<p><strong>Tres Eventos Internacionales de Impacto<\/strong><\/p>\n\n\n\n<ol start=\"1\" class=\"wp-block-list\">\n<li><strong>Turismo Naranja:<\/strong><br>El primer evento\u00a0<strong>\u201cO\u2019Higgins sin Fronteras, creatividad, cultura y turismo\u201d<\/strong>\u00a0se llevar\u00e1 a cabo el\u00a0<strong>23 de abril en la comuna de Pichilemu<\/strong>, y se centrar\u00e1 en el\u00a0<strong>TURISMO NARANJA<\/strong>, buscando conectar y fomentar el potencial creativo de las pymes del turismo, descubriendo el turismo Naranja como una tendencia que ofrece nuevas experiencias al visitante. Este evento reunir\u00e1 a expertos internacionales y actores locales para discutir c\u00f3mo este tipo de turismo puede enriquecer la oferta de la regi\u00f3n y atraer a visitantes interesados en una conexi\u00f3n m\u00e1s profunda con la cultura y las tradiciones.<\/li>\n\n\n\n<li><strong>Agricultura Sostenible:<\/strong><br>En\u00a0<strong>junio<\/strong>, la comuna de\u00a0<strong>San Fernando<\/strong>\u00a0ser\u00e1 el escenario para el segundo evento enfocado en la\u00a0<strong>AGRICULTURA SOSTENIBLE<\/strong>. Este encuentro internacional abordar\u00e1 las mejores pr\u00e1cticas y avances tecnol\u00f3gicos para una agroindustria respetuosa con el medio ambiente, reuniendo a agricultores, expertos y empresarios para compartir conocimientos y generar alianzas que promuevan la sostenibilidad en el sector agr\u00edcola de la regi\u00f3n.<\/li>\n\n\n\n<li><strong>Miner\u00eda Verde:<\/strong><\/li>\n<\/ol>\n\n\n\n<p>En el mes de julio se realizar\u00e1 el \u00faltimo evento internacional conversando sobre&nbsp;<strong>MINER\u00cdA VERDE, en la comuna de Machal\u00ed<\/strong>. Este evento se centrar\u00e1 en las innovaciones y pr\u00e1cticas sostenibles en el sector minero, promoviendo el uso de tecnolog\u00edas limpias, la gesti\u00f3n eficiente del agua y de residuos mineros. La miner\u00eda verde es clave para el futuro de la regi\u00f3n y el pa\u00eds, y este encuentro permitir\u00e1 a los participantes conocer de primera fuente los avances en esta \u00e1rea.<\/p>\n\n\n\n<p>Este programa cuenta con el apoyo en la difusi\u00f3n y convocatoria de Mundo, los Centros de Desarrollo de Negocios de Rancagua, San Fernando, Santa Cruz \u2013 Pichilemu;&nbsp;Horticrece, la ilustre municipalidad de Pichilemu, FIA, Sim\u00f3n de Cirene, Wedo, En Modo Emprendedor y Kinsa Partner.<\/p>\n\n\n\n<p>El link de inscripci\u00f3n para el primer evento ya est\u00e1 disponible en&nbsp;<a href=\"https:\/\/bit.ly\/turismoimpulsa\" target=\"_blank\" rel=\"noreferrer noopener\"><strong>https:\/\/bit.ly\/turismoimpulsa<\/strong><\/a><\/p>\n","protected":false},"excerpt":{"rendered":"\u00b7&nbsp;&nbsp;&nbsp;&nbsp;&nbsp;&nbsp;&nbsp;&nbsp;&nbsp;La iniciativa forma parte de un programa Viraliza de alta convocatoria que recorrer\u00e1 la regi\u00f3n para hablar de&hellip;\n","protected":false},"author":2,"featured_media":1800,"comment_status":"open","ping_status":"open","sticky":false,"template":"","format":"standard","meta":{"_monsterinsights_skip_tracking":false,"_monsterinsights_sitenote_active":false,"_monsterinsights_sitenote_note":"","_monsterinsights_sitenote_category":0,"footnotes":""},"categories":[8],"tags":[],"class_list":{"0":"post-1797","1":"post","2":"type-post","3":"status-publish","4":"format-standard","5":"has-post-thumbnail","7":"category-portada"},"aioseo_notices":[],"_links":{"self":[{"href":"https:\/\/www.rengoenlanoticia.cl\/prensa\/wp-json\/wp\/v2\/posts\/1797","targetHints":{"allow":["GET"]}}],"collection":[{"href":"https:\/\/www.rengoenlanoticia.cl\/prensa\/wp-json\/wp\/v2\/posts"}],"about":[{"href":"https:\/\/www.rengoenlanoticia.cl\/prensa\/wp-json\/wp\/v2\/types\/post"}],"author":[{"embeddable":true,"href":"https:\/\/www.rengoenlanoticia.cl\/prensa\/wp-json\/wp\/v2\/users\/2"}],"replies":[{"embeddable":true,"href":"https:\/\/www.rengoenlanoticia.cl\/prensa\/wp-json\/wp\/v2\/comments?post=1797"}],"version-history":[{"count":3,"href":"https:\/\/www.rengoenlanoticia.cl\/prensa\/wp-json\/wp\/v2\/posts\/1797\/revisions"}],"predecessor-version":[{"id":1802,"href":"https:\/\/www.rengoenlanoticia.cl\/prensa\/wp-json\/wp\/v2\/posts\/1797\/revisions\/1802"}],"wp:featuredmedia":[{"embeddable":true,"href":"https:\/\/www.rengoenlanoticia.cl\/prensa\/wp-json\/wp\/v2\/media\/1800"}],"wp:attachment":[{"href":"https:\/\/www.rengoenlanoticia.cl\/prensa\/wp-json\/wp\/v2\/media?parent=1797"}],"wp:term":[{"taxonomy":"category","embeddable":true,"href":"https:\/\/www.rengoenlanoticia.cl\/prensa\/wp-json\/wp\/v2\/categories?post=1797"},{"taxonomy":"post_tag","embeddable":true,"href":"https:\/\/www.rengoenlanoticia.cl\/prensa\/wp-json\/wp\/v2\/tags?post=1797"}],"curies":[{"name":"wp","href":"https:\/\/api.w.org\/{rel}","templated":true}]}}