{"id":1783,"date":"2025-03-10T19:07:19","date_gmt":"2025-03-10T19:07:19","guid":{"rendered":"https:\/\/www.rengoenlanoticia.cl\/prensa\/?p=1783"},"modified":"2025-03-10T19:08:37","modified_gmt":"2025-03-10T19:08:37","slug":"carabineros-detiene-a-un-individuo-con-amplio-prontuario-policial-que-portaba-un-revolver-robado-en-temuco","status":"publish","type":"post","link":"https:\/\/www.rengoenlanoticia.cl\/prensa\/2025\/03\/10\/carabineros-detiene-a-un-individuo-con-amplio-prontuario-policial-que-portaba-un-revolver-robado-en-temuco\/","title":{"rendered":"Carabineros detiene a un individuo con amplio prontuario policial que portaba un rev\u00f3lver robado en Temuco"},"content":{"rendered":"\n<p><\/p>\n\n\n\n<p>Fue aprehendido durante una fiscalizaci\u00f3n preventiva en el sector oriente de la ciudad.<\/p>\n\n\n\n<p>Durante fiscalizaciones preventivas en el sector oriente de Rancagua, Carabineros de la 3\u00b0 Comisar\u00eda Rancagua Oriente logr\u00f3 esta ma\u00f1ana la detenci\u00f3n de un individuo por porte ilegal de arma de fuego, munici\u00f3n y receptaci\u00f3n.<br>El Comisario de la 3\u00b0 Comisar\u00eda, Mayor Nicol\u00e1s Calder\u00f3n inform\u00f3 que \u201cel procedimiento se gest\u00f3 durante una fiscalizaci\u00f3n a dos individuos que intentaron darse a la fuga, siendo interceptados. Al mismo tiempo, uno de ellos intent\u00f3 deshacerse de un banano, lanz\u00e1ndolo lejos, y que tras revisarlo, se encontr\u00f3 en su interior 1 rev\u00f3lver marca Famae, calibre 32, y 5 cartuchos bal\u00edsticos en el cilindro. Al ser consultada la serie del armamento \u00e9ste manten\u00eda encargo por robo, ocurrido el 8 de enero de 2023, en la ciudad de Temuco\u201d.<br>En el lugar fue detenido el Y.E.P.J, 39 a\u00f1os, chileno, con m\u00e1s de una veintena de reiteraciones, pasando a control de detenci\u00f3n. Mientras que el arma de fuego y municiones fueron remitidas a Labocar para realizar las pericias.<\/p>\n","protected":false},"excerpt":{"rendered":"Fue aprehendido durante una fiscalizaci\u00f3n preventiva en el sector oriente de la ciudad. Durante fiscalizaciones preventivas en el&hellip;\n","protected":false},"author":1,"featured_media":1786,"comment_status":"open","ping_status":"open","sticky":false,"template":"","format":"standard","meta":{"_monsterinsights_skip_tracking":false,"_monsterinsights_sitenote_active":false,"_monsterinsights_sitenote_note":"","_monsterinsights_sitenote_category":0,"footnotes":""},"categories":[5,8],"tags":[],"class_list":{"0":"post-1783","1":"post","2":"type-post","3":"status-publish","4":"format-standard","5":"has-post-thumbnail","7":"category-policial","8":"category-portada"},"aioseo_notices":[],"_links":{"self":[{"href":"https:\/\/www.rengoenlanoticia.cl\/prensa\/wp-json\/wp\/v2\/posts\/1783","targetHints":{"allow":["GET"]}}],"collection":[{"href":"https:\/\/www.rengoenlanoticia.cl\/prensa\/wp-json\/wp\/v2\/posts"}],"about":[{"href":"https:\/\/www.rengoenlanoticia.cl\/prensa\/wp-json\/wp\/v2\/types\/post"}],"author":[{"embeddable":true,"href":"https:\/\/www.rengoenlanoticia.cl\/prensa\/wp-json\/wp\/v2\/users\/1"}],"replies":[{"embeddable":true,"href":"https:\/\/www.rengoenlanoticia.cl\/prensa\/wp-json\/wp\/v2\/comments?post=1783"}],"version-history":[{"count":2,"href":"https:\/\/www.rengoenlanoticia.cl\/prensa\/wp-json\/wp\/v2\/posts\/1783\/revisions"}],"predecessor-version":[{"id":1787,"href":"https:\/\/www.rengoenlanoticia.cl\/prensa\/wp-json\/wp\/v2\/posts\/1783\/revisions\/1787"}],"wp:featuredmedia":[{"embeddable":true,"href":"https:\/\/www.rengoenlanoticia.cl\/prensa\/wp-json\/wp\/v2\/media\/1786"}],"wp:attachment":[{"href":"https:\/\/www.rengoenlanoticia.cl\/prensa\/wp-json\/wp\/v2\/media?parent=1783"}],"wp:term":[{"taxonomy":"category","embeddable":true,"href":"https:\/\/www.rengoenlanoticia.cl\/prensa\/wp-json\/wp\/v2\/categories?post=1783"},{"taxonomy":"post_tag","embeddable":true,"href":"https:\/\/www.rengoenlanoticia.cl\/prensa\/wp-json\/wp\/v2\/tags?post=1783"}],"curies":[{"name":"wp","href":"https:\/\/api.w.org\/{rel}","templated":true}]}}