{"id":1779,"date":"2025-03-10T18:58:56","date_gmt":"2025-03-10T18:58:56","guid":{"rendered":"https:\/\/www.rengoenlanoticia.cl\/prensa\/?p=1779"},"modified":"2025-03-10T18:59:17","modified_gmt":"2025-03-10T18:59:17","slug":"direccion-del-trabajo-supero-las-100-mil-fiscalizaciones-en-2024","status":"publish","type":"post","link":"https:\/\/www.rengoenlanoticia.cl\/prensa\/2025\/03\/10\/direccion-del-trabajo-supero-las-100-mil-fiscalizaciones-en-2024\/","title":{"rendered":"Direcci\u00f3n del Trabajo super\u00f3 las 100 mil fiscalizaciones en 2024"},"content":{"rendered":"\n<p><\/p>\n\n\n\n<p><strong>El total de fiscalizaciones aument\u00f3 en 12,7% respecto de 2023.<\/strong><\/p>\n\n\n\n<p><strong>Tambi\u00e9n crecieron las sanciones aplicadas.<\/strong><\/p>\n\n\n\n<p>Durante el a\u00f1o 2024 la Direcci\u00f3n del Trabajo ejecut\u00f3 102.685 fiscalizaciones a lo largo del pa\u00eds, lo que signific\u00f3 un aumento del 12,7% con respecto al 2023.<\/p>\n\n\n\n<p>Estas acciones permitieron detectar diversas infracciones a la normativa laboral y de seguridad social, con un incremento del 4,2% en la aplicaci\u00f3n de sanciones, alcanzando las 50.443.<\/p>\n\n\n\n<p>El monto total de lo sancionado alcanz\u00f3 los $146.482.664.714, lo que tambi\u00e9n signific\u00f3 un alza respecto de 2023, en este caso, del 10,2%.<\/p>\n\n\n\n<p>El director del Trabajo, Pablo Zenteno, evalu\u00f3 que \u201ceste incremento de casi el 13% en las fiscalizaciones realizadas durante el a\u00f1o 2024, en comparaci\u00f3n con el a\u00f1o 2023, evidencia el firme compromiso de la Direcci\u00f3n del Trabajo con el estricto cumplimiento de la normativa laboral en todo el territorio nacional. As\u00ed se manifiesta el \u00e9xito de los esfuerzos institucionales por atender la mayor cantidad posible de denuncias, tanto aquellas presentadas por los usuarios como las derivadas de los programas de fiscalizaci\u00f3n establecidos para reducir la infraccionalidad en los sectores con mayores riesgos de seguridad o m\u00e1s refractarios al cumplimiento legal\u201d.<\/p>\n\n\n\n<p>Del total de fiscalizaciones, 89.053 se originaron a partir de las 107.467 denuncias recibidas, mientras que 13.632 fueron resultado de programas de fiscalizaci\u00f3n. El 27,6% de estas fiscalizaciones (28.366 en total) culmin\u00f3 con la aplicaci\u00f3n de multas.<\/p>\n\n\n\n<p>En cuanto a la distribuci\u00f3n geogr\u00e1fica de las fiscalizaciones, la Regi\u00f3n Metropolitana lider\u00f3 con 44.044, seguida por las regiones de Valpara\u00edso, con 8.979; Biob\u00edo, con 6.406; Los Lagos, con 6.349 y del Maule, con 5.647.<\/p>\n\n\n\n<p><strong>Desglose de denuncias, fiscalizaciones y sanciones<\/strong><\/p>\n\n\n\n<p>Durante el periodo analizado los antecedentes m\u00e1s relevantes fueron:&nbsp;<\/p>\n\n\n\n<p>Materias m\u00e1s denunciadas:<\/p>\n\n\n\n<ul class=\"wp-block-list\">\n<li>No pagar remuneraci\u00f3n \u00edntegra: 12.973 (7,84%)<\/li>\n\n\n\n<li>No registrar el libro de remuneraciones electr\u00f3nico (LRE), dentro del plazo legal, en el registro electr\u00f3nico laboral disponible en el sitio web de la Direcci\u00f3n del Trabajo: 10.010 (6,05%)<\/li>\n\n\n\n<li>Pagar remuneraci\u00f3n parcial o incorrectamente: 9.478 (5,73%)<\/li>\n\n\n\n<li>Incumplimiento y\/o modificaci\u00f3n unilateral del contrato de trabajo: 7.906 (4,78%)<\/li>\n\n\n\n<li>No declarar oportunamente las cotizaciones previsionales y\/o hacerlo de manera err\u00f3nea o incompleta: 7.003 (4,23%)<\/li>\n<\/ul>\n\n\n\n<p>Sectores econ\u00f3micos m\u00e1s fiscalizados:<\/p>\n\n\n\n<ul class=\"wp-block-list\">\n<li>Comercio al por mayor y al por menor; reparaci\u00f3n de veh\u00edculos automotores y motocicletas: 19.324 (18,82%)<\/li>\n\n\n\n<li>Actividades de servicios administrativos y de apoyo: 15.542 (15,14%)<\/li>\n\n\n\n<li>Transporte y almacenamiento: 9.064 (8,83%)<\/li>\n\n\n\n<li>Actividades de alojamiento y de servicio de comidas: 8.704 (8,48%)<\/li>\n\n\n\n<li>Industria manufacturera: 7.553 (7,36%)<\/li>\n<\/ul>\n\n\n\n<p>Materias m\u00e1s sancionadas:<\/p>\n\n\n\n<ul class=\"wp-block-list\">\n<li>No exhibir toda la documentaci\u00f3n necesaria para efectuar las labores de fiscalizaci\u00f3n: 6.261 (12,42%)<\/li>\n\n\n\n<li>No llevar correctamente registro de asistencia y determinaci\u00f3n de las horas de trabajo: 3.130 (6,21%)<\/li>\n\n\n\n<li>No llevar registro de asistencia y determinaci\u00f3n de las horas de trabajo: 1.808 (3,58%)<\/li>\n\n\n\n<li>No consignar por escrito las modificaciones de contrato de trabajo: 1.767 (3,50%)<\/li>\n\n\n\n<li>No tomar todas las medias necesarias para proteger eficazmente la vida y salud de los trabajadores: 1.748 (3,47%)<\/li>\n<\/ul>\n","protected":false},"excerpt":{"rendered":"El total de fiscalizaciones aument\u00f3 en 12,7% respecto de 2023. Tambi\u00e9n crecieron las sanciones aplicadas. Durante el a\u00f1o&hellip;\n","protected":false},"author":1,"featured_media":1780,"comment_status":"open","ping_status":"open","sticky":false,"template":"","format":"standard","meta":{"_monsterinsights_skip_tracking":false,"_monsterinsights_sitenote_active":false,"_monsterinsights_sitenote_note":"","_monsterinsights_sitenote_category":0,"footnotes":""},"categories":[8],"tags":[],"class_list":{"0":"post-1779","1":"post","2":"type-post","3":"status-publish","4":"format-standard","5":"has-post-thumbnail","7":"category-portada"},"aioseo_notices":[],"_links":{"self":[{"href":"https:\/\/www.rengoenlanoticia.cl\/prensa\/wp-json\/wp\/v2\/posts\/1779","targetHints":{"allow":["GET"]}}],"collection":[{"href":"https:\/\/www.rengoenlanoticia.cl\/prensa\/wp-json\/wp\/v2\/posts"}],"about":[{"href":"https:\/\/www.rengoenlanoticia.cl\/prensa\/wp-json\/wp\/v2\/types\/post"}],"author":[{"embeddable":true,"href":"https:\/\/www.rengoenlanoticia.cl\/prensa\/wp-json\/wp\/v2\/users\/1"}],"replies":[{"embeddable":true,"href":"https:\/\/www.rengoenlanoticia.cl\/prensa\/wp-json\/wp\/v2\/comments?post=1779"}],"version-history":[{"count":2,"href":"https:\/\/www.rengoenlanoticia.cl\/prensa\/wp-json\/wp\/v2\/posts\/1779\/revisions"}],"predecessor-version":[{"id":1782,"href":"https:\/\/www.rengoenlanoticia.cl\/prensa\/wp-json\/wp\/v2\/posts\/1779\/revisions\/1782"}],"wp:featuredmedia":[{"embeddable":true,"href":"https:\/\/www.rengoenlanoticia.cl\/prensa\/wp-json\/wp\/v2\/media\/1780"}],"wp:attachment":[{"href":"https:\/\/www.rengoenlanoticia.cl\/prensa\/wp-json\/wp\/v2\/media?parent=1779"}],"wp:term":[{"taxonomy":"category","embeddable":true,"href":"https:\/\/www.rengoenlanoticia.cl\/prensa\/wp-json\/wp\/v2\/categories?post=1779"},{"taxonomy":"post_tag","embeddable":true,"href":"https:\/\/www.rengoenlanoticia.cl\/prensa\/wp-json\/wp\/v2\/tags?post=1779"}],"curies":[{"name":"wp","href":"https:\/\/api.w.org\/{rel}","templated":true}]}}