{"id":1744,"date":"2025-03-07T03:14:12","date_gmt":"2025-03-07T03:14:12","guid":{"rendered":"https:\/\/www.rengoenlanoticia.cl\/prensa\/?p=1744"},"modified":"2025-03-07T03:20:37","modified_gmt":"2025-03-07T03:20:37","slug":"mt-0-de-la-pdi-de-rengo-detiene-a-4-sujetos-que-comercializaba-droga-en-rosario","status":"publish","type":"post","link":"https:\/\/www.rengoenlanoticia.cl\/prensa\/2025\/03\/07\/mt-0-de-la-pdi-de-rengo-detiene-a-4-sujetos-que-comercializaba-droga-en-rosario\/","title":{"rendered":"MT-0 de la PDI de Rengo detiene a 4 sujetos que comercializaba droga en Rosario"},"content":{"rendered":"\n<p><\/p>\n\n\n\n<p><em><strong>Los detenidos pertenec\u00edan a 5 inmuebles distintos cada uno ten\u00eda su grupo dedicado al tr\u00e1fico, distribuci\u00f3n y comercializaci\u00f3n de sustancias il\u00edcitas en el la localidad de Rosario al norte de la comuna de Rengo<\/strong><\/em><\/p>\n\n\n\n<p>El grupo MT-0 de la PDI de Rengo, en conjunto con el Ministerio P\u00fablico logr\u00f3 la detenci\u00f3n de 4 personas, por su responsabilidad en los delitos de Tr\u00e1fico Il\u00edcito de Drogas, en dicha localidad.<\/p>\n\n\n\n<p>Esta estructura, la cual manten\u00eda su funcionamiento en poblaciones del sector norte de la comuna, distribu\u00eda la droga en diferentes puntos de venta, habilitados para la comercializaci\u00f3n de diversas sustancias a consumidores. De igual forma, reforzaban los frontis de los inmuebles, con el objeto de retrasar el actuar policial.<\/p>\n\n\n\n<p>Se dio cumplimiento a \u00f3rdenes de entrada y registro para 5 inmuebles, en virtud a investigaci\u00f3n por el delito de infracci\u00f3n a la Ley 20.000, logrando detener a 4 personas e incautando una gran cantidad de estupefacientes y evidencia probatoria del il\u00edcito investigado.<\/p>\n\n\n\n<figure class=\"wp-block-image size-large\"><img loading=\"lazy\" decoding=\"async\" width=\"1024\" height=\"461\" src=\"https:\/\/www.rengoenlanoticia.cl\/prensa\/wp-content\/uploads\/2025\/03\/WhatsApp-Image-2025-03-06-at-23.53.23-1-1024x461.jpeg\" alt=\"\" class=\"wp-image-1746\" srcset=\"https:\/\/www.rengoenlanoticia.cl\/prensa\/wp-content\/uploads\/2025\/03\/WhatsApp-Image-2025-03-06-at-23.53.23-1-1024x461.jpeg 1024w, https:\/\/www.rengoenlanoticia.cl\/prensa\/wp-content\/uploads\/2025\/03\/WhatsApp-Image-2025-03-06-at-23.53.23-1-300x135.jpeg 300w, https:\/\/www.rengoenlanoticia.cl\/prensa\/wp-content\/uploads\/2025\/03\/WhatsApp-Image-2025-03-06-at-23.53.23-1-768x346.jpeg 768w, https:\/\/www.rengoenlanoticia.cl\/prensa\/wp-content\/uploads\/2025\/03\/WhatsApp-Image-2025-03-06-at-23.53.23-1-1536x691.jpeg 1536w, https:\/\/www.rengoenlanoticia.cl\/prensa\/wp-content\/uploads\/2025\/03\/WhatsApp-Image-2025-03-06-at-23.53.23-1-110x50.jpeg 110w, https:\/\/www.rengoenlanoticia.cl\/prensa\/wp-content\/uploads\/2025\/03\/WhatsApp-Image-2025-03-06-at-23.53.23-1-200x90.jpeg 200w, https:\/\/www.rengoenlanoticia.cl\/prensa\/wp-content\/uploads\/2025\/03\/WhatsApp-Image-2025-03-06-at-23.53.23-1-380x171.jpeg 380w, https:\/\/www.rengoenlanoticia.cl\/prensa\/wp-content\/uploads\/2025\/03\/WhatsApp-Image-2025-03-06-at-23.53.23-1-255x115.jpeg 255w, https:\/\/www.rengoenlanoticia.cl\/prensa\/wp-content\/uploads\/2025\/03\/WhatsApp-Image-2025-03-06-at-23.53.23-1-550x248.jpeg 550w, https:\/\/www.rengoenlanoticia.cl\/prensa\/wp-content\/uploads\/2025\/03\/WhatsApp-Image-2025-03-06-at-23.53.23-1-800x360.jpeg 800w, https:\/\/www.rengoenlanoticia.cl\/prensa\/wp-content\/uploads\/2025\/03\/WhatsApp-Image-2025-03-06-at-23.53.23-1-1160x522.jpeg 1160w, https:\/\/www.rengoenlanoticia.cl\/prensa\/wp-content\/uploads\/2025\/03\/WhatsApp-Image-2025-03-06-at-23.53.23-1.jpeg 1600w\" sizes=\"auto, (max-width: 1024px) 100vw, 1024px\" \/><\/figure>\n\n\n\n<p>En los allanamientos se incautaron 114.75 gramos de Clorhidrato coca\u00edna, 40,21 gramos de clorhidrato de coca\u00edna, 539,2 gramos de cannabis, 2.2 gramos de Ketamina, 4 Dosis de Clonazepam, 03 Balanzas digitales, Dinero en efectivo $ 1.432.000<\/p>\n\n\n\n<p>MODUS OPERANDI<\/p>\n\n\n\n<p>Los Imputados se dedicaban a la comercializaci\u00f3n de diferentes tipos de drogas a los adictos al sector.<\/p>\n\n\n\n<figure class=\"wp-block-image size-large\"><img loading=\"lazy\" decoding=\"async\" width=\"1024\" height=\"461\" src=\"https:\/\/www.rengoenlanoticia.cl\/prensa\/wp-content\/uploads\/2025\/03\/WhatsApp-Image-2025-03-06-at-23.53.22-1-1024x461.jpeg\" alt=\"\" class=\"wp-image-1747\" srcset=\"https:\/\/www.rengoenlanoticia.cl\/prensa\/wp-content\/uploads\/2025\/03\/WhatsApp-Image-2025-03-06-at-23.53.22-1-1024x461.jpeg 1024w, https:\/\/www.rengoenlanoticia.cl\/prensa\/wp-content\/uploads\/2025\/03\/WhatsApp-Image-2025-03-06-at-23.53.22-1-300x135.jpeg 300w, https:\/\/www.rengoenlanoticia.cl\/prensa\/wp-content\/uploads\/2025\/03\/WhatsApp-Image-2025-03-06-at-23.53.22-1-768x346.jpeg 768w, https:\/\/www.rengoenlanoticia.cl\/prensa\/wp-content\/uploads\/2025\/03\/WhatsApp-Image-2025-03-06-at-23.53.22-1-1536x691.jpeg 1536w, https:\/\/www.rengoenlanoticia.cl\/prensa\/wp-content\/uploads\/2025\/03\/WhatsApp-Image-2025-03-06-at-23.53.22-1-110x50.jpeg 110w, https:\/\/www.rengoenlanoticia.cl\/prensa\/wp-content\/uploads\/2025\/03\/WhatsApp-Image-2025-03-06-at-23.53.22-1-200x90.jpeg 200w, https:\/\/www.rengoenlanoticia.cl\/prensa\/wp-content\/uploads\/2025\/03\/WhatsApp-Image-2025-03-06-at-23.53.22-1-380x171.jpeg 380w, https:\/\/www.rengoenlanoticia.cl\/prensa\/wp-content\/uploads\/2025\/03\/WhatsApp-Image-2025-03-06-at-23.53.22-1-255x115.jpeg 255w, https:\/\/www.rengoenlanoticia.cl\/prensa\/wp-content\/uploads\/2025\/03\/WhatsApp-Image-2025-03-06-at-23.53.22-1-550x248.jpeg 550w, https:\/\/www.rengoenlanoticia.cl\/prensa\/wp-content\/uploads\/2025\/03\/WhatsApp-Image-2025-03-06-at-23.53.22-1-800x360.jpeg 800w, https:\/\/www.rengoenlanoticia.cl\/prensa\/wp-content\/uploads\/2025\/03\/WhatsApp-Image-2025-03-06-at-23.53.22-1-1160x522.jpeg 1160w, https:\/\/www.rengoenlanoticia.cl\/prensa\/wp-content\/uploads\/2025\/03\/WhatsApp-Image-2025-03-06-at-23.53.22-1.jpeg 1600w\" sizes=\"auto, (max-width: 1024px) 100vw, 1024px\" \/><\/figure>\n\n\n\n<p>Fiscal Osvaldo Y\u00e1\u00f1ez Ahumada indica que los detenidos sean puestos a control de detenci\u00f3n el d\u00eda 07.MAR.025.<\/p>\n\n\n\n<p>A su vez el Fiscal, instruy\u00f3 coordinar con la Ilustre Municipalidad de Rengo, con el prop\u00f3sito de clausurar dos de los domicilios intervenidos, para su posterior demolici\u00f3n.<\/p>\n","protected":false},"excerpt":{"rendered":"Los detenidos pertenec\u00edan a 5 inmuebles distintos cada uno ten\u00eda su grupo dedicado al tr\u00e1fico, distribuci\u00f3n y comercializaci\u00f3n&hellip;\n","protected":false},"author":1,"featured_media":1745,"comment_status":"open","ping_status":"open","sticky":false,"template":"","format":"standard","meta":{"_monsterinsights_skip_tracking":false,"_monsterinsights_sitenote_active":false,"_monsterinsights_sitenote_note":"","_monsterinsights_sitenote_category":0,"footnotes":""},"categories":[5,8],"tags":[],"class_list":{"0":"post-1744","1":"post","2":"type-post","3":"status-publish","4":"format-standard","5":"has-post-thumbnail","7":"category-policial","8":"category-portada"},"aioseo_notices":[],"_links":{"self":[{"href":"https:\/\/www.rengoenlanoticia.cl\/prensa\/wp-json\/wp\/v2\/posts\/1744","targetHints":{"allow":["GET"]}}],"collection":[{"href":"https:\/\/www.rengoenlanoticia.cl\/prensa\/wp-json\/wp\/v2\/posts"}],"about":[{"href":"https:\/\/www.rengoenlanoticia.cl\/prensa\/wp-json\/wp\/v2\/types\/post"}],"author":[{"embeddable":true,"href":"https:\/\/www.rengoenlanoticia.cl\/prensa\/wp-json\/wp\/v2\/users\/1"}],"replies":[{"embeddable":true,"href":"https:\/\/www.rengoenlanoticia.cl\/prensa\/wp-json\/wp\/v2\/comments?post=1744"}],"version-history":[{"count":5,"href":"https:\/\/www.rengoenlanoticia.cl\/prensa\/wp-json\/wp\/v2\/posts\/1744\/revisions"}],"predecessor-version":[{"id":1752,"href":"https:\/\/www.rengoenlanoticia.cl\/prensa\/wp-json\/wp\/v2\/posts\/1744\/revisions\/1752"}],"wp:featuredmedia":[{"embeddable":true,"href":"https:\/\/www.rengoenlanoticia.cl\/prensa\/wp-json\/wp\/v2\/media\/1745"}],"wp:attachment":[{"href":"https:\/\/www.rengoenlanoticia.cl\/prensa\/wp-json\/wp\/v2\/media?parent=1744"}],"wp:term":[{"taxonomy":"category","embeddable":true,"href":"https:\/\/www.rengoenlanoticia.cl\/prensa\/wp-json\/wp\/v2\/categories?post=1744"},{"taxonomy":"post_tag","embeddable":true,"href":"https:\/\/www.rengoenlanoticia.cl\/prensa\/wp-json\/wp\/v2\/tags?post=1744"}],"curies":[{"name":"wp","href":"https:\/\/api.w.org\/{rel}","templated":true}]}}