{"id":1737,"date":"2025-03-07T01:25:33","date_gmt":"2025-03-07T01:25:33","guid":{"rendered":"https:\/\/www.rengoenlanoticia.cl\/prensa\/?p=1737"},"modified":"2025-03-07T01:26:51","modified_gmt":"2025-03-07T01:26:51","slug":"1737","status":"publish","type":"post","link":"https:\/\/www.rengoenlanoticia.cl\/prensa\/2025\/03\/07\/1737\/","title":{"rendered":"Carabineros detiene a sujeto pr\u00f3fugo de la justicia"},"content":{"rendered":"\n<p><\/p>\n\n\n\n<p>Este Jueves 6 de marzo en horas de la ma\u00f1ana, en un trabajo colaborativo entre personal motorizado y el servicio tr\u00e1nsito de la Subcomisar\u00eda de Carabineros Requ\u00ednoa de dicha comuna, lograron de detenci\u00f3n de un sujeto pr\u00f3fugos de la justicia, quien manten\u00eda una orden de detenci\u00f3n vigente, por el delito de robo en lugar no habitado.<\/p>\n\n\n\n<p>De lo anterior, se procedi\u00f3 a dar cuenta al Ministerio P\u00fablico quien instruy\u00f3 su concurrencia a control de detenci\u00f3n en la Ciudad de Rengo.<br>Esta acci\u00f3n mejora la seguridad y tranquilidad de los vecinos de la comuna de Requ\u00ednoa, al retirar de las calles a individuos con antecedentes delictivos, reforzando el compromiso con la ciudadan\u00eda, entregando , tranquilidad y seguridad a los diferentes alumnos que transitan por nuestra Comuna as\u00ed lo se\u00f1al\u00f3, el oficial a cargo de dicha unidad policial.<\/p>\n","protected":false},"excerpt":{"rendered":"Este Jueves 6 de marzo en horas de la ma\u00f1ana, en un trabajo colaborativo entre personal motorizado y&hellip;\n","protected":false},"author":1,"featured_media":1739,"comment_status":"open","ping_status":"open","sticky":false,"template":"","format":"standard","meta":{"_monsterinsights_skip_tracking":false,"_monsterinsights_sitenote_active":false,"_monsterinsights_sitenote_note":"","_monsterinsights_sitenote_category":0,"footnotes":""},"categories":[5,8],"tags":[],"class_list":{"0":"post-1737","1":"post","2":"type-post","3":"status-publish","4":"format-standard","5":"has-post-thumbnail","7":"category-policial","8":"category-portada"},"aioseo_notices":[],"_links":{"self":[{"href":"https:\/\/www.rengoenlanoticia.cl\/prensa\/wp-json\/wp\/v2\/posts\/1737","targetHints":{"allow":["GET"]}}],"collection":[{"href":"https:\/\/www.rengoenlanoticia.cl\/prensa\/wp-json\/wp\/v2\/posts"}],"about":[{"href":"https:\/\/www.rengoenlanoticia.cl\/prensa\/wp-json\/wp\/v2\/types\/post"}],"author":[{"embeddable":true,"href":"https:\/\/www.rengoenlanoticia.cl\/prensa\/wp-json\/wp\/v2\/users\/1"}],"replies":[{"embeddable":true,"href":"https:\/\/www.rengoenlanoticia.cl\/prensa\/wp-json\/wp\/v2\/comments?post=1737"}],"version-history":[{"count":3,"href":"https:\/\/www.rengoenlanoticia.cl\/prensa\/wp-json\/wp\/v2\/posts\/1737\/revisions"}],"predecessor-version":[{"id":1743,"href":"https:\/\/www.rengoenlanoticia.cl\/prensa\/wp-json\/wp\/v2\/posts\/1737\/revisions\/1743"}],"wp:featuredmedia":[{"embeddable":true,"href":"https:\/\/www.rengoenlanoticia.cl\/prensa\/wp-json\/wp\/v2\/media\/1739"}],"wp:attachment":[{"href":"https:\/\/www.rengoenlanoticia.cl\/prensa\/wp-json\/wp\/v2\/media?parent=1737"}],"wp:term":[{"taxonomy":"category","embeddable":true,"href":"https:\/\/www.rengoenlanoticia.cl\/prensa\/wp-json\/wp\/v2\/categories?post=1737"},{"taxonomy":"post_tag","embeddable":true,"href":"https:\/\/www.rengoenlanoticia.cl\/prensa\/wp-json\/wp\/v2\/tags?post=1737"}],"curies":[{"name":"wp","href":"https:\/\/api.w.org\/{rel}","templated":true}]}}