{"id":1733,"date":"2025-03-07T01:14:43","date_gmt":"2025-03-07T01:14:43","guid":{"rendered":"https:\/\/www.rengoenlanoticia.cl\/prensa\/?p=1733"},"modified":"2025-03-07T01:15:41","modified_gmt":"2025-03-07T01:15:41","slug":"corfo-adjudica-10-mil-millones-para-revalorizacion-de-pasivos-ambientales-en-mineria-acuicultura-manufactura-y-transportes","status":"publish","type":"post","link":"https:\/\/www.rengoenlanoticia.cl\/prensa\/2025\/03\/07\/corfo-adjudica-10-mil-millones-para-revalorizacion-de-pasivos-ambientales-en-mineria-acuicultura-manufactura-y-transportes\/","title":{"rendered":"Corfo adjudica $10 mil millones para revalorizaci\u00f3n de pasivos ambientales en miner\u00eda, acuicultura, manufactura y transportes"},"content":{"rendered":"\n<p><\/p>\n\n\n\n<p><a><em>En Chile, s\u00f3lo el 22% de los desechos se valoriza y el restante 78% se elimina lo que representa m\u00e1s de 19 millones de toneladas de residuos industriales s\u00f3lidos al a\u00f1o.<\/em><\/a><\/p>\n\n\n\n<p><em>Vicepresidente ejecutivo de Corfo destac\u00f3 que esto representa una oportunidad para las empresas y que durante este a\u00f1o habr\u00e1 una nueva versi\u00f3n de la convocatoria.<\/em><\/p>\n\n\n\n<p>Corfo junto a autoridades del Ministerio de Econom\u00eda, Fomento y Turismo; Miner\u00eda y Medio Ambiente dieron a conocer las empresas adjudicatarias de m\u00e1s de $10 mil millones para el desarrollo de proyectos tecnol\u00f3gicos para la recuperaci\u00f3n de pasivos ambientales de sectores como miner\u00eda secundaria y residuos mineros, energ\u00eda, transporte, industria manufacturera o empresas de servicios. El sector privado, en tanto, aportar\u00e1 m\u00e1s de $9.500 millones de inversi\u00f3n para implementar iniciativas que den nuevo valor a desechos y residuos derivados de sus operaciones.<\/p>\n\n\n\n<p>El Programa Tecnol\u00f3gico (PTEC) de Recuperaci\u00f3n de Pasivos Ambientales de Corfo cofinancia hasta el 60% del costo total de cada proyecto, recursos que deber\u00e1n ser destinados a la obtenci\u00f3n de productos tecnol\u00f3gicos en etapas pre comercial o comercial, que resuelvan las brechas y desaf\u00edos que contribuyan a la competitividad de las empresas y la reducci\u00f3n de los pasivos ambientales.<\/p>\n\n\n\n<p>En representaci\u00f3n del Ministerio de Econom\u00eda, Fomento y Turismo, Aintzane Lorca, jefa del programa de Desarrollo Productivo Sostenible (DPS), sostuvo que esta iniciativa se enmarca en un conjunto de casi 150 iniciativas DPS. \u201cEstamos impulsando (este programa) desde el Ministerio de Econom\u00eda, en conjunto con Corfo y otros ministerios, en el marco de un comit\u00e9 interministerial y la coordinaci\u00f3n de lo p\u00fablico-p\u00fablico para conversar con el sector privado y avanzar de manera coherente, efectiva y con muchas sinergias\u201d.<\/p>\n\n\n\n<p>En ese sentido, sostuvo que DPS tiene como metas aportar a los esfuerzos de descarbonizaci\u00f3n al a\u00f1o 2050, aumentar \u201cla resiliencia de la econom\u00eda ante la crisis clim\u00e1tica de contaminaci\u00f3n y p\u00e9rdida de diversidad, donde se enmarca la econom\u00eda circular y, mejorar la sofisticaci\u00f3n y la diversificaci\u00f3n productiva. En este tercer a\u00f1o del programa estamos logrando destinar m\u00e1s de $350.000 millones para poder juntar esfuerzos y trabajar en conjunto en esta direcci\u00f3n\u201d.<\/p>\n\n\n\n<p><strong>Dep\u00f3sitos de oro y relaves<\/strong><\/p>\n\n\n\n<p>En tanto, la subsecretaria de Miner\u00eda, Suina Chahu\u00e1n, explic\u00f3 que, de acuerdo con el \u00faltimo catastro del Servicio Nacional de Geolog\u00eda Miner\u00eda de 2023, en Chile existen 795 dep\u00f3sitos de oro y relaves que est\u00e1n distribuidos en nueve de las 16 de nuestro pa\u00eds. \u201cEn el contexto de crisis clim\u00e1tica, la presi\u00f3n por una demanda mayor de minerales cr\u00edticos para poder afrontar la transici\u00f3n energ\u00e9tica ser\u00e1 necesario aumentar o intensificar la actividad minera secundaria, y en consecuencia, tambi\u00e9n abordar la producci\u00f3n de residuos mineros masivos\u201d, asever\u00f3.<\/p>\n\n\n\n<p>Chahu\u00e1n detall\u00f3 que \u201ccada a\u00f1o se generan, aproximadamente, 500 millones de toneladas adicionales en estos dep\u00f3sitos provenientes, generalmente, de la gran miner\u00eda del cobre, por lo que si vemos la magnitud del desaf\u00edo que tenemos por delante, necesitamos actuar con urgencia y con decisi\u00f3n\u201d.<\/p>\n\n\n\n<p>Por su parte, el subsecretario de Medio Ambiente, Maximiliano Proa\u00f1o, felicit\u00f3 a las empresas adjudicatarias por su aporte al desaf\u00edo de enfrentar la triple crisis ambiental compuesta por el cambio clim\u00e1tico, la contaminaci\u00f3n y la p\u00e9rdida de biodiversidad. \u201cSer la punta de lanza es lo m\u00e1s dif\u00edcil, son las primeras empresas que se atreven, pero luego cuando una empresa ve que a otra le funcion\u00f3, tambi\u00e9n se atreve. Este PTEC de reconversi\u00f3n de pasivos ambientales nos permite disminuir la p\u00e9rdida de diversidad, las emisiones y, por cierto, la contaminaci\u00f3n en nuestras ciudades, en nuestro medio ambiente\u201d.<\/p>\n\n\n\n<p>Record\u00f3 que estos esfuerzos tienen como meta \u201cni m\u00e1s ni menos que poder asegurar la supervivencia de nuestra especie y para eso el rol de los gobiernos debe ser generar condiciones y este tipo de programas\u201d.<\/p>\n\n\n\n<p><strong>Rol de Corfo<\/strong><\/p>\n\n\n\n<p>El Programa Tecnol\u00f3gico (PTEC) de Recuperaci\u00f3n de Pasivos Ambientales de Corfo no s\u00f3lo busca dar respuesta a la progresiva acumulaci\u00f3n de pasivos ambientales de distintos sectores, sino que revertir la baja adaptaci\u00f3n y desarrollo tecnol\u00f3gico en la gesti\u00f3n de dichos residuos y los niveles de encadenamiento productivo asociado a la reconversi\u00f3n y econom\u00eda circular.<\/p>\n\n\n\n<p>Jos\u00e9 Miguel Benavente, vicepresidente ejecutivo de la Corporaci\u00f3n acot\u00f3 que, \u201cde acuerdo con cifras del Ministerio de Medio Ambiente, en Chile se generan entre&nbsp;<a>17 y 19 millones de toneladas de residuos industriales s\u00f3lidos al a\u00f1o, de los cuales hasta ahora una porci\u00f3n muy menor ingresa a alg\u00fan proceso de reciclaje, recuperaci\u00f3n o circularidad. S\u00f3lo el 22% de esos desechos se valoriza y el restante 78% se elimina<\/a>\u201d, indic\u00f3. Adem\u00e1s, inform\u00f3 que Corfo est\u00e1 destinando m\u00e1s de $3.000 millones por cada proyecto, los que, a su vez, aportar\u00e1n recursos privados para concretar los proyectos.<\/p>\n\n\n\n<p>A\u00f1adi\u00f3 que el instrumento -del cual habr\u00e1 una segunda versi\u00f3n este 2025- apoya a \u201csectores que son fundamentales para Chile, como la miner\u00eda, energ\u00eda, o manufactura, en un contexto nuevo en que los temas de sostenibilidad empiezan a tomar relevancia, no solamente por los beneficios para los ciudadanos en t\u00e9rminos medioambientales, sino tambi\u00e9n porque representan una oportunidad de generaci\u00f3n de soluciones, de valor econ\u00f3mico\u201d.<\/p>\n\n\n\n<p><strong>Empresas adjudicadas<\/strong><\/p>\n\n\n\n<p>El adjudicatario de este PTEC fue NFU-EVOLUCI\u00d3N, con un proyecto referido a \u201cNeum\u00e1ticos fuera de uso para productos de alto valor comercial\u201d que cuenta con la participaci\u00f3n de 13 empresas y entidades asociadas y que permitir\u00e1 la valorizaci\u00f3n de subproductos derivados de neum\u00e1ticos en desuso. El proyecto se ejecutar\u00e1 en las regiones Metropolitana, Antofagasta, O&#8217;Higgins y Biob\u00edo.<\/p>\n\n\n\n<p>\u00abEl proyecto NFU es un trabajo colaborativo, en coordinaci\u00f3n con tres universidades y cuatro empresas reconocidas a nivel nacional e internacional, dedicadas a la valorizaci\u00f3n de neum\u00e1ticos fuera de uso, como una iniciativa parte de los programas de reconversi\u00f3n de pasivos ambientales de Corfo.\u00bb, explic\u00f3 su director, Alejandro Navech.<\/p>\n\n\n\n<p>En el sector minero, fueron elegidos los proyectos del Centro de Investigaci\u00f3n en Miner\u00eda Sustentable (CIMS) y de Tecnolog\u00eda en Transporte de Minerales (TTM), ambos orientados a la reconversi\u00f3n de pasivos originados en relaves, mediante actividades de miner\u00eda secundaria para la extracci\u00f3n de minerales y disposici\u00f3n de residuos. El primero de estos proyectos, que operar\u00e1 en las regiones Metropolitana, Atacama, Coquimbo y Antofagasta, est\u00e1 orientado a la reutilizaci\u00f3n de pasivos mineros para su transferencia al mercado, aplicando estrategias de comercializaci\u00f3n y difusi\u00f3n de tecnolog\u00edas.<\/p>\n\n\n\n<p>\u201cNuestro proyecto busca desarrollar y adaptar tecnolog\u00edas que transformen los relaves mineros en soluciones concretas y escalables para la recuperaci\u00f3n de elementos de valor, reutilizaci\u00f3n de relaves y remediaci\u00f3n ambiental. Nuestro desaf\u00edo es pasar de prototipos a productos comercializables en un per\u00edodo de cinco a\u00f1os, impulsando modelos de negocio que permitan llevar estas tecnolog\u00edas al mercado y convertir la innovaci\u00f3n en una herramienta real para la sostenibilidad de la industria\u201d, se\u00f1al\u00f3 Guillermo Vidal Rudloff, gerente general de CIMS y director del programa.<\/p>\n\n\n\n<p>En tanto, la iniciativa de TMM operar\u00e1 entre Tarapac\u00e1 y la Regi\u00f3n Metropolitana, tambi\u00e9n lo har\u00e1 a nivel de residuos de miner\u00eda para el rescate y revalorizaci\u00f3n de estos desechos mediante procesos de econom\u00eda circular en miner\u00eda secundaria. \u201cLa miner\u00eda secundaria es posible y comienza hoy. Con Footprint Alliance estamos demostrando que desde Chile podemos liderar el camino hacia una industria m\u00e1s eficiente, responsable y comprometida con el futuro del planeta\u201d, destac\u00f3 Patricio Cox ejecutivo de TTM.<\/p>\n\n\n\n<p>El cuarto beneficiario es el proyecto de \u201cEscalamiento de tecnolog\u00eda para el desarrollo de Econom\u00eda Circular en la Industria de Manufactura y Empresas de Servicio\u201d liderado por la Universidad de Concepci\u00f3n, la que se ejecutar\u00e1 en la Regi\u00f3n de Biob\u00edo. Su foco estar\u00e1 en la aplicaci\u00f3n de tecnolog\u00edas de conversi\u00f3n mec\u00e1nica, qu\u00edmica, biol\u00f3gica y termoqu\u00edmica de corrientes residuales, con el objetivo de disminuir el impacto ambiental de pasivos ambientales en el sector manufactura y servicios, creando nuevas oportunidades de negocio e impulsar la econom\u00eda circular.<\/p>\n","protected":false},"excerpt":{"rendered":"En Chile, s\u00f3lo el 22% de los desechos se valoriza y el restante 78% se elimina lo que&hellip;\n","protected":false},"author":1,"featured_media":1734,"comment_status":"open","ping_status":"open","sticky":false,"template":"","format":"standard","meta":{"_monsterinsights_skip_tracking":false,"_monsterinsights_sitenote_active":false,"_monsterinsights_sitenote_note":"","_monsterinsights_sitenote_category":0,"footnotes":""},"categories":[8],"tags":[],"class_list":{"0":"post-1733","1":"post","2":"type-post","3":"status-publish","4":"format-standard","5":"has-post-thumbnail","7":"category-portada"},"aioseo_notices":[],"_links":{"self":[{"href":"https:\/\/www.rengoenlanoticia.cl\/prensa\/wp-json\/wp\/v2\/posts\/1733","targetHints":{"allow":["GET"]}}],"collection":[{"href":"https:\/\/www.rengoenlanoticia.cl\/prensa\/wp-json\/wp\/v2\/posts"}],"about":[{"href":"https:\/\/www.rengoenlanoticia.cl\/prensa\/wp-json\/wp\/v2\/types\/post"}],"author":[{"embeddable":true,"href":"https:\/\/www.rengoenlanoticia.cl\/prensa\/wp-json\/wp\/v2\/users\/1"}],"replies":[{"embeddable":true,"href":"https:\/\/www.rengoenlanoticia.cl\/prensa\/wp-json\/wp\/v2\/comments?post=1733"}],"version-history":[{"count":2,"href":"https:\/\/www.rengoenlanoticia.cl\/prensa\/wp-json\/wp\/v2\/posts\/1733\/revisions"}],"predecessor-version":[{"id":1736,"href":"https:\/\/www.rengoenlanoticia.cl\/prensa\/wp-json\/wp\/v2\/posts\/1733\/revisions\/1736"}],"wp:featuredmedia":[{"embeddable":true,"href":"https:\/\/www.rengoenlanoticia.cl\/prensa\/wp-json\/wp\/v2\/media\/1734"}],"wp:attachment":[{"href":"https:\/\/www.rengoenlanoticia.cl\/prensa\/wp-json\/wp\/v2\/media?parent=1733"}],"wp:term":[{"taxonomy":"category","embeddable":true,"href":"https:\/\/www.rengoenlanoticia.cl\/prensa\/wp-json\/wp\/v2\/categories?post=1733"},{"taxonomy":"post_tag","embeddable":true,"href":"https:\/\/www.rengoenlanoticia.cl\/prensa\/wp-json\/wp\/v2\/tags?post=1733"}],"curies":[{"name":"wp","href":"https:\/\/api.w.org\/{rel}","templated":true}]}}