{"id":1725,"date":"2025-03-07T00:56:03","date_gmt":"2025-03-07T00:56:03","guid":{"rendered":"https:\/\/www.rengoenlanoticia.cl\/prensa\/?p=1725"},"modified":"2025-03-07T00:56:35","modified_gmt":"2025-03-07T00:56:35","slug":"comenzo-el-periodo-de-inscripcion-a-la-paes-de-invierno-2025-para-la-admision-2026","status":"publish","type":"post","link":"https:\/\/www.rengoenlanoticia.cl\/prensa\/2025\/03\/07\/comenzo-el-periodo-de-inscripcion-a-la-paes-de-invierno-2025-para-la-admision-2026\/","title":{"rendered":"Comenz\u00f3 el per\u00edodo de inscripci\u00f3n a la PAES de Invierno 2025, para la Admisi\u00f3n 2026"},"content":{"rendered":"\n<p><\/p>\n\n\n\n<p>&nbsp;El proceso de inscripci\u00f3n para la PAES de Invierno, para la Admisi\u00f3n 2026, estar\u00e1 disponible desde el 5 al 18 de marzo a las 13:00 horas, o hasta completar los 50 mil cupos. Las y los egresados de ense\u00f1anza media podr\u00e1n inscribirse en demre.cl y acceso.mineduc.cl, donde deber\u00e1n completar el formulario para obtener la Tarjeta de Identificaci\u00f3n. La prueba se aplicar\u00e1 los d\u00edas 16, 17 y 18 de junio.<\/p>\n\n\n\n<p>La Subsecretar\u00eda de Educaci\u00f3n Superior y el Departamento de Evaluaci\u00f3n, Medici\u00f3n y Registro Educacional (DEMRE) de la Universidad de Chile, dieron inicio este mi\u00e9rcoles 5 de marzo al proceso de inscripci\u00f3n a la Prueba de Acceso a la Educaci\u00f3n Superior (PAES) de Invierno 2025, el que estar\u00e1 disponible hasta el martes 18 del mismo mes, a las 13:00 horas, o hasta que se agoten los 50 mil cupos disponibles.<\/p>\n\n\n\n<p>Esta aplicaci\u00f3n de la PAES, que se llevar\u00e1 a cabo el lunes 16, martes 17 y mi\u00e9rcoles 18 de junio, est\u00e1 destinada exclusivamente para las personas, chilenas o extranjeras, egresadas de Ense\u00f1anza Media en 2024 o en a\u00f1os anteriores, que tengan disponible su Licencia de Ense\u00f1anza Media y\/o su Certificado Anual de curso de egreso (4\u00ba Medio, 2\u00ba Medio Adultos, o 3\u00ba Nivel Medio Adultos TP), o reconocimiento de estudios en el extranjero.<\/p>\n\n\n\n<p>Las y los interesados en rendir la PAES de Invierno pueden inscribir desde una a cinco pruebas y el valor a pagar depender\u00e1 de la cantidad que inscriban. As\u00ed, una prueba costar\u00e1 $16.650; dos pruebas $30.475, tres o m\u00e1s pruebas, $44.300.<\/p>\n\n\n\n<p>Las pruebas que la persona interesada vaya a rendir deben ser inscritas en la plataforma que estar\u00e1 disponible en demre.cl o en acceso.mineduc.cl, en las fechas mencionadas. Es importante recordar que al inscribir la PAES de Competencia Matem\u00e1tica 1 (M1), se podr\u00e1 agregar sin costo adicional la PAES de Competencia Matem\u00e1tica 2 (M2) y viceversa.<\/p>\n\n\n\n<p>El subsecretario de Educaci\u00f3n Superior, V\u00edctor Orellana, se\u00f1al\u00f3 que \u201cla PAES de invierno representa una nueva oportunidad para que las y los estudiantes accedan a la educaci\u00f3n superior. Nos encontramos en una etapa de consolidaci\u00f3n del Sistema de Acceso, y esta instancia ha contribuido a generar un ambiente m\u00e1s favorable para quienes se preparan para rendir la prueba. Esto es fundamental, ya que hoy el sistema ofrece m\u00e1s alternativas, brindando a los j\u00f3venes la tranquilidad de saber que su futuro no depende de un \u00fanico examen\u201d.<\/p>\n\n\n\n<p>Por su parte, la directora del DEMRE de la Universidad de Chile, Leonor Varas, destac\u00f3 que para este a\u00f1o aumentaron las sedes en que se puede rendir la PAES en su versi\u00f3n invernal. \u201cPasamos de 45 a 49 sedes, o comunas. Queremos facilitar el acceso a esta prueba que, sabemos, da la oportunidad de mejorar puntajes y rendir con menos ansiedad que cuando se da por primera vez\u201d, cerr\u00f3 Varas.<\/p>\n\n\n\n<p>Las sedes que se sumaron este a\u00f1o son Colina y Talagante, en la Regi\u00f3n Metropolitana, y Talcahuano y Coronel, en la Regi\u00f3n del Biob\u00edo. En este enlace se puede consultar la ubicaci\u00f3n de las distintas sedes.<\/p>\n\n\n\n<p>Los resultados de la PAES de Invierno 2025, para la Admisi\u00f3n 2026, se entregar\u00e1n el viernes 18 de julio de 2025.<\/p>\n","protected":false},"excerpt":{"rendered":"&nbsp;El proceso de inscripci\u00f3n para la PAES de Invierno, para la Admisi\u00f3n 2026, estar\u00e1 disponible desde el 5&hellip;\n","protected":false},"author":1,"featured_media":1726,"comment_status":"open","ping_status":"open","sticky":false,"template":"","format":"standard","meta":{"_monsterinsights_skip_tracking":false,"_monsterinsights_sitenote_active":false,"_monsterinsights_sitenote_note":"","_monsterinsights_sitenote_category":0,"footnotes":""},"categories":[8],"tags":[],"class_list":{"0":"post-1725","1":"post","2":"type-post","3":"status-publish","4":"format-standard","5":"has-post-thumbnail","7":"category-portada"},"aioseo_notices":[],"_links":{"self":[{"href":"https:\/\/www.rengoenlanoticia.cl\/prensa\/wp-json\/wp\/v2\/posts\/1725","targetHints":{"allow":["GET"]}}],"collection":[{"href":"https:\/\/www.rengoenlanoticia.cl\/prensa\/wp-json\/wp\/v2\/posts"}],"about":[{"href":"https:\/\/www.rengoenlanoticia.cl\/prensa\/wp-json\/wp\/v2\/types\/post"}],"author":[{"embeddable":true,"href":"https:\/\/www.rengoenlanoticia.cl\/prensa\/wp-json\/wp\/v2\/users\/1"}],"replies":[{"embeddable":true,"href":"https:\/\/www.rengoenlanoticia.cl\/prensa\/wp-json\/wp\/v2\/comments?post=1725"}],"version-history":[{"count":2,"href":"https:\/\/www.rengoenlanoticia.cl\/prensa\/wp-json\/wp\/v2\/posts\/1725\/revisions"}],"predecessor-version":[{"id":1728,"href":"https:\/\/www.rengoenlanoticia.cl\/prensa\/wp-json\/wp\/v2\/posts\/1725\/revisions\/1728"}],"wp:featuredmedia":[{"embeddable":true,"href":"https:\/\/www.rengoenlanoticia.cl\/prensa\/wp-json\/wp\/v2\/media\/1726"}],"wp:attachment":[{"href":"https:\/\/www.rengoenlanoticia.cl\/prensa\/wp-json\/wp\/v2\/media?parent=1725"}],"wp:term":[{"taxonomy":"category","embeddable":true,"href":"https:\/\/www.rengoenlanoticia.cl\/prensa\/wp-json\/wp\/v2\/categories?post=1725"},{"taxonomy":"post_tag","embeddable":true,"href":"https:\/\/www.rengoenlanoticia.cl\/prensa\/wp-json\/wp\/v2\/tags?post=1725"}],"curies":[{"name":"wp","href":"https:\/\/api.w.org\/{rel}","templated":true}]}}