{"id":1721,"date":"2025-03-07T00:46:13","date_gmt":"2025-03-07T00:46:13","guid":{"rendered":"https:\/\/www.rengoenlanoticia.cl\/prensa\/?p=1721"},"modified":"2025-03-07T00:46:32","modified_gmt":"2025-03-07T00:46:32","slug":"carabineros-detiene-a-individuo-vinculado-a-robo-con-intimidacion-que-afecto-a-vecinos-de-pichilemu","status":"publish","type":"post","link":"https:\/\/www.rengoenlanoticia.cl\/prensa\/2025\/03\/07\/carabineros-detiene-a-individuo-vinculado-a-robo-con-intimidacion-que-afecto-a-vecinos-de-pichilemu\/","title":{"rendered":"Carabineros detiene a individuo vinculado a robo con intimidaci\u00f3n que afect\u00f3 a vecinos de Pichilemu"},"content":{"rendered":"\n<p><\/p>\n\n\n\n<p>Tambi\u00e9n se decomisaron diferentes tipos de drogas en el inmueble allanado, tras una serie de diligencias investigativas en coordinaci\u00f3n con el Ministerio P\u00fablico.<\/p>\n\n\n\n<p>Este jueves 06 de marzo, alrededor de las 6 a.m., con apoyo de Carabineros especializados del GOPE O\u2019Higgins, efectivos policiales de la 3\u00b0 Comisar\u00eda de Pichilemu allanaron un inmueble, logrando la detenci\u00f3n de un individuo vinculado al robo con intimidaci\u00f3n que hace aproximadamente 2 meses se produjo en la comuna.<br>El Mayor Luis Cisterna, Comisario de Pichilemu, inform\u00f3 que una vez registrado el delito, iniciamos, a trav\u00e9s de la Secci\u00f3n de Investigaciones Policiales, SIP, una serie de diligencias mediante diferentes t\u00e9cnicas investigativas desarrolladas en coordinaci\u00f3n con el Ministerio P\u00fablico que derivaron en una orden de ingreso y registro de este inmueble ubicado en Av. Cahuil\u201d.<br>Agreg\u00f3 que \u201cel individuo que est\u00e1 vinculado al delito que afect\u00f3 a vecinos de la comuna fue puesto a disposici\u00f3n del Juzgado de Garant\u00eda de Pichilemu\u201d. En el allanamiento adem\u00e1s se decomisaron diferentes tipos de drogas.<\/p>\n","protected":false},"excerpt":{"rendered":"Tambi\u00e9n se decomisaron diferentes tipos de drogas en el inmueble allanado, tras una serie de diligencias investigativas en&hellip;\n","protected":false},"author":1,"featured_media":1722,"comment_status":"open","ping_status":"open","sticky":false,"template":"","format":"standard","meta":{"_monsterinsights_skip_tracking":false,"_monsterinsights_sitenote_active":false,"_monsterinsights_sitenote_note":"","_monsterinsights_sitenote_category":0,"footnotes":""},"categories":[5,8],"tags":[],"class_list":{"0":"post-1721","1":"post","2":"type-post","3":"status-publish","4":"format-standard","5":"has-post-thumbnail","7":"category-policial","8":"category-portada"},"aioseo_notices":[],"_links":{"self":[{"href":"https:\/\/www.rengoenlanoticia.cl\/prensa\/wp-json\/wp\/v2\/posts\/1721","targetHints":{"allow":["GET"]}}],"collection":[{"href":"https:\/\/www.rengoenlanoticia.cl\/prensa\/wp-json\/wp\/v2\/posts"}],"about":[{"href":"https:\/\/www.rengoenlanoticia.cl\/prensa\/wp-json\/wp\/v2\/types\/post"}],"author":[{"embeddable":true,"href":"https:\/\/www.rengoenlanoticia.cl\/prensa\/wp-json\/wp\/v2\/users\/1"}],"replies":[{"embeddable":true,"href":"https:\/\/www.rengoenlanoticia.cl\/prensa\/wp-json\/wp\/v2\/comments?post=1721"}],"version-history":[{"count":2,"href":"https:\/\/www.rengoenlanoticia.cl\/prensa\/wp-json\/wp\/v2\/posts\/1721\/revisions"}],"predecessor-version":[{"id":1724,"href":"https:\/\/www.rengoenlanoticia.cl\/prensa\/wp-json\/wp\/v2\/posts\/1721\/revisions\/1724"}],"wp:featuredmedia":[{"embeddable":true,"href":"https:\/\/www.rengoenlanoticia.cl\/prensa\/wp-json\/wp\/v2\/media\/1722"}],"wp:attachment":[{"href":"https:\/\/www.rengoenlanoticia.cl\/prensa\/wp-json\/wp\/v2\/media?parent=1721"}],"wp:term":[{"taxonomy":"category","embeddable":true,"href":"https:\/\/www.rengoenlanoticia.cl\/prensa\/wp-json\/wp\/v2\/categories?post=1721"},{"taxonomy":"post_tag","embeddable":true,"href":"https:\/\/www.rengoenlanoticia.cl\/prensa\/wp-json\/wp\/v2\/tags?post=1721"}],"curies":[{"name":"wp","href":"https:\/\/api.w.org\/{rel}","templated":true}]}}