{"id":1717,"date":"2025-03-07T00:41:32","date_gmt":"2025-03-07T00:41:32","guid":{"rendered":"https:\/\/www.rengoenlanoticia.cl\/prensa\/?p=1717"},"modified":"2025-03-07T00:41:54","modified_gmt":"2025-03-07T00:41:54","slug":"con-respecto-a-la-situacion-del-programa-de-reparacion-de-espina-bifida-el-hospital-dr-franco-ravera-zunino-declara-lo-siguiente","status":"publish","type":"post","link":"https:\/\/www.rengoenlanoticia.cl\/prensa\/2025\/03\/07\/con-respecto-a-la-situacion-del-programa-de-reparacion-de-espina-bifida-el-hospital-dr-franco-ravera-zunino-declara-lo-siguiente\/","title":{"rendered":"Con respecto a la situaci\u00f3n del Programa de Reparaci\u00f3n de Espina B\u00edfida, el Hospital Dr. Franco Ravera Zunino declara lo siguiente:"},"content":{"rendered":"\n<p><\/p>\n\n\n\n<p>El Hospital Dr. Franco Ravera Zunino reafirma su compromiso con la continuidad del&nbsp;<strong>Programa de Reparaci\u00f3n de Espina B\u00edfida<\/strong>, garantizando altos est\u00e1ndares de calidad, seguridad asistencial y gesti\u00f3n administrativa. La colaboraci\u00f3n de un equipo multidisciplinario seguir\u00e1 siendo clave para asegurar la excelencia en la entrega de esta prestaci\u00f3n.<\/p>\n\n\n\n<p>Ante la inquietud ciudadana respecto a una posible suspensi\u00f3n del programa, la directora del hospital,&nbsp;<strong>Alis Catal\u00e1n Araya<\/strong>, asegura que tanto ella como todo el equipo profesional est\u00e1n plenamente comprometidos en mantener la atenci\u00f3n a pacientes con espina b\u00edfida.<\/p>\n\n\n\n<p>Entre las medidas adoptadas, destaca el nombramiento del&nbsp;<strong>Dr. Jos\u00e9 Miguel M<\/strong><strong>\u00fc<\/strong><strong>ller,<\/strong>&nbsp;como coordinador del programa. Su labor estar\u00e1 enfocada en optimizar la programaci\u00f3n de atenciones y fortalecer la formaci\u00f3n de especialistas en esta \u00e1rea.<\/p>\n\n\n\n<p>El objetivo institucional es mejorar los procesos internos para consolidar este programa, que posiciona al&nbsp;<strong>Hospital Dr. Franco Ravera Zunino<\/strong>&nbsp;como referente nacional. En l\u00ednea con este compromiso, y en su rol como hospital docente-asistencial, la instituci\u00f3n enfatiza su responsabilidad en la formaci\u00f3n de m\u00e9dicos gineco-obstetras especializados en esta malformaci\u00f3n cong\u00e9nita, lo que permite prevenir complicaciones como la hidrocefalia.<\/p>\n\n\n\n<p>El&nbsp;<strong>mielomeningocele<\/strong>, tambi\u00e9n conocido como disrafia espinal abierta, afecta a uno de cada 1.000 nacidos vivos y tiene una tasa de mortalidad del 10%. Si bien la cirug\u00eda intrauterina no representa una cura definitiva, s\u00ed reduce a la mitad las m\u00faltiples consecuencias de esta condici\u00f3n. Gracias al trabajo de nuestros equipos multidisciplinarios, muchas familias en Chile han encontrado soluciones y esperanza en nuestro hospital.<\/p>\n","protected":false},"excerpt":{"rendered":"El Hospital Dr. Franco Ravera Zunino reafirma su compromiso con la continuidad del&nbsp;Programa de Reparaci\u00f3n de Espina B\u00edfida,&hellip;\n","protected":false},"author":1,"featured_media":1718,"comment_status":"open","ping_status":"open","sticky":false,"template":"","format":"standard","meta":{"_monsterinsights_skip_tracking":false,"_monsterinsights_sitenote_active":false,"_monsterinsights_sitenote_note":"","_monsterinsights_sitenote_category":0,"footnotes":""},"categories":[8],"tags":[],"class_list":{"0":"post-1717","1":"post","2":"type-post","3":"status-publish","4":"format-standard","5":"has-post-thumbnail","7":"category-portada"},"aioseo_notices":[],"_links":{"self":[{"href":"https:\/\/www.rengoenlanoticia.cl\/prensa\/wp-json\/wp\/v2\/posts\/1717","targetHints":{"allow":["GET"]}}],"collection":[{"href":"https:\/\/www.rengoenlanoticia.cl\/prensa\/wp-json\/wp\/v2\/posts"}],"about":[{"href":"https:\/\/www.rengoenlanoticia.cl\/prensa\/wp-json\/wp\/v2\/types\/post"}],"author":[{"embeddable":true,"href":"https:\/\/www.rengoenlanoticia.cl\/prensa\/wp-json\/wp\/v2\/users\/1"}],"replies":[{"embeddable":true,"href":"https:\/\/www.rengoenlanoticia.cl\/prensa\/wp-json\/wp\/v2\/comments?post=1717"}],"version-history":[{"count":2,"href":"https:\/\/www.rengoenlanoticia.cl\/prensa\/wp-json\/wp\/v2\/posts\/1717\/revisions"}],"predecessor-version":[{"id":1720,"href":"https:\/\/www.rengoenlanoticia.cl\/prensa\/wp-json\/wp\/v2\/posts\/1717\/revisions\/1720"}],"wp:featuredmedia":[{"embeddable":true,"href":"https:\/\/www.rengoenlanoticia.cl\/prensa\/wp-json\/wp\/v2\/media\/1718"}],"wp:attachment":[{"href":"https:\/\/www.rengoenlanoticia.cl\/prensa\/wp-json\/wp\/v2\/media?parent=1717"}],"wp:term":[{"taxonomy":"category","embeddable":true,"href":"https:\/\/www.rengoenlanoticia.cl\/prensa\/wp-json\/wp\/v2\/categories?post=1717"},{"taxonomy":"post_tag","embeddable":true,"href":"https:\/\/www.rengoenlanoticia.cl\/prensa\/wp-json\/wp\/v2\/tags?post=1717"}],"curies":[{"name":"wp","href":"https:\/\/api.w.org\/{rel}","templated":true}]}}