{"id":1559,"date":"2025-02-10T17:03:55","date_gmt":"2025-02-10T17:03:55","guid":{"rendered":"https:\/\/www.rengoenlanoticia.cl\/prensa\/?p=1559"},"modified":"2025-02-10T17:06:05","modified_gmt":"2025-02-10T17:06:05","slug":"cine-al-aire-libre-verano-de-peliculas-acerca-la-cultura-a-diferentes-barrios-de-requinoa","status":"publish","type":"post","link":"https:\/\/www.rengoenlanoticia.cl\/prensa\/2025\/02\/10\/cine-al-aire-libre-verano-de-peliculas-acerca-la-cultura-a-diferentes-barrios-de-requinoa\/","title":{"rendered":"Cine al aire libre: \u00abVerano de Pel\u00edculas\u00bb acerca la cultura a diferentes barrios de Requ\u00ednoa"},"content":{"rendered":"\n<p><\/p>\n\n\n\n<p>Con una gran convocatoria de vecinas y vecinos disfrutando de una noche de cine al aire libre, el ciclo \u00abVerano de Pel\u00edculas 2025\u00bb sigue consolid\u00e1ndose como una iniciativa art\u00edstica fundamental para la comuna. Organizado por el\u00a0<a href=\"https:\/\/www.facebook.com\/profile.php?id=61572225213679\" target=\"_blank\" rel=\"noreferrer noopener\">Centro Cultural Sembrando Magia<\/a>, el evento busca descentralizar el acceso al s\u00e9ptimo arte y promover espacios de encuentro para las familias de los barrios de Requ\u00ednoa.<\/p>\n\n\n\n<figure class=\"wp-block-image size-large\"><img loading=\"lazy\" decoding=\"async\" width=\"1024\" height=\"683\" src=\"https:\/\/www.rengoenlanoticia.cl\/prensa\/wp-content\/uploads\/2025\/02\/06-1024x683.jpg\" alt=\"\" class=\"wp-image-1560\" srcset=\"https:\/\/www.rengoenlanoticia.cl\/prensa\/wp-content\/uploads\/2025\/02\/06-1024x683.jpg 1024w, https:\/\/www.rengoenlanoticia.cl\/prensa\/wp-content\/uploads\/2025\/02\/06-300x200.jpg 300w, https:\/\/www.rengoenlanoticia.cl\/prensa\/wp-content\/uploads\/2025\/02\/06-768x512.jpg 768w, https:\/\/www.rengoenlanoticia.cl\/prensa\/wp-content\/uploads\/2025\/02\/06-1536x1024.jpg 1536w, https:\/\/www.rengoenlanoticia.cl\/prensa\/wp-content\/uploads\/2025\/02\/06-110x73.jpg 110w, https:\/\/www.rengoenlanoticia.cl\/prensa\/wp-content\/uploads\/2025\/02\/06-200x133.jpg 200w, https:\/\/www.rengoenlanoticia.cl\/prensa\/wp-content\/uploads\/2025\/02\/06-380x253.jpg 380w, https:\/\/www.rengoenlanoticia.cl\/prensa\/wp-content\/uploads\/2025\/02\/06-255x170.jpg 255w, https:\/\/www.rengoenlanoticia.cl\/prensa\/wp-content\/uploads\/2025\/02\/06-550x367.jpg 550w, https:\/\/www.rengoenlanoticia.cl\/prensa\/wp-content\/uploads\/2025\/02\/06-800x533.jpg 800w, https:\/\/www.rengoenlanoticia.cl\/prensa\/wp-content\/uploads\/2025\/02\/06-1160x773.jpg 1160w, https:\/\/www.rengoenlanoticia.cl\/prensa\/wp-content\/uploads\/2025\/02\/06.jpg 2048w\" sizes=\"auto, (max-width: 1024px) 100vw, 1024px\" \/><\/figure>\n\n\n\n<p>En esta oportunidad, la sede de la Junta de Vecinos de la Villa Canad\u00e1 fue el punto de encuentro para la exhibici\u00f3n de \u201cEl cad\u00e1ver de la novia\u201d, del reconocido director Tim Burton. La funci\u00f3n estuvo acompa\u00f1ada por una mediaci\u00f3n cinematogr\u00e1fica a cargo del economista y docente de la Universidad de O\u2019Higgins (UOH), Pablo Pe\u00f1a, quien gui\u00f3 una reflexi\u00f3n sobre la pel\u00edcula, su director y su impacto en el p\u00fablico.<\/p>\n\n\n\n<p>Pamela P\u00e9rez, presidenta de la Junta de Vecinos de Villa Canad\u00e1, agradeci\u00f3 la oportunidad de participar en la organizaci\u00f3n del evento, al plantear que \u00abnos alegra que iniciativas como esta lleguen a nuestros barrios, porque generan momentos de encuentro para las familias y fortalecen la vida comunitaria. Recuperar los espacios p\u00fablicos con actividades culturales es una manera de construir comunidad y fomentar la participaci\u00f3n de nuestros vecinos y vecinas\u201d.<\/p>\n\n\n\n<p>El exitoso ciclo \u00abVerano de Pel\u00edculas 2025\u00bb presenta un recorrido cinematogr\u00e1fico por los mundos \u00fanicos de afamados directores internacionales, con funciones gratuitas los s\u00e1bados del verano, hasta el 22 de febrero, en distintos sectores de la comuna.<\/p>\n\n\n\n<p>Esta iniciativa ha sido posible gracias al apoyo de empresas comprometidas con la cultura y el desarrollo local, tales como M\u00e1ximo Pensador, Espacio Ananda, Taiko Sushi,&nbsp; Caf\u00e9 La Romal\u00eda y Restobar La Estaci\u00f3n, cuyo respaldo ha permitido acercar esta experiencia cinematogr\u00e1fica de manera gratuita a diversos sectores de la comuna.<br>\u00abVerano de Pel\u00edculas 2025\u00bb es una invitaci\u00f3n a disfrutar del cine en comunidad, haciendo uso de los espacios p\u00fablicos para generar encuentros que fortalezcan la vida barrial y el acceso a la cultura en diferentes sectores y segmentos de la poblaci\u00f3n. Para obtener m\u00e1s informaci\u00f3n sobre esta iniciativa, puedes seguir las redes sociales del&nbsp;<a href=\"https:\/\/www.facebook.com\/profile.php?id=61572225213679\" target=\"_blank\" rel=\"noreferrer noopener\">Centro Cultural Sembrando Magia.<\/a><\/p>\n","protected":false},"excerpt":{"rendered":"Con una gran convocatoria de vecinas y vecinos disfrutando de una noche de cine al aire libre, el&hellip;\n","protected":false},"author":1,"featured_media":1561,"comment_status":"open","ping_status":"open","sticky":false,"template":"","format":"standard","meta":{"_monsterinsights_skip_tracking":false,"_monsterinsights_sitenote_active":false,"_monsterinsights_sitenote_note":"","_monsterinsights_sitenote_category":0,"footnotes":""},"categories":[8],"tags":[],"class_list":{"0":"post-1559","1":"post","2":"type-post","3":"status-publish","4":"format-standard","5":"has-post-thumbnail","7":"category-portada"},"aioseo_notices":[],"_links":{"self":[{"href":"https:\/\/www.rengoenlanoticia.cl\/prensa\/wp-json\/wp\/v2\/posts\/1559","targetHints":{"allow":["GET"]}}],"collection":[{"href":"https:\/\/www.rengoenlanoticia.cl\/prensa\/wp-json\/wp\/v2\/posts"}],"about":[{"href":"https:\/\/www.rengoenlanoticia.cl\/prensa\/wp-json\/wp\/v2\/types\/post"}],"author":[{"embeddable":true,"href":"https:\/\/www.rengoenlanoticia.cl\/prensa\/wp-json\/wp\/v2\/users\/1"}],"replies":[{"embeddable":true,"href":"https:\/\/www.rengoenlanoticia.cl\/prensa\/wp-json\/wp\/v2\/comments?post=1559"}],"version-history":[{"count":2,"href":"https:\/\/www.rengoenlanoticia.cl\/prensa\/wp-json\/wp\/v2\/posts\/1559\/revisions"}],"predecessor-version":[{"id":1563,"href":"https:\/\/www.rengoenlanoticia.cl\/prensa\/wp-json\/wp\/v2\/posts\/1559\/revisions\/1563"}],"wp:featuredmedia":[{"embeddable":true,"href":"https:\/\/www.rengoenlanoticia.cl\/prensa\/wp-json\/wp\/v2\/media\/1561"}],"wp:attachment":[{"href":"https:\/\/www.rengoenlanoticia.cl\/prensa\/wp-json\/wp\/v2\/media?parent=1559"}],"wp:term":[{"taxonomy":"category","embeddable":true,"href":"https:\/\/www.rengoenlanoticia.cl\/prensa\/wp-json\/wp\/v2\/categories?post=1559"},{"taxonomy":"post_tag","embeddable":true,"href":"https:\/\/www.rengoenlanoticia.cl\/prensa\/wp-json\/wp\/v2\/tags?post=1559"}],"curies":[{"name":"wp","href":"https:\/\/api.w.org\/{rel}","templated":true}]}}