{"id":1473,"date":"2025-02-05T15:12:16","date_gmt":"2025-02-05T15:12:16","guid":{"rendered":"https:\/\/www.rengoenlanoticia.cl\/prensa\/?p=1473"},"modified":"2025-02-05T15:13:28","modified_gmt":"2025-02-05T15:13:28","slug":"carabineros-rengo-5-sujetos-por-ordenes-pendiente-entre-ellos-una-por-violacion","status":"publish","type":"post","link":"https:\/\/www.rengoenlanoticia.cl\/prensa\/2025\/02\/05\/carabineros-rengo-5-sujetos-por-ordenes-pendiente-entre-ellos-una-por-violacion\/","title":{"rendered":"Carabineros Rengo  detiene a 5 sujetos por \u00f3rdenes pendiente entre ellos una por violaci\u00f3n"},"content":{"rendered":"\n<p><\/p>\n\n\n\n<p>Personal de la 4ta Comisaria de Rengo, realizando patrullajes preventivos en distintos sectores de Rengo, procedieron a fiscalizar y detener a 05 sujetos por ordenes de aprehension vigentes, teniendo uno individualizado con las iniciales J.A.M.M., de 50 a\u00f1os, chileno, quien manten\u00eda una orden de detenci\u00f3n vigente, por el delito Violaci\u00f3n a mayor de 14.<\/p>\n\n\n\n<p>La fiscal\u00eda Local de Rengo, instruye que los cinco detenidos pasen al 1er. Control de Detenci\u00f3n.<\/p>\n\n\n\n<p>\u00abCarabineros de la 4ta Comisaria de Rengo, hace un llamado a la comunidad a continuar trabajando en conjunto denunciando y por sobre todo autocuidado\u00bb<\/p>\n","protected":false},"excerpt":{"rendered":"Personal de la 4ta Comisaria de Rengo, realizando patrullajes preventivos en distintos sectores de Rengo, procedieron a fiscalizar&hellip;\n","protected":false},"author":1,"featured_media":1474,"comment_status":"open","ping_status":"open","sticky":false,"template":"","format":"standard","meta":{"_monsterinsights_skip_tracking":false,"_monsterinsights_sitenote_active":false,"_monsterinsights_sitenote_note":"","_monsterinsights_sitenote_category":0,"footnotes":""},"categories":[5],"tags":[],"class_list":{"0":"post-1473","1":"post","2":"type-post","3":"status-publish","4":"format-standard","5":"has-post-thumbnail","7":"category-policial"},"aioseo_notices":[],"_links":{"self":[{"href":"https:\/\/www.rengoenlanoticia.cl\/prensa\/wp-json\/wp\/v2\/posts\/1473","targetHints":{"allow":["GET"]}}],"collection":[{"href":"https:\/\/www.rengoenlanoticia.cl\/prensa\/wp-json\/wp\/v2\/posts"}],"about":[{"href":"https:\/\/www.rengoenlanoticia.cl\/prensa\/wp-json\/wp\/v2\/types\/post"}],"author":[{"embeddable":true,"href":"https:\/\/www.rengoenlanoticia.cl\/prensa\/wp-json\/wp\/v2\/users\/1"}],"replies":[{"embeddable":true,"href":"https:\/\/www.rengoenlanoticia.cl\/prensa\/wp-json\/wp\/v2\/comments?post=1473"}],"version-history":[{"count":2,"href":"https:\/\/www.rengoenlanoticia.cl\/prensa\/wp-json\/wp\/v2\/posts\/1473\/revisions"}],"predecessor-version":[{"id":1476,"href":"https:\/\/www.rengoenlanoticia.cl\/prensa\/wp-json\/wp\/v2\/posts\/1473\/revisions\/1476"}],"wp:featuredmedia":[{"embeddable":true,"href":"https:\/\/www.rengoenlanoticia.cl\/prensa\/wp-json\/wp\/v2\/media\/1474"}],"wp:attachment":[{"href":"https:\/\/www.rengoenlanoticia.cl\/prensa\/wp-json\/wp\/v2\/media?parent=1473"}],"wp:term":[{"taxonomy":"category","embeddable":true,"href":"https:\/\/www.rengoenlanoticia.cl\/prensa\/wp-json\/wp\/v2\/categories?post=1473"},{"taxonomy":"post_tag","embeddable":true,"href":"https:\/\/www.rengoenlanoticia.cl\/prensa\/wp-json\/wp\/v2\/tags?post=1473"}],"curies":[{"name":"wp","href":"https:\/\/api.w.org\/{rel}","templated":true}]}}