{"id":1465,"date":"2025-02-05T15:13:18","date_gmt":"2025-02-05T15:13:18","guid":{"rendered":"https:\/\/www.rengoenlanoticia.cl\/prensa\/?p=1465"},"modified":"2025-02-05T16:12:22","modified_gmt":"2025-02-05T16:12:22","slug":"hemos-logrado-algo-que-parecia-imposible-una-reforma-previsional-de-caracter-mixta-justa-y-equitativa","status":"publish","type":"post","link":"https:\/\/www.rengoenlanoticia.cl\/prensa\/2025\/02\/05\/hemos-logrado-algo-que-parecia-imposible-una-reforma-previsional-de-caracter-mixta-justa-y-equitativa\/","title":{"rendered":"\u201cHemos logrado algo que parec\u00eda imposible, una reforma previsional de car\u00e1cter mixta, justa y equitativa\u201d"},"content":{"rendered":"\n<p><\/p>\n\n\n\n<p>Indic\u00f3 Delegada Presidencial de O\u2019Higgins (s) acompa\u00f1ada del seremi del Trabajo y Previsi\u00f3n Social y parlamentarios de la zona, durante un desayuno y di\u00e1logo con dirigentes de los beneficiarios, que en la regi\u00f3n superan las 104.400 personas.<\/p>\n\n\n\n<p>Con el objetivo de abordar los alcances y fechas relevantes de la recientemente aprobada Reforma Previsional, norma con la que Chile podr\u00e1 ver una mejora significativa en las pensiones en el corto plazo, autoridades de Gobierno junto a parlamentarios de la regi\u00f3n de O\u2019Higgins, sostuvieron un desayuno y di\u00e1logo con dirigentes de pensionadas y pensionados de Rancagua.<\/p>\n\n\n\n<p>La Delegada Presidencial de O\u2019Higgins (s), Marta Pizarro, acompa\u00f1ada del seremi del Trabajo y Previsi\u00f3n Social, Jaime Chamorro; el director Regional IPS (s), Mario S\u00e1nchez; el senador Juan Luis Castro; la diputada Marcela Riquelme y el Diputado Ra\u00fal Soto, adem\u00e1s de representantes de los Senadores Javier Macaya y Alejandra Sep\u00falveda, y de las Diputadas Natalia Romero y Marta Gonz\u00e1lez, destac\u00f3 \u201cel compromiso de todos quienes hicieron posible esta reforma, porque para nosotros, como gobierno, es muy importante decir hoy que al fin logramos la reforma previsional, a trav\u00e9s de este acuerdo transversal, que era algo tan sentido por las personas mayores de todo el territorio y, por supuesto, en nuestra regi\u00f3n de O\u2019Higgins\u201d.<\/p>\n\n\n\n<figure class=\"wp-block-image size-large\"><img loading=\"lazy\" decoding=\"async\" width=\"1024\" height=\"576\" src=\"https:\/\/www.rengoenlanoticia.cl\/prensa\/wp-content\/uploads\/2025\/02\/reforma_previsional-2-1-1024x576.jpeg\" alt=\"\" class=\"wp-image-1482\" srcset=\"https:\/\/www.rengoenlanoticia.cl\/prensa\/wp-content\/uploads\/2025\/02\/reforma_previsional-2-1-1024x576.jpeg 1024w, https:\/\/www.rengoenlanoticia.cl\/prensa\/wp-content\/uploads\/2025\/02\/reforma_previsional-2-1-300x169.jpeg 300w, https:\/\/www.rengoenlanoticia.cl\/prensa\/wp-content\/uploads\/2025\/02\/reforma_previsional-2-1-768x432.jpeg 768w, https:\/\/www.rengoenlanoticia.cl\/prensa\/wp-content\/uploads\/2025\/02\/reforma_previsional-2-1-110x62.jpeg 110w, https:\/\/www.rengoenlanoticia.cl\/prensa\/wp-content\/uploads\/2025\/02\/reforma_previsional-2-1-200x113.jpeg 200w, https:\/\/www.rengoenlanoticia.cl\/prensa\/wp-content\/uploads\/2025\/02\/reforma_previsional-2-1-380x214.jpeg 380w, https:\/\/www.rengoenlanoticia.cl\/prensa\/wp-content\/uploads\/2025\/02\/reforma_previsional-2-1-255x143.jpeg 255w, https:\/\/www.rengoenlanoticia.cl\/prensa\/wp-content\/uploads\/2025\/02\/reforma_previsional-2-1-550x309.jpeg 550w, https:\/\/www.rengoenlanoticia.cl\/prensa\/wp-content\/uploads\/2025\/02\/reforma_previsional-2-1-800x450.jpeg 800w, https:\/\/www.rengoenlanoticia.cl\/prensa\/wp-content\/uploads\/2025\/02\/reforma_previsional-2-1-1160x653.jpeg 1160w, https:\/\/www.rengoenlanoticia.cl\/prensa\/wp-content\/uploads\/2025\/02\/reforma_previsional-2-1.jpeg 1280w\" sizes=\"auto, (max-width: 1024px) 100vw, 1024px\" \/><\/figure>\n\n\n\n<p>En el mismo tenor, la DPR (s) valor\u00f3 que \u201chemos logrado, algo que parec\u00eda imposible, una reforma previsional de car\u00e1cter mixta, justa y equitativa, sobre todo para las mujeres del territorio\u201d, dijo a\u00f1adiendo que&nbsp; \u201cesta nueva reforma previsional marca un antes y un despu\u00e9s, puesto que, por primera vez, el empleador tambi\u00e9n se har\u00e1 cargo del 7% adicional que apunta, precisamente, a fortalecer las pensiones de los jubilados y las jubiladas y tambi\u00e9n de quienes est\u00e1n pr\u00f3ximos a jubilar\u201d.<\/p>\n\n\n\n<p>Por su parte, el Seremi del Trabajo y Previsi\u00f3n Social, Jaime Chamorro, indic\u00f3 que \u201cla reforma de pensiones mejora las pensiones actuales y futuras de los pensionados y pensionadas, especialmente de las mujeres, a trav\u00e9s de c\u00f3mo dijo nuestra Delegada, de la nueva cotizaci\u00f3n del 7%, que es de cargo del empleador y que se aplica con gradualidad. En segundo lugar, la compensaci\u00f3n para las mujeres por tener mayor expectativa de vida. Y en tercer lugar, con la bonificaci\u00f3n por cada a\u00f1o que se cotice, bonificaci\u00f3n que es de 0,1 UF, es decir que si cotiza 10 a\u00f1os va a llevar 1 UF en cada liquidaci\u00f3n de pensiones, si cotiza 20 a\u00f1os va a llevar 2 UF en cada liquidaci\u00f3n de pensiones\u201d.<\/p>\n\n\n\n<p>Asimismo, el Secretario Ministerial abord\u00f3 el panorama en la regi\u00f3n de O&#8217;Higgins, \u201cdonde 104.440 pensionados y pensionadas son beneficiarios directos de esta reforma de pensiones. A ellos les va a beneficiar pr\u00f3ximamente, puesto que en septiembre de este a\u00f1o se produce la primera alza, alza que llegar\u00e1 a quienes reciben la Pensi\u00f3n Garantizada Universal (PGU), que asciende a 250.000 pesos para el grupo preferente\u201d.<\/p>\n\n\n\n<p>La autoridad explic\u00f3 que \u201cel promedio de las pensiones en la Regi\u00f3n de O&#8217;Higgins va a ascender en un 19%, y esta alza beneficia especialmente a las mujeres, pues el monto para ellas subir\u00e1 en promedio 69 mil pesos. Todos estos datos son conforme a las proyecciones de la Superintendencia de Pensiones y adem\u00e1s son alzas que van en armon\u00eda con lo enfatizado por el Presidente Boric en cuanto a que esta reforma tiene rostro de mujer. De esta forma se cumple con el esp\u00edritu de la reforma, que es mejorar las pensiones actuales y futuras, especialmente a las mujeres\u201d.<\/p>\n\n\n\n<figure class=\"wp-block-image size-large\"><img loading=\"lazy\" decoding=\"async\" width=\"1024\" height=\"768\" src=\"https:\/\/www.rengoenlanoticia.cl\/prensa\/wp-content\/uploads\/2025\/02\/reforma_previsional-3-1024x768.jpeg\" alt=\"\" class=\"wp-image-1480\" srcset=\"https:\/\/www.rengoenlanoticia.cl\/prensa\/wp-content\/uploads\/2025\/02\/reforma_previsional-3-1024x768.jpeg 1024w, https:\/\/www.rengoenlanoticia.cl\/prensa\/wp-content\/uploads\/2025\/02\/reforma_previsional-3-300x225.jpeg 300w, https:\/\/www.rengoenlanoticia.cl\/prensa\/wp-content\/uploads\/2025\/02\/reforma_previsional-3-768x576.jpeg 768w, https:\/\/www.rengoenlanoticia.cl\/prensa\/wp-content\/uploads\/2025\/02\/reforma_previsional-3-110x83.jpeg 110w, https:\/\/www.rengoenlanoticia.cl\/prensa\/wp-content\/uploads\/2025\/02\/reforma_previsional-3-200x150.jpeg 200w, https:\/\/www.rengoenlanoticia.cl\/prensa\/wp-content\/uploads\/2025\/02\/reforma_previsional-3-380x285.jpeg 380w, https:\/\/www.rengoenlanoticia.cl\/prensa\/wp-content\/uploads\/2025\/02\/reforma_previsional-3-255x191.jpeg 255w, https:\/\/www.rengoenlanoticia.cl\/prensa\/wp-content\/uploads\/2025\/02\/reforma_previsional-3-550x413.jpeg 550w, https:\/\/www.rengoenlanoticia.cl\/prensa\/wp-content\/uploads\/2025\/02\/reforma_previsional-3-800x600.jpeg 800w, https:\/\/www.rengoenlanoticia.cl\/prensa\/wp-content\/uploads\/2025\/02\/reforma_previsional-3-1160x870.jpeg 1160w, https:\/\/www.rengoenlanoticia.cl\/prensa\/wp-content\/uploads\/2025\/02\/reforma_previsional-3.jpeg 1280w\" sizes=\"auto, (max-width: 1024px) 100vw, 1024px\" \/><\/figure>\n\n\n\n<p>Finalmente, la Presidenta de la Asociaci\u00f3n de Pensionados de Cachapoal, Misela Monsalves, quien particip\u00f3 del encuentro junto a numerosos dirigentes de otras agrupaciones, como Uni\u00f3n Comunal del Adulto Mayor de Rancagua y COSOC de IPS, destac\u00f3 la relevancia de la aprobaci\u00f3n de la reforma para las y los pensionados, \u201cen especial porque esta reforma tiene como han dicho, rostro de mujer y por ello agradecemos a la ministra Jara y a todos los parlamentarios que se la juzgaron\u201d.<\/p>\n\n\n\n<p><\/p>\n","protected":false},"excerpt":{"rendered":"Indic\u00f3 Delegada Presidencial de O\u2019Higgins (s) acompa\u00f1ada del seremi del Trabajo y Previsi\u00f3n Social y parlamentarios de la&hellip;\n","protected":false},"author":1,"featured_media":1478,"comment_status":"open","ping_status":"open","sticky":false,"template":"","format":"standard","meta":{"_monsterinsights_skip_tracking":false,"_monsterinsights_sitenote_active":false,"_monsterinsights_sitenote_note":"","_monsterinsights_sitenote_category":0,"footnotes":""},"categories":[8],"tags":[],"class_list":{"0":"post-1465","1":"post","2":"type-post","3":"status-publish","4":"format-standard","5":"has-post-thumbnail","7":"category-portada"},"aioseo_notices":[],"_links":{"self":[{"href":"https:\/\/www.rengoenlanoticia.cl\/prensa\/wp-json\/wp\/v2\/posts\/1465","targetHints":{"allow":["GET"]}}],"collection":[{"href":"https:\/\/www.rengoenlanoticia.cl\/prensa\/wp-json\/wp\/v2\/posts"}],"about":[{"href":"https:\/\/www.rengoenlanoticia.cl\/prensa\/wp-json\/wp\/v2\/types\/post"}],"author":[{"embeddable":true,"href":"https:\/\/www.rengoenlanoticia.cl\/prensa\/wp-json\/wp\/v2\/users\/1"}],"replies":[{"embeddable":true,"href":"https:\/\/www.rengoenlanoticia.cl\/prensa\/wp-json\/wp\/v2\/comments?post=1465"}],"version-history":[{"count":3,"href":"https:\/\/www.rengoenlanoticia.cl\/prensa\/wp-json\/wp\/v2\/posts\/1465\/revisions"}],"predecessor-version":[{"id":1484,"href":"https:\/\/www.rengoenlanoticia.cl\/prensa\/wp-json\/wp\/v2\/posts\/1465\/revisions\/1484"}],"wp:featuredmedia":[{"embeddable":true,"href":"https:\/\/www.rengoenlanoticia.cl\/prensa\/wp-json\/wp\/v2\/media\/1478"}],"wp:attachment":[{"href":"https:\/\/www.rengoenlanoticia.cl\/prensa\/wp-json\/wp\/v2\/media?parent=1465"}],"wp:term":[{"taxonomy":"category","embeddable":true,"href":"https:\/\/www.rengoenlanoticia.cl\/prensa\/wp-json\/wp\/v2\/categories?post=1465"},{"taxonomy":"post_tag","embeddable":true,"href":"https:\/\/www.rengoenlanoticia.cl\/prensa\/wp-json\/wp\/v2\/tags?post=1465"}],"curies":[{"name":"wp","href":"https:\/\/api.w.org\/{rel}","templated":true}]}}