{"id":1458,"date":"2025-02-04T22:40:38","date_gmt":"2025-02-04T22:40:38","guid":{"rendered":"https:\/\/www.rengoenlanoticia.cl\/prensa\/?p=1458"},"modified":"2025-02-04T22:47:20","modified_gmt":"2025-02-04T22:47:20","slug":"hospital-dr-franco-ravera-conmemoro-el-dia-mundial-contra-el-cancer","status":"publish","type":"post","link":"https:\/\/www.rengoenlanoticia.cl\/prensa\/2025\/02\/04\/hospital-dr-franco-ravera-conmemoro-el-dia-mundial-contra-el-cancer\/","title":{"rendered":"Hospital Dr. Franco Ravera conmemor\u00f3 el D\u00eda Mundial contra el c\u00e1ncer"},"content":{"rendered":"\n<p>El centro de salud reflexion\u00f3 en torno a la educaci\u00f3n y la toma de conciencia sobre la enfermedad, como elementos que promueven su disminuci\u00f3n y mejoran la vida de quienes la padecen.<\/p>\n\n\n\n<p>De acuerdo con lo informado por la Organizaci\u00f3n Mundial de la Salud (OMS), el c\u00e1ncer es la principal causa de muerte en el mundo, y aun cuando se ha observado de forma global, una aparici\u00f3n m\u00e1s temprana en la poblaci\u00f3n adulta, en edades inferiores a los 50 a\u00f1os, el organismo de las Naciones Unidas, indic\u00f3 que es posible reducir la carga de morbimortalidad (tasa de muerte por enfermedad en una poblaci\u00f3n y un periodo de tiempo determinado) por la patolog\u00eda, aminorando factores de riesgo y, aplicando estrategias preventivas evidenciables. La educaci\u00f3n y la capacidad de sensibilizar a la comunidad frente a la enfermedad y su amplio impacto, ser\u00edan, en ese contexto, instrumentos claves para el Hospital Dr. Franco Ravera Zunino (HFRZ), en el desaf\u00edo que implica la lucha contra este mal.<\/p>\n\n\n\n<p>\u00a0Educar a las personas respecto al c\u00e1ncer, es un llamado a tomar conciencia, pero tambi\u00e9n a ver a la enfermedad con otra mirada. Nuestro rol en ese aspecto, m\u00e1s all\u00e1 de lo cl\u00ednico, es de formador, concientizador. Algunos tipos de c\u00e1ncer con met\u00e1stasis o sin ellas incluso, no son necesariamente mortales, tienen una alta tasa de curaci\u00f3n\u201d, se\u00f1al\u00f3 el Dr. Pablo Garrido, m\u00e9dico onc\u00f3logo, jefe del Departamento de Oncolog\u00eda del HFRZ, agregando que \u201cpor otra parte, gracias a la tecnolog\u00eda hemos avanzado a tal punto, que hoy podemos captar a pacientes con c\u00e1ncer metast\u00e1sico de pulm\u00f3n o de mama por ejemplo, que son bastante comunes, y tratarlos de manera m\u00e1s espec\u00edfica y eficiente, posibilit\u00e1ndoles una mayor expectativa de vida, con medicamentos ajustados a sus necesidades, para que no vean alterada su rutina diaria y\u00a0 sientan bienestar\u201d.<\/p>\n\n\n\n<figure class=\"wp-block-image size-large\"><img decoding=\"async\" src=\"https:\/\/www.rengoenlanoticia.cl\/prensa\/wp-content\/uploads\/2025\/02\/IMG_0453-copia-1024x683.jpg\" alt=\"\" class=\"wp-image-1459\"\/><\/figure>\n\n\n\n<p>A lo anterior, el Dr. Garrido agreg\u00f3 que \u201cen general, la comunidad ve el c\u00e1ncer, en todos sus tipos, como algo muy negativo, pero muchas veces se trata de falta de informaci\u00f3n. Si los orientamos correctamente, asimismo a los equipos de salud de otras \u00e1reas, estaremos aportando no s\u00f3lo a cambiar la actitud, sino a enfrentarlo de mejor manera. &nbsp;Entre m\u00e1s precoz sea el diagn\u00f3stico, mejor ser\u00e1 el tratamiento y mejores ser\u00e1n tambi\u00e9n las esperanzas de sobrevida\u201d.<\/p>\n\n\n\n<p>En esa l\u00ednea, el jefe del Departamento de Oncolog\u00eda del HFRZ indic\u00f3 que \u201ces importante invitar a las personas a que mantengan h\u00e1bitos saludables, a que eviten factores de riesgo modificables, como son el consumo excesivo de grasas y calor\u00edas, el tabaco, el alcohol, el sedentarismo, la sobrexposici\u00f3n solar, explicarles sobre la incidencia que \u00e9stos tienen en la aparici\u00f3n de c\u00e1ncer. Adem\u00e1s, guiarlas en cuanto a sus controles m\u00e9dicos preventivos, ojal\u00e1, desde los 45 a\u00f1os en adelante. En nuestro hospital, los c\u00e1nceres que se han tornado m\u00e1s frecuentes son el de pr\u00f3stata, de mama, los digestivos como el g\u00e1strico y de colon, por lo que es primordial concientizar a la poblaci\u00f3n, a que lleven a cabo los chequeos pertinentes desde la Atenci\u00f3n Primaria de Salud (APS)\u201d.<\/p>\n\n\n\n<p>El Dr. Pablo Garrido puntualiz\u00f3 que \u201chacer las respectivas ecograf\u00edas y\/o ecomamarias bilaterales en las mujeres, no esperar a palpar un bulto o masa en las mamas para llegar ac\u00e1 es inminente, ya que en ese sentido actuamos tarde. Tener presente que las deposiciones con sangre no son normales, que los cambios abruptos de peso, la fatiga, cambios en la forma de lunares o la piel tampoco, que hay que prevenir, que ante la presencia de uno o m\u00e1s s\u00edntomas inusuales, se debe actuar y hacer un primer screanning en el Cesfam, para que sean derivados -a tiempo- con nosotros\u201d.<\/p>\n\n\n\n<figure class=\"wp-block-image size-large\"><img loading=\"lazy\" decoding=\"async\" width=\"1024\" height=\"683\" src=\"https:\/\/www.rengoenlanoticia.cl\/prensa\/wp-content\/uploads\/2025\/02\/IMG_0468-copia-1024x683.jpg\" alt=\"\" class=\"wp-image-1461\" srcset=\"https:\/\/www.rengoenlanoticia.cl\/prensa\/wp-content\/uploads\/2025\/02\/IMG_0468-copia-1024x683.jpg 1024w, https:\/\/www.rengoenlanoticia.cl\/prensa\/wp-content\/uploads\/2025\/02\/IMG_0468-copia-300x200.jpg 300w, https:\/\/www.rengoenlanoticia.cl\/prensa\/wp-content\/uploads\/2025\/02\/IMG_0468-copia-768x512.jpg 768w, https:\/\/www.rengoenlanoticia.cl\/prensa\/wp-content\/uploads\/2025\/02\/IMG_0468-copia-1536x1024.jpg 1536w, https:\/\/www.rengoenlanoticia.cl\/prensa\/wp-content\/uploads\/2025\/02\/IMG_0468-copia-2048x1365.jpg 2048w, https:\/\/www.rengoenlanoticia.cl\/prensa\/wp-content\/uploads\/2025\/02\/IMG_0468-copia-110x73.jpg 110w, https:\/\/www.rengoenlanoticia.cl\/prensa\/wp-content\/uploads\/2025\/02\/IMG_0468-copia-200x133.jpg 200w, https:\/\/www.rengoenlanoticia.cl\/prensa\/wp-content\/uploads\/2025\/02\/IMG_0468-copia-380x253.jpg 380w, https:\/\/www.rengoenlanoticia.cl\/prensa\/wp-content\/uploads\/2025\/02\/IMG_0468-copia-255x170.jpg 255w, https:\/\/www.rengoenlanoticia.cl\/prensa\/wp-content\/uploads\/2025\/02\/IMG_0468-copia-550x367.jpg 550w, https:\/\/www.rengoenlanoticia.cl\/prensa\/wp-content\/uploads\/2025\/02\/IMG_0468-copia-800x533.jpg 800w, https:\/\/www.rengoenlanoticia.cl\/prensa\/wp-content\/uploads\/2025\/02\/IMG_0468-copia-1160x773.jpg 1160w, https:\/\/www.rengoenlanoticia.cl\/prensa\/wp-content\/uploads\/2025\/02\/IMG_0468-copia-scaled.jpg 2560w\" sizes=\"auto, (max-width: 1024px) 100vw, 1024px\" \/><\/figure>\n\n\n\n<p><strong><em>C\u00f3mo avanza el hospital<\/em><\/strong><\/p>\n\n\n\n<p>El especialista del HFRZ, subray\u00f3 finalmente que \u201cnuestro Departamento de Oncolog\u00eda, dividido en Oncolog\u00eda M\u00e9dica, Hematolog\u00eda, Alivio del Dolor y Cuidados Paliativos, trabaja para favorecer el bienestar de pacientes que sospechan o cursan c\u00e1ncer, entreg\u00e1ndoles la informaci\u00f3n y &nbsp;herramientas necesarias con una visi\u00f3n integral, disponemos de m\u00e9dicos onc\u00f3logos y m\u00e9dico internista que apoya los controles de quimioterapia, excelentes equipos de resonancia magn\u00e9tica, esc\u00e1neres, para buscar la presencia de la patolog\u00eda ante la m\u00ednima &nbsp;sospecha y sintomatolog\u00eda asociada. Nuestros pat\u00f3logos realizan diagn\u00f3sticos diferenciales a partir de la toma de biopsias, usando m\u00e9todos inmunohistoqu\u00edmicos, manteniendo una buena coordinaci\u00f3n con la Unidad de Anatom\u00eda Patol\u00f3gica, para afrontar las distintas mutaciones cancer\u00edgenas y brindar una terapia especifica, acorde a la mutaci\u00f3n, en un tiempo acotado. Desde este a\u00f1o marcamos, asimismo, nuestro rol formador, porque sabemos el impacto que tiene hacia el futuro y en la progresi\u00f3n del c\u00e1ncer. Hoy estamos entregando nuestro conocimiento en oncolog\u00eda a estudiantes de pregrado de carreras de la salud, con una interesante rotaci\u00f3n desde la Universidad O\u2019Higgins (UOH), lo que nos enorgullece\u201d.<\/p>\n","protected":false},"excerpt":{"rendered":"El centro de salud reflexion\u00f3 en torno a la educaci\u00f3n y la toma de conciencia sobre la enfermedad,&hellip;\n","protected":false},"author":1,"featured_media":1460,"comment_status":"open","ping_status":"open","sticky":false,"template":"","format":"standard","meta":{"_monsterinsights_skip_tracking":false,"_monsterinsights_sitenote_active":false,"_monsterinsights_sitenote_note":"","_monsterinsights_sitenote_category":0,"footnotes":""},"categories":[8],"tags":[],"class_list":{"0":"post-1458","1":"post","2":"type-post","3":"status-publish","4":"format-standard","5":"has-post-thumbnail","7":"category-portada"},"aioseo_notices":[],"_links":{"self":[{"href":"https:\/\/www.rengoenlanoticia.cl\/prensa\/wp-json\/wp\/v2\/posts\/1458","targetHints":{"allow":["GET"]}}],"collection":[{"href":"https:\/\/www.rengoenlanoticia.cl\/prensa\/wp-json\/wp\/v2\/posts"}],"about":[{"href":"https:\/\/www.rengoenlanoticia.cl\/prensa\/wp-json\/wp\/v2\/types\/post"}],"author":[{"embeddable":true,"href":"https:\/\/www.rengoenlanoticia.cl\/prensa\/wp-json\/wp\/v2\/users\/1"}],"replies":[{"embeddable":true,"href":"https:\/\/www.rengoenlanoticia.cl\/prensa\/wp-json\/wp\/v2\/comments?post=1458"}],"version-history":[{"count":1,"href":"https:\/\/www.rengoenlanoticia.cl\/prensa\/wp-json\/wp\/v2\/posts\/1458\/revisions"}],"predecessor-version":[{"id":1462,"href":"https:\/\/www.rengoenlanoticia.cl\/prensa\/wp-json\/wp\/v2\/posts\/1458\/revisions\/1462"}],"wp:featuredmedia":[{"embeddable":true,"href":"https:\/\/www.rengoenlanoticia.cl\/prensa\/wp-json\/wp\/v2\/media\/1460"}],"wp:attachment":[{"href":"https:\/\/www.rengoenlanoticia.cl\/prensa\/wp-json\/wp\/v2\/media?parent=1458"}],"wp:term":[{"taxonomy":"category","embeddable":true,"href":"https:\/\/www.rengoenlanoticia.cl\/prensa\/wp-json\/wp\/v2\/categories?post=1458"},{"taxonomy":"post_tag","embeddable":true,"href":"https:\/\/www.rengoenlanoticia.cl\/prensa\/wp-json\/wp\/v2\/tags?post=1458"}],"curies":[{"name":"wp","href":"https:\/\/api.w.org\/{rel}","templated":true}]}}