{"id":1443,"date":"2025-02-04T22:41:48","date_gmt":"2025-02-04T22:41:48","guid":{"rendered":"https:\/\/www.rengoenlanoticia.cl\/prensa\/?p=1443"},"modified":"2025-02-04T22:47:41","modified_gmt":"2025-02-04T22:47:41","slug":"margarita-yercic-bravo-asumio-como-nueva-directora-del-hospital-de-rengo","status":"publish","type":"post","link":"https:\/\/www.rengoenlanoticia.cl\/prensa\/2025\/02\/04\/margarita-yercic-bravo-asumio-como-nueva-directora-del-hospital-de-rengo\/","title":{"rendered":"Margarita Yercic Bravo asumi\u00f3 como nueva directora del Hospital de Rengo"},"content":{"rendered":"\n<p>\u00a0Enfermera\u00a0de la Universidad de Magallanes, Mag\u00edster en Administraci\u00f3n y Gesti\u00f3n de Instituciones de Salud, con\u00a0m\u00e1s de 30 a\u00f1os de trayectoria, asume por Alta Direcci\u00f3n P\u00fablica el mando del Hospital Ricardo Valenzuela S\u00e1ez.<\/p>\n\n\n\n<p>Con la presencia del director (s) del Servicio de Salud, directivos, representantes de asociaciones gremiales, del Consejo de Desarrollo, jefes y encargados de servicios y unidades de apoyo del centro asistencial renguino, asumi\u00f3 hoy por concurso de Alta Direcci\u00f3n P\u00fablica, la nueva directora del Hospital Ricardo Valenzuela S\u00e1ez de Rengo.\u00a0 Se trata de Margarita Yercic Bravo, enfermera\u00a0de la Universidad de Magallanes, Mag\u00edster en Administraci\u00f3n y Gesti\u00f3n de Instituciones de Salud, quien posee m\u00e1s de 30 a\u00f1os de trayectoria en el \u00e1rea de la salud.\u00a0 Destaca su trabajo como Subdirectora de Gesti\u00f3n del Cuidado en el Complejo Asistencial Dr. S\u00f3tero del R\u00edo y su labor como Gerente de Concesiones en el Hospital Dra. Elo\u00edsa D\u00edaz de La Florida.<\/p>\n\n\n\n<figure class=\"wp-block-image size-large\"><img loading=\"lazy\" decoding=\"async\" width=\"1024\" height=\"791\" src=\"https:\/\/www.rengoenlanoticia.cl\/prensa\/wp-content\/uploads\/2025\/02\/Margarita-Yercic-Hospital-de-Rengo-4-1024x791.jpeg\" alt=\"\" class=\"wp-image-1446\" srcset=\"https:\/\/www.rengoenlanoticia.cl\/prensa\/wp-content\/uploads\/2025\/02\/Margarita-Yercic-Hospital-de-Rengo-4-1024x791.jpeg 1024w, https:\/\/www.rengoenlanoticia.cl\/prensa\/wp-content\/uploads\/2025\/02\/Margarita-Yercic-Hospital-de-Rengo-4-300x232.jpeg 300w, https:\/\/www.rengoenlanoticia.cl\/prensa\/wp-content\/uploads\/2025\/02\/Margarita-Yercic-Hospital-de-Rengo-4-768x593.jpeg 768w, https:\/\/www.rengoenlanoticia.cl\/prensa\/wp-content\/uploads\/2025\/02\/Margarita-Yercic-Hospital-de-Rengo-4-1536x1186.jpeg 1536w, https:\/\/www.rengoenlanoticia.cl\/prensa\/wp-content\/uploads\/2025\/02\/Margarita-Yercic-Hospital-de-Rengo-4-2048x1581.jpeg 2048w, https:\/\/www.rengoenlanoticia.cl\/prensa\/wp-content\/uploads\/2025\/02\/Margarita-Yercic-Hospital-de-Rengo-4-110x85.jpeg 110w, https:\/\/www.rengoenlanoticia.cl\/prensa\/wp-content\/uploads\/2025\/02\/Margarita-Yercic-Hospital-de-Rengo-4-200x154.jpeg 200w, https:\/\/www.rengoenlanoticia.cl\/prensa\/wp-content\/uploads\/2025\/02\/Margarita-Yercic-Hospital-de-Rengo-4-380x293.jpeg 380w, https:\/\/www.rengoenlanoticia.cl\/prensa\/wp-content\/uploads\/2025\/02\/Margarita-Yercic-Hospital-de-Rengo-4-255x197.jpeg 255w, https:\/\/www.rengoenlanoticia.cl\/prensa\/wp-content\/uploads\/2025\/02\/Margarita-Yercic-Hospital-de-Rengo-4-550x425.jpeg 550w, https:\/\/www.rengoenlanoticia.cl\/prensa\/wp-content\/uploads\/2025\/02\/Margarita-Yercic-Hospital-de-Rengo-4-800x618.jpeg 800w, https:\/\/www.rengoenlanoticia.cl\/prensa\/wp-content\/uploads\/2025\/02\/Margarita-Yercic-Hospital-de-Rengo-4-1160x896.jpeg 1160w, https:\/\/www.rengoenlanoticia.cl\/prensa\/wp-content\/uploads\/2025\/02\/Margarita-Yercic-Hospital-de-Rengo-4-scaled.jpeg 2560w\" sizes=\"auto, (max-width: 1024px) 100vw, 1024px\" \/><\/figure>\n\n\n\n<p>El director (s) del Servicio de Salud O\u2019Higgins, C\u00e9sar Sierpe Garay, se mostr\u00f3 satisfecho con la llegada de la nueva autoridad, diciendo que \u201chemos elegido a nuestra directora pensando en nuestro futuro hospital, que tiene larga experiencia en materia asistencial p\u00fablica, que es muy importante, sobre todo en estos procesos tan relevantes, pero tambi\u00e9n tiene experiencia en materia de concesiones hospitalarias: trabaj\u00f3 durante casi tres a\u00f1os como Gerente del \u00c1rea de Explotaci\u00f3n en una concesionaria de otro hospital muy importante y m\u00e1s grande que nuestro proyecto en Rengo. As\u00ed que nos deja tranquilo la llegada de Margarita a este proceso, esperando que la comunidad la apoye completamente. El a\u00f1o 2025 ser\u00e1 muy importante, con la finalizaci\u00f3n del dise\u00f1o, y confiamos en la pronta construcci\u00f3n del nuevo Hospital de Rengo\u201d.<\/p>\n\n\n\n<figure class=\"wp-block-image size-large\"><img decoding=\"async\" src=\"https:\/\/www.rengoenlanoticia.cl\/prensa\/wp-content\/uploads\/2025\/02\/Margarita-Yercic-Hospital-de-Rengo-2-1024x768.jpeg\" alt=\"\" class=\"wp-image-1447\"\/><\/figure>\n\n\n\n<p>Sobre su nombramiento, Margarita Yercic Bravo expres\u00f3 su entusiasmo por asumir el cargo indicando que \u201cestar hoy en el Hospital Ricardo Valenzuela S\u00e1ez, me hace inmensamente feliz, con muchas ganas de compartir, de conocer el establecimiento, empezar a trabajar juntos y avanzar unidos hacia el proyecto, que es el nuevo hospital. Creo que vamos a tener un lindo trabajo en conjunto con los jefes de servicios, con los gremios, con las comunidades. Estoy convencida de que, juntos, lograremos un traspaso eficiente y un buen dise\u00f1o para nuestro nuevo hospital, que sin duda representar\u00e1 una mejora significativa para la poblaci\u00f3n\u201d.<\/p>\n\n\n\n<p>Finalmente, el director saliente, Dr. Carlos Guzm\u00e1n Mill\u00e1n, se despidi\u00f3 de los funcionarios se\u00f1alando que \u201cme voy con el sentimiento de agradecimiento por este tiempo, que fue de aprendizaje, de conocer personas s\u00faper valiosas en el servicio p\u00fablico; funcionarios, jefes de servicio, los gremios que apoyaron en todo momento a esta gesti\u00f3n que tratamos de hacer lo mejor posible, con todo el cari\u00f1o que me caracteriza, en general soy m\u00e1s de piel, entonces eso se logr\u00f3 bastante bien con los funcionarios del Hospital de Rengo . Seguro que con la gran experiencia de la nueva directora que est\u00e1 asumiendo, se va a lograr un trabajo muy importante en este hospital, considerando tambi\u00e9n el gran proyecto que viene; que es el nuevo Hospital de Rengo. Ella es la persona indicada para liderar este proceso\u201d.<\/p>\n","protected":false},"excerpt":{"rendered":"\u00a0Enfermera\u00a0de la Universidad de Magallanes, Mag\u00edster en Administraci\u00f3n y Gesti\u00f3n de Instituciones de Salud, con\u00a0m\u00e1s de 30 a\u00f1os&hellip;\n","protected":false},"author":1,"featured_media":1445,"comment_status":"open","ping_status":"open","sticky":false,"template":"","format":"standard","meta":{"_monsterinsights_skip_tracking":false,"_monsterinsights_sitenote_active":false,"_monsterinsights_sitenote_note":"","_monsterinsights_sitenote_category":0,"footnotes":""},"categories":[8],"tags":[],"class_list":{"0":"post-1443","1":"post","2":"type-post","3":"status-publish","4":"format-standard","5":"has-post-thumbnail","7":"category-portada"},"aioseo_notices":[],"_links":{"self":[{"href":"https:\/\/www.rengoenlanoticia.cl\/prensa\/wp-json\/wp\/v2\/posts\/1443","targetHints":{"allow":["GET"]}}],"collection":[{"href":"https:\/\/www.rengoenlanoticia.cl\/prensa\/wp-json\/wp\/v2\/posts"}],"about":[{"href":"https:\/\/www.rengoenlanoticia.cl\/prensa\/wp-json\/wp\/v2\/types\/post"}],"author":[{"embeddable":true,"href":"https:\/\/www.rengoenlanoticia.cl\/prensa\/wp-json\/wp\/v2\/users\/1"}],"replies":[{"embeddable":true,"href":"https:\/\/www.rengoenlanoticia.cl\/prensa\/wp-json\/wp\/v2\/comments?post=1443"}],"version-history":[{"count":3,"href":"https:\/\/www.rengoenlanoticia.cl\/prensa\/wp-json\/wp\/v2\/posts\/1443\/revisions"}],"predecessor-version":[{"id":1464,"href":"https:\/\/www.rengoenlanoticia.cl\/prensa\/wp-json\/wp\/v2\/posts\/1443\/revisions\/1464"}],"wp:featuredmedia":[{"embeddable":true,"href":"https:\/\/www.rengoenlanoticia.cl\/prensa\/wp-json\/wp\/v2\/media\/1445"}],"wp:attachment":[{"href":"https:\/\/www.rengoenlanoticia.cl\/prensa\/wp-json\/wp\/v2\/media?parent=1443"}],"wp:term":[{"taxonomy":"category","embeddable":true,"href":"https:\/\/www.rengoenlanoticia.cl\/prensa\/wp-json\/wp\/v2\/categories?post=1443"},{"taxonomy":"post_tag","embeddable":true,"href":"https:\/\/www.rengoenlanoticia.cl\/prensa\/wp-json\/wp\/v2\/tags?post=1443"}],"curies":[{"name":"wp","href":"https:\/\/api.w.org\/{rel}","templated":true}]}}