{"id":1254,"date":"2025-01-23T16:56:47","date_gmt":"2025-01-23T16:56:47","guid":{"rendered":"https:\/\/www.rengoenlanoticia.cl\/prensa\/?p=1254"},"modified":"2025-01-23T16:56:49","modified_gmt":"2025-01-23T16:56:49","slug":"pdi-detiene-a-numerosa-banda-dedicada-al-microtrafico-y-fabricacion-de-armas","status":"publish","type":"post","link":"https:\/\/www.rengoenlanoticia.cl\/prensa\/2025\/01\/23\/pdi-detiene-a-numerosa-banda-dedicada-al-microtrafico-y-fabricacion-de-armas\/","title":{"rendered":"PDI detiene a numerosa banda dedicada al microtr\u00e1fico y fabricaci\u00f3n de armas"},"content":{"rendered":"\n<p>Un exitoso operativo de la Brigada de Investigaci\u00f3n Criminal, BICRIM, de San Fernando permiti\u00f3 desbaratar un taller clandestino dedicado a la fabricaci\u00f3n de armas de fuego en la comuna de San Fernando y dej\u00f3 un saldo de 16 personas detenidas y una gran incautaci\u00f3n de diversas especies, drogas, veh\u00edculos, armas y municiones. El trabajo investigativo del equipo MT0 permiti\u00f3 detectar a un grupo de sujetos que operaban en las inmediaciones de la poblaci\u00f3n Santa Elena y proximidades, comercializando diferentes tipos de droga, quienes utilizaban armas de fuego para proteger el negocio il\u00edcito, acudiendo a un armero clandestino de la misma comuna. El minucioso trabajo de campo de los detectives y la relaci\u00f3n colaborativa con la Fiscal\u00eda de Focos de O`Higgins y Fiscal\u00eda Local de San Fernando, detener a los imputados, todos chilenos, entre los que se encontraba un menor y otro que contaba con orden pendiente.<\/p>\n\n\n\n<figure class=\"wp-block-image size-large\"><img decoding=\"async\" src=\"https:\/\/www.rengoenlanoticia.cl\/prensa\/wp-content\/uploads\/2025\/01\/WhatsApp-Image-2025-01-23-at-13.19.19-1024x576.jpeg\" alt=\"\" class=\"wp-image-1255\"\/><\/figure>\n\n\n\n<p><br>En la operaci\u00f3n fueron allanados 20 inmuebles en los que se encontr\u00f3 drogas, veh\u00edculos, armas de fuego, adem\u00e1s de contundente munici\u00f3n, chalecos antibalas y elementos para la fabricaci\u00f3n de armas con la que contaba el grupo delictual.<\/p>\n\n\n\n<p><br>Asimismo, el proceso investigativo que procura prospectar escenarios criminales emergentes permiti\u00f3 incautar a la banda tambi\u00e9n m\u00e1s de 20 millones de pesos en efectivo. Por disposici\u00f3n de la Fiscal\u00eda, 12 detenidos pasaron a control de detenci\u00f3n ayer.<\/p>\n","protected":false},"excerpt":{"rendered":"Un exitoso operativo de la Brigada de Investigaci\u00f3n Criminal, BICRIM, de San Fernando permiti\u00f3 desbaratar un taller clandestino&hellip;\n","protected":false},"author":1,"featured_media":0,"comment_status":"open","ping_status":"open","sticky":false,"template":"","format":"standard","meta":{"_monsterinsights_skip_tracking":false,"_monsterinsights_sitenote_active":false,"_monsterinsights_sitenote_note":"","_monsterinsights_sitenote_category":0,"footnotes":""},"categories":[5],"tags":[],"class_list":{"0":"post-1254","1":"post","2":"type-post","3":"status-publish","4":"format-standard","6":"category-policial"},"aioseo_notices":[],"_links":{"self":[{"href":"https:\/\/www.rengoenlanoticia.cl\/prensa\/wp-json\/wp\/v2\/posts\/1254","targetHints":{"allow":["GET"]}}],"collection":[{"href":"https:\/\/www.rengoenlanoticia.cl\/prensa\/wp-json\/wp\/v2\/posts"}],"about":[{"href":"https:\/\/www.rengoenlanoticia.cl\/prensa\/wp-json\/wp\/v2\/types\/post"}],"author":[{"embeddable":true,"href":"https:\/\/www.rengoenlanoticia.cl\/prensa\/wp-json\/wp\/v2\/users\/1"}],"replies":[{"embeddable":true,"href":"https:\/\/www.rengoenlanoticia.cl\/prensa\/wp-json\/wp\/v2\/comments?post=1254"}],"version-history":[{"count":2,"href":"https:\/\/www.rengoenlanoticia.cl\/prensa\/wp-json\/wp\/v2\/posts\/1254\/revisions"}],"predecessor-version":[{"id":1258,"href":"https:\/\/www.rengoenlanoticia.cl\/prensa\/wp-json\/wp\/v2\/posts\/1254\/revisions\/1258"}],"wp:attachment":[{"href":"https:\/\/www.rengoenlanoticia.cl\/prensa\/wp-json\/wp\/v2\/media?parent=1254"}],"wp:term":[{"taxonomy":"category","embeddable":true,"href":"https:\/\/www.rengoenlanoticia.cl\/prensa\/wp-json\/wp\/v2\/categories?post=1254"},{"taxonomy":"post_tag","embeddable":true,"href":"https:\/\/www.rengoenlanoticia.cl\/prensa\/wp-json\/wp\/v2\/tags?post=1254"}],"curies":[{"name":"wp","href":"https:\/\/api.w.org\/{rel}","templated":true}]}}